{"id":101,"date":"2010-05-05T16:31:52","date_gmt":"2010-05-05T19:31:52","guid":{"rendered":"http:\/\/www.mueblesdemaderayjardin.com\/blog\/?p=101"},"modified":"2010-06-16T17:14:37","modified_gmt":"2010-06-16T20:14:37","slug":"fotos-de-decoracion","status":"publish","type":"post","link":"https:\/\/www.mueblesdemaderayjardin.com\/blog\/fotos-de-decoracion\/","title":{"rendered":"Fotos de Decoracion"},"content":{"rendered":"<p style=\"text-align: center;\">Fotos de Decoraci\u00f3ncon con Muebles<\/p>\n<p style=\"text-align: center;\">\n<figure id=\"attachment_201\" aria-describedby=\"caption-attachment-201\" style=\"width: 475px\" class=\"wp-caption aligncenter\"><a title=\"Muebles_de_Teka_en_ambiente_Feng_Shui\" href=\"https:\/\/www.mueblesdemaderayjardin.com\/blog\/wp-content\/uploads\/2010\/06\/Muebles_de_Teka_en_ambiente_Feng_Shui1.jpg\"><img loading=\"lazy\" class=\"size-full wp-image-201\" title=\"Muebles_de_Teka_en_ambiente_Feng_Shui\" src=\"https:\/\/www.mueblesdemaderayjardin.com\/blog\/wp-content\/uploads\/2010\/06\/Muebles_de_Teka_en_ambiente_Feng_Shui.jpg\" alt=\"Muebles_de_Teka_en_ambiente_Feng_Shui\" width=\"475\" height=\"318\" srcset=\"https:\/\/www.mueblesdemaderayjardin.com\/blog\/wp-content\/uploads\/2010\/06\/Muebles_de_Teka_en_ambiente_Feng_Shui.jpg 475w, https:\/\/www.mueblesdemaderayjardin.com\/blog\/wp-content\/uploads\/2010\/06\/Muebles_de_Teka_en_ambiente_Feng_Shui-300x200.jpg 300w\" sizes=\"(max-width: 475px) 100vw, 475px\" \/><\/a><figcaption id=\"caption-attachment-201\" class=\"wp-caption-text\">Muebles_de_Teka_en_ambiente_Feng_Shui<\/figcaption><\/figure>\n<p style=\"text-align: center;\">\n<p style=\"text-align: center;\">\n<figure id=\"attachment_197\" aria-describedby=\"caption-attachment-197\" style=\"width: 475px\" class=\"wp-caption aligncenter\"><a title=\"Mesa_ovalda_de_teka_para_espacio_exterior\" href=\"https:\/\/www.mueblesdemaderayjardin.com\/blog\/wp-content\/uploads\/2010\/06\/Mesa_Ovalda1.jpg\"><img loading=\"lazy\" class=\"size-full wp-image-197\" title=\"Mesa_Ovalda_de_Teka_en_espacio_exterior\" src=\"https:\/\/www.mueblesdemaderayjardin.com\/blog\/wp-content\/uploads\/2010\/06\/Mesa_Ovalda.jpg\" alt=\"Mesa_Ovalda_de_Teka_en_espacio_exterior\" width=\"475\" height=\"356\" srcset=\"https:\/\/www.mueblesdemaderayjardin.com\/blog\/wp-content\/uploads\/2010\/06\/Mesa_Ovalda.jpg 475w, https:\/\/www.mueblesdemaderayjardin.com\/blog\/wp-content\/uploads\/2010\/06\/Mesa_Ovalda-300x224.jpg 300w\" sizes=\"(max-width: 475px) 100vw, 475px\" \/><\/a><figcaption id=\"caption-attachment-197\" class=\"wp-caption-text\">Mesa_Ovalda_de_Teka_en_espacio_exterior<\/figcaption><\/figure>\n<p style=\"text-align: center;\">\n<p style=\"text-align: center;\">\n<figure id=\"attachment_199\" aria-describedby=\"caption-attachment-199\" style=\"width: 475px\" class=\"wp-caption aligncenter\"><a title=\"Mesas y Sillas\" href=\"https:\/\/www.mueblesdemaderayjardin.com\/blog\/wp-content\/uploads\/2010\/06\/Mesaysillas1.jpg\"><img loading=\"lazy\" class=\"size-full wp-image-199\" title=\"Mesaysillas\" src=\"https:\/\/www.mueblesdemaderayjardin.com\/blog\/wp-content\/uploads\/2010\/06\/Mesaysillas.jpg\" alt=\"Mesaysillas\" width=\"475\" height=\"318\" srcset=\"https:\/\/www.mueblesdemaderayjardin.com\/blog\/wp-content\/uploads\/2010\/06\/Mesaysillas.jpg 475w, https:\/\/www.mueblesdemaderayjardin.com\/blog\/wp-content\/uploads\/2010\/06\/Mesaysillas-300x200.jpg 300w\" sizes=\"(max-width: 475px) 100vw, 475px\" \/><\/a><figcaption id=\"caption-attachment-199\" class=\"wp-caption-text\">Mesaysillas<\/figcaption><\/figure>\n<p style=\"text-align: center;\">\n<figure id=\"attachment_195\" aria-describedby=\"caption-attachment-195\" style=\"width: 475px\" class=\"wp-caption aligncenter\"><a title=\"Juego_de_sillones_para_deck\" href=\"https:\/\/www.mueblesdemaderayjardin.com\/blog\/wp-content\/uploads\/2010\/06\/Juego_de_Sillones_para_deck1.jpg\"><img loading=\"lazy\" class=\"size-full wp-image-195\" title=\"Juego_de_Sillones_para_deck\" src=\"https:\/\/www.mueblesdemaderayjardin.com\/blog\/wp-content\/uploads\/2010\/06\/Juego_de_Sillones_para_deck.jpg\" alt=\"Juego_de_Sillones_para_deck\" width=\"475\" height=\"318\" srcset=\"https:\/\/www.mueblesdemaderayjardin.com\/blog\/wp-content\/uploads\/2010\/06\/Juego_de_Sillones_para_deck.jpg 475w, https:\/\/www.mueblesdemaderayjardin.com\/blog\/wp-content\/uploads\/2010\/06\/Juego_de_Sillones_para_deck-300x200.jpg 300w\" sizes=\"(max-width: 475px) 100vw, 475px\" \/><\/a><figcaption id=\"caption-attachment-195\" class=\"wp-caption-text\">Juego_de_Sillones_para_deck<\/figcaption><\/figure>\n<!-- AddThis Advanced Settings generic via filter on the_content --><!-- AddThis Share Buttons generic via filter on the_content -->","protected":false},"excerpt":{"rendered":"<p>Fotos de Decoraci\u00f3ncon con Muebles<!-- AddThis Advanced Settings generic via filter on get_the_excerpt --><!-- AddThis Share Buttons generic via filter on get_the_excerpt --><\/p>\n","protected":false},"author":1,"featured_media":0,"comment_status":"open","ping_status":"open","sticky":false,"template":"","format":"standard","meta":[],"categories":[8],"tags":[],"yoast_head":"<!-- This site is optimized with the Yoast SEO plugin v17.3 - https:\/\/yoast.com\/wordpress\/plugins\/seo\/ -->\n<title>Fotos de Decoracion - El Blog de Muebles de Madera y Jardin .COM<\/title>\n<meta name=\"robots\" content=\"index, follow, max-snippet:-1, max-image-preview:large, max-video-preview:-1\" \/>\n<link rel=\"canonical\" href=\"https:\/\/www.mueblesdemaderayjardin.com\/blog\/fotos-de-decoracion\/\" \/>\n<meta property=\"og:locale\" content=\"es_ES\" \/>\n<meta property=\"og:type\" content=\"article\" \/>\n<meta property=\"og:title\" content=\"Fotos de Decoracion - El Blog de Muebles de Madera y Jardin .COM\" \/>\n<meta property=\"og:description\" content=\"Fotos de Decoraci\u00f3ncon con Muebles\" \/>\n<meta property=\"og:url\" content=\"https:\/\/www.mueblesdemaderayjardin.com\/blog\/fotos-de-decoracion\/\" \/>\n<meta property=\"og:site_name\" content=\"El Blog de Muebles de Madera y Jardin .COM\" \/>\n<meta property=\"article:published_time\" content=\"2010-05-05T19:31:52+00:00\" \/>\n<meta property=\"article:modified_time\" content=\"2010-06-16T20:14:37+00:00\" \/>\n<meta property=\"og:image\" content=\"https:\/\/www.mueblesdemaderayjardin.com\/blog\/wp-content\/uploads\/2010\/06\/Muebles_de_Teka_en_ambiente_Feng_Shui.jpg\" \/>\n<meta name=\"twitter:label1\" content=\"Escrito por\" \/>\n\t<meta name=\"twitter:data1\" content=\"Muebles de Madera y Jardin\" \/>\n<script type=\"application\/ld+json\" class=\"yoast-schema-graph\">{\"@context\":\"https:\/\/schema.org\",\"@graph\":[{\"@type\":\"WebSite\",\"@id\":\"https:\/\/www.mueblesdemaderayjardin.com\/blog\/#website\",\"url\":\"https:\/\/www.mueblesdemaderayjardin.com\/blog\/\",\"name\":\"El Blog de Muebles de Madera y Jardin .COM\",\"description\":\"Somos una empresa dedicada a la producci\\u00f3n y comercializaci\\u00f3n de muebles de madera y jard\\u00edn\",\"potentialAction\":[{\"@type\":\"SearchAction\",\"target\":{\"@type\":\"EntryPoint\",\"urlTemplate\":\"https:\/\/www.mueblesdemaderayjardin.com\/blog\/?s={search_term_string}\"},\"query-input\":\"required name=search_term_string\"}],\"inLanguage\":\"es\"},{\"@type\":\"ImageObject\",\"@id\":\"https:\/\/www.mueblesdemaderayjardin.com\/blog\/fotos-de-decoracion\/#primaryimage\",\"inLanguage\":\"es\",\"url\":\"https:\/\/www.mueblesdemaderayjardin.com\/blog\/wp-content\/uploads\/2010\/06\/Muebles_de_Teka_en_ambiente_Feng_Shui.jpg\",\"contentUrl\":\"https:\/\/www.mueblesdemaderayjardin.com\/blog\/wp-content\/uploads\/2010\/06\/Muebles_de_Teka_en_ambiente_Feng_Shui.jpg\",\"width\":\"475\",\"height\":\"318\",\"caption\":\"Muebles_de_Teka_en_ambiente_Feng_Shui\"},{\"@type\":\"WebPage\",\"@id\":\"https:\/\/www.mueblesdemaderayjardin.com\/blog\/fotos-de-decoracion\/#webpage\",\"url\":\"https:\/\/www.mueblesdemaderayjardin.com\/blog\/fotos-de-decoracion\/\",\"name\":\"Fotos de Decoracion - El Blog de Muebles de Madera y Jardin .COM\",\"isPartOf\":{\"@id\":\"https:\/\/www.mueblesdemaderayjardin.com\/blog\/#website\"},\"primaryImageOfPage\":{\"@id\":\"https:\/\/www.mueblesdemaderayjardin.com\/blog\/fotos-de-decoracion\/#primaryimage\"},\"datePublished\":\"2010-05-05T19:31:52+00:00\",\"dateModified\":\"2010-06-16T20:14:37+00:00\",\"author\":{\"@id\":\"https:\/\/www.mueblesdemaderayjardin.com\/blog\/#\/schema\/person\/7042d027aa317c2ac6adeee38f3f8341\"},\"breadcrumb\":{\"@id\":\"https:\/\/www.mueblesdemaderayjardin.com\/blog\/fotos-de-decoracion\/#breadcrumb\"},\"inLanguage\":\"es\",\"potentialAction\":[{\"@type\":\"ReadAction\",\"target\":[\"https:\/\/www.mueblesdemaderayjardin.com\/blog\/fotos-de-decoracion\/\"]}]},{\"@type\":\"BreadcrumbList\",\"@id\":\"https:\/\/www.mueblesdemaderayjardin.com\/blog\/fotos-de-decoracion\/#breadcrumb\",\"itemListElement\":[{\"@type\":\"ListItem\",\"position\":1,\"name\":\"Portada\",\"item\":\"https:\/\/www.mueblesdemaderayjardin.com\/blog\/\"},{\"@type\":\"ListItem\",\"position\":2,\"name\":\"Fotos de Decoracion\"}]},{\"@type\":\"Person\",\"@id\":\"https:\/\/www.mueblesdemaderayjardin.com\/blog\/#\/schema\/person\/7042d027aa317c2ac6adeee38f3f8341\",\"name\":\"Muebles de Madera y Jardin\",\"description\":\"Somos una empresa dedicada a la producci\\u00f3n y comercializaci\\u00f3n de muebles de madera maciza. Procesamos generalmente especies nativas del NEA Argentino, poniendo especial foco en el proceso de corte y secado en maderas duras y semiduras. El estacionamiento madurativo antes de la confecci\\u00f3n de los muebles es esencial para que nuestros muebles de jardin, mesas de madera, sillas de madera, bancos de madera, sillones de madera, reposeras de madera, sillas fijas de madera, sillones director de madera, mesas para bar de madera, mesas auxiliares de madera, mesas ratonas de madera, muebles rusticos de madera, y otros muebles de madera maciza puedan tener la confiabilidad de uso que usted esta buscando. Mediante una buena distinci\\u00f3n de las caracter\\u00edsticas de las especies madereras, determinamos la aptitud de las maderas para adaptarse a los diferentes dise\\u00f1os de nuestros muebles fabricados.\",\"sameAs\":[\"https:\/\/www.mueblesdemaderayjardin.com\"],\"url\":\"https:\/\/www.mueblesdemaderayjardin.com\/blog\/author\/admin\/\"}]}<\/script>\n<!-- \/ Yoast SEO plugin. -->","yoast_head_json":{"title":"Fotos de Decoracion - El Blog de Muebles de Madera y Jardin .COM","robots":{"index":"index","follow":"follow","max-snippet":"max-snippet:-1","max-image-preview":"max-image-preview:large","max-video-preview":"max-video-preview:-1"},"canonical":"https:\/\/www.mueblesdemaderayjardin.com\/blog\/fotos-de-decoracion\/","og_locale":"es_ES","og_type":"article","og_title":"Fotos de Decoracion - El Blog de Muebles de Madera y Jardin .COM","og_description":"Fotos de Decoraci\u00f3ncon con Muebles","og_url":"https:\/\/www.mueblesdemaderayjardin.com\/blog\/fotos-de-decoracion\/","og_site_name":"El Blog de Muebles de Madera y Jardin .COM","article_published_time":"2010-05-05T19:31:52+00:00","article_modified_time":"2010-06-16T20:14:37+00:00","og_image":[{"url":"https:\/\/www.mueblesdemaderayjardin.com\/blog\/wp-content\/uploads\/2010\/06\/Muebles_de_Teka_en_ambiente_Feng_Shui.jpg"}],"twitter_misc":{"Escrito por":"Muebles de Madera y Jardin"},"schema":{"@context":"https:\/\/schema.org","@graph":[{"@type":"WebSite","@id":"https:\/\/www.mueblesdemaderayjardin.com\/blog\/#website","url":"https:\/\/www.mueblesdemaderayjardin.com\/blog\/","name":"El Blog de Muebles de Madera y Jardin .COM","description":"Somos una empresa dedicada a la producci\u00f3n y comercializaci\u00f3n de muebles de madera y jard\u00edn","potentialAction":[{"@type":"SearchAction","target":{"@type":"EntryPoint","urlTemplate":"https:\/\/www.mueblesdemaderayjardin.com\/blog\/?s={search_term_string}"},"query-input":"required name=search_term_string"}],"inLanguage":"es"},{"@type":"ImageObject","@id":"https:\/\/www.mueblesdemaderayjardin.com\/blog\/fotos-de-decoracion\/#primaryimage","inLanguage":"es","url":"https:\/\/www.mueblesdemaderayjardin.com\/blog\/wp-content\/uploads\/2010\/06\/Muebles_de_Teka_en_ambiente_Feng_Shui.jpg","contentUrl":"https:\/\/www.mueblesdemaderayjardin.com\/blog\/wp-content\/uploads\/2010\/06\/Muebles_de_Teka_en_ambiente_Feng_Shui.jpg","width":"475","height":"318","caption":"Muebles_de_Teka_en_ambiente_Feng_Shui"},{"@type":"WebPage","@id":"https:\/\/www.mueblesdemaderayjardin.com\/blog\/fotos-de-decoracion\/#webpage","url":"https:\/\/www.mueblesdemaderayjardin.com\/blog\/fotos-de-decoracion\/","name":"Fotos de Decoracion - El Blog de Muebles de Madera y Jardin .COM","isPartOf":{"@id":"https:\/\/www.mueblesdemaderayjardin.com\/blog\/#website"},"primaryImageOfPage":{"@id":"https:\/\/www.mueblesdemaderayjardin.com\/blog\/fotos-de-decoracion\/#primaryimage"},"datePublished":"2010-05-05T19:31:52+00:00","dateModified":"2010-06-16T20:14:37+00:00","author":{"@id":"https:\/\/www.mueblesdemaderayjardin.com\/blog\/#\/schema\/person\/7042d027aa317c2ac6adeee38f3f8341"},"breadcrumb":{"@id":"https:\/\/www.mueblesdemaderayjardin.com\/blog\/fotos-de-decoracion\/#breadcrumb"},"inLanguage":"es","potentialAction":[{"@type":"ReadAction","target":["https:\/\/www.mueblesdemaderayjardin.com\/blog\/fotos-de-decoracion\/"]}]},{"@type":"BreadcrumbList","@id":"https:\/\/www.mueblesdemaderayjardin.com\/blog\/fotos-de-decoracion\/#breadcrumb","itemListElement":[{"@type":"ListItem","position":1,"name":"Portada","item":"https:\/\/www.mueblesdemaderayjardin.com\/blog\/"},{"@type":"ListItem","position":2,"name":"Fotos de Decoracion"}]},{"@type":"Person","@id":"https:\/\/www.mueblesdemaderayjardin.com\/blog\/#\/schema\/person\/7042d027aa317c2ac6adeee38f3f8341","name":"Muebles de Madera y Jardin","description":"Somos una empresa dedicada a la producci\u00f3n y comercializaci\u00f3n de muebles de madera maciza. Procesamos generalmente especies nativas del NEA Argentino, poniendo especial foco en el proceso de corte y secado en maderas duras y semiduras. El estacionamiento madurativo antes de la confecci\u00f3n de los muebles es esencial para que nuestros muebles de jardin, mesas de madera, sillas de madera, bancos de madera, sillones de madera, reposeras de madera, sillas fijas de madera, sillones director de madera, mesas para bar de madera, mesas auxiliares de madera, mesas ratonas de madera, muebles rusticos de madera, y otros muebles de madera maciza puedan tener la confiabilidad de uso que usted esta buscando. Mediante una buena distinci\u00f3n de las caracter\u00edsticas de las especies madereras, determinamos la aptitud de las maderas para adaptarse a los diferentes dise\u00f1os de nuestros muebles fabricados.","sameAs":["https:\/\/www.mueblesdemaderayjardin.com"],"url":"https:\/\/www.mueblesdemaderayjardin.com\/blog\/author\/admin\/"}]}},"_links":{"self":[{"href":"https:\/\/www.mueblesdemaderayjardin.com\/blog\/wp-json\/wp\/v2\/posts\/101"}],"collection":[{"href":"https:\/\/www.mueblesdemaderayjardin.com\/blog\/wp-json\/wp\/v2\/posts"}],"about":[{"href":"https:\/\/www.mueblesdemaderayjardin.com\/blog\/wp-json\/wp\/v2\/types\/post"}],"author":[{"embeddable":true,"href":"https:\/\/www.mueblesdemaderayjardin.com\/blog\/wp-json\/wp\/v2\/users\/1"}],"replies":[{"embeddable":true,"href":"https:\/\/www.mueblesdemaderayjardin.com\/blog\/wp-json\/wp\/v2\/comments?post=101"}],"version-history":[{"count":6,"href":"https:\/\/www.mueblesdemaderayjardin.com\/blog\/wp-json\/wp\/v2\/posts\/101\/revisions"}],"predecessor-version":[{"id":103,"href":"https:\/\/www.mueblesdemaderayjardin.com\/blog\/wp-json\/wp\/v2\/posts\/101\/revisions\/103"}],"wp:attachment":[{"href":"https:\/\/www.mueblesdemaderayjardin.com\/blog\/wp-json\/wp\/v2\/media?parent=101"}],"wp:term":[{"taxonomy":"category","embeddable":true,"href":"https:\/\/www.mueblesdemaderayjardin.com\/blog\/wp-json\/wp\/v2\/categories?post=101"},{"taxonomy":"post_tag","embeddable":true,"href":"https:\/\/www.mueblesdemaderayjardin.com\/blog\/wp-json\/wp\/v2\/tags?post=101"}],"curies":[{"name":"wp","href":"https:\/\/api.w.org\/{rel}","templated":true}]}}