{"id":1524,"date":"2013-08-06T07:58:38","date_gmt":"2013-08-06T10:58:38","guid":{"rendered":"http:\/\/www.mueblesdemaderayjardin.com\/blog\/?p=1524"},"modified":"2013-08-07T17:26:57","modified_gmt":"2013-08-07T20:26:57","slug":"mesas-extensibles-para-galerias","status":"publish","type":"post","link":"https:\/\/www.mueblesdemaderayjardin.com\/blog\/mesas-extensibles-para-galerias\/","title":{"rendered":"Mesas extensibles para Galerias"},"content":{"rendered":"<p style=\"text-align: justify;\">Como fabricantes de mesas extensibles para galerias hemos desarrollado distintos productos para complacer la demanda de nuestros clientes, cuando no solamente los aspectos exteriores como la terminaci\u00f3n y la calidad de las maderas seleccionadas, lo cual hacemos en todos nuestros muebles de madera y nuestros <a title=\"Muebles de Exterior\" href=\"https:\/\/www.mueblesdemaderayjardin.com\/\">muebles de exterior<\/a> o muebles de jard\u00edn, sino que adem\u00e1s pensamos cuidadosamente en el mecanismo que har\u00e1 que su mesa extensible cumpla sus funciones sin demandar un trabajo tit\u00e1nico para el armado, como suele pasar con algunas mesas de este tipo.<\/p>\n<p style=\"text-align: justify;\">Pensamos en desarrollar un producto que adem\u00e1s de jerarquizar los espacios con su nobleza y belleza, resultado de una cuidada terminaci\u00f3n, sea f\u00e1cil de manipular y no demande esfuerzos desmedidos.<\/p>\n<h2 style=\"text-align: center;\"><a title=\"Mesas extensibles para galer\u00edas\" href=\"https:\/\/www.mueblesdemaderayjardin.com\/blog\/wp-content\/uploads\/2013\/07\/mesa-extensible-para-galeria.jpg\" rel=\"lightbox[jueratt_50|jueratt_50]\"><img loading=\"lazy\" class=\"wp-image-1370 aligncenter\" title=\"Mesa Extensible de madera Para Galeria\" src=\"https:\/\/www.mueblesdemaderayjardin.com\/blog\/wp-content\/uploads\/2013\/07\/mesa-extensible-para-galeria.jpg\" alt=\"Mesas Extensibles para Galer\u00edas\" width=\"515\" height=\"343\" srcset=\"https:\/\/www.mueblesdemaderayjardin.com\/blog\/wp-content\/uploads\/2013\/07\/mesa-extensible-para-galeria.jpg 540w, https:\/\/www.mueblesdemaderayjardin.com\/blog\/wp-content\/uploads\/2013\/07\/mesa-extensible-para-galeria-300x200.jpg 300w\" sizes=\"(max-width: 515px) 100vw, 515px\" \/><\/a>Mesas Extensibles para Galerias<\/h2>\n<p style=\"text-align: justify;\">Para ello hemos trabajado en el dise\u00f1o de nuestras mesas extensibles para galerias de madera, para aportar a nuestros clientes soluciones ya sea a los problemas de espacio o al tama\u00f1o de la reuniones que gustan realizar.<\/p>\n<p style=\"text-align: justify;\">Nuestra materia prima seleccionada y la excelente calidad de los productos que utilizamos en las distintas etapas del proceso de producci\u00f3n de nuestras mesas extensibles para galeria forman parte de la exigencia que nos planteamos al momento de desarrollar este tipo de producto.<\/p>\n<p style=\"text-align: justify;\">Con ingenio y detalles de construcci\u00f3n de alt\u00edsima calidad, buscamos que nuestras mesas extensibles tengan la durabilidad y prestancia del primer d\u00eda con el correr de los a\u00f1os.<\/p>\n<p style=\"text-align: justify;\">Para ello resulta clave la utilizaci\u00f3n de maderas estacionadas, que no se deformen con el tiempo. Contamos con distintos modelos de sillas y mesas extensibles para galerias y sus tama\u00f1os pueden variar de ocho hasta veinte comensales.<\/p>\n<p style=\"text-align: justify;\">Belleza, perfecci\u00f3n y simpleza es lo que pretendemos de nuestras sillas y <a title=\"Mesas Extensibles\" href=\"https:\/\/www.mueblesdemaderayjardin.com\/mesas\/mesas-extensibles.html\">mesas extensibles de madera<\/a>. La conformidad y la recomendaci\u00f3n de nuestros clientes son nuestra mejor publicidad.<\/p>\n<!-- AddThis Advanced Settings generic via filter on the_content --><!-- AddThis Share Buttons generic via filter on the_content -->","protected":false},"excerpt":{"rendered":"<p>Como fabricantes de mesas extensibles para galerias hemos desarrollado distintos productos para complacer la demanda de nuestros clientes, cuando no solamente los aspectos exteriores como la terminaci\u00f3n y la calidad de las maderas seleccionadas, lo cual hacemos en todos nuestros muebles de madera y nuestros muebles de exterior o muebles de jard\u00edn, sino que adem\u00e1s [&hellip;]<!-- AddThis Advanced Settings generic via filter on get_the_excerpt --><!-- AddThis Share Buttons generic via filter on get_the_excerpt --><\/p>\n","protected":false},"author":1,"featured_media":1370,"comment_status":"open","ping_status":"closed","sticky":false,"template":"","format":"standard","meta":[],"categories":[53],"tags":[],"yoast_head":"<!-- This site is optimized with the Yoast SEO plugin v17.3 - https:\/\/yoast.com\/wordpress\/plugins\/seo\/ -->\n<title>Mesas extensibles para Galerias - El Blog de Muebles de Madera y Jardin .COM<\/title>\n<meta name=\"description\" content=\"Como fabricantes de mesas extensibles para galerias hemos desarrollado distintos productos para complacer la demanda de nuestros clientes. Mesas de Galerias\" \/>\n<meta name=\"robots\" content=\"index, follow, max-snippet:-1, max-image-preview:large, max-video-preview:-1\" \/>\n<link rel=\"canonical\" href=\"https:\/\/www.mueblesdemaderayjardin.com\/blog\/mesas-extensibles-para-galerias\/\" \/>\n<meta property=\"og:locale\" content=\"es_ES\" \/>\n<meta property=\"og:type\" content=\"article\" \/>\n<meta property=\"og:title\" content=\"Mesas extensibles para Galerias - El Blog de Muebles de Madera y Jardin .COM\" \/>\n<meta property=\"og:description\" content=\"Como fabricantes de mesas extensibles para galerias hemos desarrollado distintos productos para complacer la demanda de nuestros clientes. Mesas de Galerias\" \/>\n<meta property=\"og:url\" content=\"https:\/\/www.mueblesdemaderayjardin.com\/blog\/mesas-extensibles-para-galerias\/\" \/>\n<meta property=\"og:site_name\" content=\"El Blog de Muebles de Madera y Jardin .COM\" \/>\n<meta property=\"article:published_time\" content=\"2013-08-06T10:58:38+00:00\" \/>\n<meta property=\"article:modified_time\" content=\"2013-08-07T20:26:57+00:00\" \/>\n<meta property=\"og:image\" content=\"https:\/\/www.mueblesdemaderayjardin.com\/blog\/wp-content\/uploads\/2013\/07\/mesa-extensible-para-galeria.jpg\" \/>\n\t<meta property=\"og:image:width\" content=\"540\" \/>\n\t<meta property=\"og:image:height\" content=\"360\" \/>\n<meta name=\"twitter:label1\" content=\"Escrito por\" \/>\n\t<meta name=\"twitter:data1\" content=\"Muebles de Madera y Jardin\" \/>\n\t<meta name=\"twitter:label2\" content=\"Tiempo de lectura\" \/>\n\t<meta name=\"twitter:data2\" content=\"2 minutos\" \/>\n<script type=\"application\/ld+json\" class=\"yoast-schema-graph\">{\"@context\":\"https:\/\/schema.org\",\"@graph\":[{\"@type\":\"WebSite\",\"@id\":\"https:\/\/www.mueblesdemaderayjardin.com\/blog\/#website\",\"url\":\"https:\/\/www.mueblesdemaderayjardin.com\/blog\/\",\"name\":\"El Blog de Muebles de Madera y Jardin .COM\",\"description\":\"Somos una empresa dedicada a la producci\\u00f3n y comercializaci\\u00f3n de muebles de madera y jard\\u00edn\",\"potentialAction\":[{\"@type\":\"SearchAction\",\"target\":{\"@type\":\"EntryPoint\",\"urlTemplate\":\"https:\/\/www.mueblesdemaderayjardin.com\/blog\/?s={search_term_string}\"},\"query-input\":\"required name=search_term_string\"}],\"inLanguage\":\"es\"},{\"@type\":\"ImageObject\",\"@id\":\"https:\/\/www.mueblesdemaderayjardin.com\/blog\/mesas-extensibles-para-galerias\/#primaryimage\",\"inLanguage\":\"es\",\"url\":\"https:\/\/www.mueblesdemaderayjardin.com\/blog\/wp-content\/uploads\/2013\/07\/mesa-extensible-para-galeria.jpg\",\"contentUrl\":\"https:\/\/www.mueblesdemaderayjardin.com\/blog\/wp-content\/uploads\/2013\/07\/mesa-extensible-para-galeria.jpg\",\"width\":\"540\",\"height\":\"360\"},{\"@type\":\"WebPage\",\"@id\":\"https:\/\/www.mueblesdemaderayjardin.com\/blog\/mesas-extensibles-para-galerias\/#webpage\",\"url\":\"https:\/\/www.mueblesdemaderayjardin.com\/blog\/mesas-extensibles-para-galerias\/\",\"name\":\"Mesas extensibles para Galerias - El Blog de Muebles de Madera y Jardin .COM\",\"isPartOf\":{\"@id\":\"https:\/\/www.mueblesdemaderayjardin.com\/blog\/#website\"},\"primaryImageOfPage\":{\"@id\":\"https:\/\/www.mueblesdemaderayjardin.com\/blog\/mesas-extensibles-para-galerias\/#primaryimage\"},\"datePublished\":\"2013-08-06T10:58:38+00:00\",\"dateModified\":\"2013-08-07T20:26:57+00:00\",\"author\":{\"@id\":\"https:\/\/www.mueblesdemaderayjardin.com\/blog\/#\/schema\/person\/7042d027aa317c2ac6adeee38f3f8341\"},\"description\":\"Como fabricantes de mesas extensibles para galerias hemos desarrollado distintos productos para complacer la demanda de nuestros clientes. Mesas de Galerias\",\"breadcrumb\":{\"@id\":\"https:\/\/www.mueblesdemaderayjardin.com\/blog\/mesas-extensibles-para-galerias\/#breadcrumb\"},\"inLanguage\":\"es\",\"potentialAction\":[{\"@type\":\"ReadAction\",\"target\":[\"https:\/\/www.mueblesdemaderayjardin.com\/blog\/mesas-extensibles-para-galerias\/\"]}]},{\"@type\":\"BreadcrumbList\",\"@id\":\"https:\/\/www.mueblesdemaderayjardin.com\/blog\/mesas-extensibles-para-galerias\/#breadcrumb\",\"itemListElement\":[{\"@type\":\"ListItem\",\"position\":1,\"name\":\"Portada\",\"item\":\"https:\/\/www.mueblesdemaderayjardin.com\/blog\/\"},{\"@type\":\"ListItem\",\"position\":2,\"name\":\"Mesas extensibles para Galerias\"}]},{\"@type\":\"Person\",\"@id\":\"https:\/\/www.mueblesdemaderayjardin.com\/blog\/#\/schema\/person\/7042d027aa317c2ac6adeee38f3f8341\",\"name\":\"Muebles de Madera y Jardin\",\"description\":\"Somos una empresa dedicada a la producci\\u00f3n y comercializaci\\u00f3n de muebles de madera maciza. Procesamos generalmente especies nativas del NEA Argentino, poniendo especial foco en el proceso de corte y secado en maderas duras y semiduras. El estacionamiento madurativo antes de la confecci\\u00f3n de los muebles es esencial para que nuestros muebles de jardin, mesas de madera, sillas de madera, bancos de madera, sillones de madera, reposeras de madera, sillas fijas de madera, sillones director de madera, mesas para bar de madera, mesas auxiliares de madera, mesas ratonas de madera, muebles rusticos de madera, y otros muebles de madera maciza puedan tener la confiabilidad de uso que usted esta buscando. Mediante una buena distinci\\u00f3n de las caracter\\u00edsticas de las especies madereras, determinamos la aptitud de las maderas para adaptarse a los diferentes dise\\u00f1os de nuestros muebles fabricados.\",\"sameAs\":[\"https:\/\/www.mueblesdemaderayjardin.com\"],\"url\":\"https:\/\/www.mueblesdemaderayjardin.com\/blog\/author\/admin\/\"}]}<\/script>\n<!-- \/ Yoast SEO plugin. -->","yoast_head_json":{"title":"Mesas extensibles para Galerias - El Blog de Muebles de Madera y Jardin .COM","description":"Como fabricantes de mesas extensibles para galerias hemos desarrollado distintos productos para complacer la demanda de nuestros clientes. Mesas de Galerias","robots":{"index":"index","follow":"follow","max-snippet":"max-snippet:-1","max-image-preview":"max-image-preview:large","max-video-preview":"max-video-preview:-1"},"canonical":"https:\/\/www.mueblesdemaderayjardin.com\/blog\/mesas-extensibles-para-galerias\/","og_locale":"es_ES","og_type":"article","og_title":"Mesas extensibles para Galerias - El Blog de Muebles de Madera y Jardin .COM","og_description":"Como fabricantes de mesas extensibles para galerias hemos desarrollado distintos productos para complacer la demanda de nuestros clientes. Mesas de Galerias","og_url":"https:\/\/www.mueblesdemaderayjardin.com\/blog\/mesas-extensibles-para-galerias\/","og_site_name":"El Blog de Muebles de Madera y Jardin .COM","article_published_time":"2013-08-06T10:58:38+00:00","article_modified_time":"2013-08-07T20:26:57+00:00","og_image":[{"width":"540","height":"360","url":"https:\/\/www.mueblesdemaderayjardin.com\/blog\/wp-content\/uploads\/2013\/07\/mesa-extensible-para-galeria.jpg","type":"image\/jpeg"}],"twitter_misc":{"Escrito por":"Muebles de Madera y Jardin","Tiempo de lectura":"2 minutos"},"schema":{"@context":"https:\/\/schema.org","@graph":[{"@type":"WebSite","@id":"https:\/\/www.mueblesdemaderayjardin.com\/blog\/#website","url":"https:\/\/www.mueblesdemaderayjardin.com\/blog\/","name":"El Blog de Muebles de Madera y Jardin .COM","description":"Somos una empresa dedicada a la producci\u00f3n y comercializaci\u00f3n de muebles de madera y jard\u00edn","potentialAction":[{"@type":"SearchAction","target":{"@type":"EntryPoint","urlTemplate":"https:\/\/www.mueblesdemaderayjardin.com\/blog\/?s={search_term_string}"},"query-input":"required name=search_term_string"}],"inLanguage":"es"},{"@type":"ImageObject","@id":"https:\/\/www.mueblesdemaderayjardin.com\/blog\/mesas-extensibles-para-galerias\/#primaryimage","inLanguage":"es","url":"https:\/\/www.mueblesdemaderayjardin.com\/blog\/wp-content\/uploads\/2013\/07\/mesa-extensible-para-galeria.jpg","contentUrl":"https:\/\/www.mueblesdemaderayjardin.com\/blog\/wp-content\/uploads\/2013\/07\/mesa-extensible-para-galeria.jpg","width":"540","height":"360"},{"@type":"WebPage","@id":"https:\/\/www.mueblesdemaderayjardin.com\/blog\/mesas-extensibles-para-galerias\/#webpage","url":"https:\/\/www.mueblesdemaderayjardin.com\/blog\/mesas-extensibles-para-galerias\/","name":"Mesas extensibles para Galerias - El Blog de Muebles de Madera y Jardin .COM","isPartOf":{"@id":"https:\/\/www.mueblesdemaderayjardin.com\/blog\/#website"},"primaryImageOfPage":{"@id":"https:\/\/www.mueblesdemaderayjardin.com\/blog\/mesas-extensibles-para-galerias\/#primaryimage"},"datePublished":"2013-08-06T10:58:38+00:00","dateModified":"2013-08-07T20:26:57+00:00","author":{"@id":"https:\/\/www.mueblesdemaderayjardin.com\/blog\/#\/schema\/person\/7042d027aa317c2ac6adeee38f3f8341"},"description":"Como fabricantes de mesas extensibles para galerias hemos desarrollado distintos productos para complacer la demanda de nuestros clientes. Mesas de Galerias","breadcrumb":{"@id":"https:\/\/www.mueblesdemaderayjardin.com\/blog\/mesas-extensibles-para-galerias\/#breadcrumb"},"inLanguage":"es","potentialAction":[{"@type":"ReadAction","target":["https:\/\/www.mueblesdemaderayjardin.com\/blog\/mesas-extensibles-para-galerias\/"]}]},{"@type":"BreadcrumbList","@id":"https:\/\/www.mueblesdemaderayjardin.com\/blog\/mesas-extensibles-para-galerias\/#breadcrumb","itemListElement":[{"@type":"ListItem","position":1,"name":"Portada","item":"https:\/\/www.mueblesdemaderayjardin.com\/blog\/"},{"@type":"ListItem","position":2,"name":"Mesas extensibles para Galerias"}]},{"@type":"Person","@id":"https:\/\/www.mueblesdemaderayjardin.com\/blog\/#\/schema\/person\/7042d027aa317c2ac6adeee38f3f8341","name":"Muebles de Madera y Jardin","description":"Somos una empresa dedicada a la producci\u00f3n y comercializaci\u00f3n de muebles de madera maciza. Procesamos generalmente especies nativas del NEA Argentino, poniendo especial foco en el proceso de corte y secado en maderas duras y semiduras. El estacionamiento madurativo antes de la confecci\u00f3n de los muebles es esencial para que nuestros muebles de jardin, mesas de madera, sillas de madera, bancos de madera, sillones de madera, reposeras de madera, sillas fijas de madera, sillones director de madera, mesas para bar de madera, mesas auxiliares de madera, mesas ratonas de madera, muebles rusticos de madera, y otros muebles de madera maciza puedan tener la confiabilidad de uso que usted esta buscando. Mediante una buena distinci\u00f3n de las caracter\u00edsticas de las especies madereras, determinamos la aptitud de las maderas para adaptarse a los diferentes dise\u00f1os de nuestros muebles fabricados.","sameAs":["https:\/\/www.mueblesdemaderayjardin.com"],"url":"https:\/\/www.mueblesdemaderayjardin.com\/blog\/author\/admin\/"}]}},"_links":{"self":[{"href":"https:\/\/www.mueblesdemaderayjardin.com\/blog\/wp-json\/wp\/v2\/posts\/1524"}],"collection":[{"href":"https:\/\/www.mueblesdemaderayjardin.com\/blog\/wp-json\/wp\/v2\/posts"}],"about":[{"href":"https:\/\/www.mueblesdemaderayjardin.com\/blog\/wp-json\/wp\/v2\/types\/post"}],"author":[{"embeddable":true,"href":"https:\/\/www.mueblesdemaderayjardin.com\/blog\/wp-json\/wp\/v2\/users\/1"}],"replies":[{"embeddable":true,"href":"https:\/\/www.mueblesdemaderayjardin.com\/blog\/wp-json\/wp\/v2\/comments?post=1524"}],"version-history":[{"count":6,"href":"https:\/\/www.mueblesdemaderayjardin.com\/blog\/wp-json\/wp\/v2\/posts\/1524\/revisions"}],"predecessor-version":[{"id":1569,"href":"https:\/\/www.mueblesdemaderayjardin.com\/blog\/wp-json\/wp\/v2\/posts\/1524\/revisions\/1569"}],"wp:featuredmedia":[{"embeddable":true,"href":"https:\/\/www.mueblesdemaderayjardin.com\/blog\/wp-json\/wp\/v2\/media\/1370"}],"wp:attachment":[{"href":"https:\/\/www.mueblesdemaderayjardin.com\/blog\/wp-json\/wp\/v2\/media?parent=1524"}],"wp:term":[{"taxonomy":"category","embeddable":true,"href":"https:\/\/www.mueblesdemaderayjardin.com\/blog\/wp-json\/wp\/v2\/categories?post=1524"},{"taxonomy":"post_tag","embeddable":true,"href":"https:\/\/www.mueblesdemaderayjardin.com\/blog\/wp-json\/wp\/v2\/tags?post=1524"}],"curies":[{"name":"wp","href":"https:\/\/api.w.org\/{rel}","templated":true}]}}