{"id":1537,"date":"2013-08-06T08:34:49","date_gmt":"2013-08-06T11:34:49","guid":{"rendered":"http:\/\/www.mueblesdemaderayjardin.com\/blog\/?p=1537"},"modified":"2013-08-08T15:04:47","modified_gmt":"2013-08-08T18:04:47","slug":"mesas-extensibles-para-jardin","status":"publish","type":"post","link":"https:\/\/www.mueblesdemaderayjardin.com\/blog\/mesas-extensibles-para-jardin\/","title":{"rendered":"Mesas Extensibles para Jardin"},"content":{"rendered":"<p style=\"text-align: justify;\">Las mesas extensibles para jardin, as\u00ed como las mesas extensibles de incienso, han sido pensadas y dise\u00f1adas para abastecer la demanda de espacio en la mesa cuando la reuni\u00f3n familiar o de amigos lo demande.<\/p>\n<p style=\"text-align: justify;\">Como en todos nuestros muebles de jard\u00edn o muebles de exterior, hemos desarrollado modelos que a la belleza natural de la madera le agreguen un dise\u00f1o de avanzada y de \u00e1gil manipulaci\u00f3n, para evitar los recurrentes problemas de armado y despliegue que suelen tener este tipo de mesas.<\/p>\n<h2 style=\"text-align: center;\"><a title=\"Mesas extensibles para jardin\" href=\"https:\/\/www.mueblesdemaderayjardin.com\/blog\/wp-content\/uploads\/2013\/07\/mesa-extensible-para-jardin.jpg\" rel=\"lightbox[jueratt_50|jueratt_50]\"><img loading=\"lazy\" class=\"wp-image-1371 aligncenter\" title=\"Mesas Extensibles para Jardin en Madera\" src=\"https:\/\/www.mueblesdemaderayjardin.com\/blog\/wp-content\/uploads\/2013\/07\/mesa-extensible-para-jardin.jpg\" alt=\"Mesas extensibles para jardin\" width=\"491\" height=\"328\" srcset=\"https:\/\/www.mueblesdemaderayjardin.com\/blog\/wp-content\/uploads\/2013\/07\/mesa-extensible-para-jardin.jpg 540w, https:\/\/www.mueblesdemaderayjardin.com\/blog\/wp-content\/uploads\/2013\/07\/mesa-extensible-para-jardin-300x200.jpg 300w\" sizes=\"(max-width: 491px) 100vw, 491px\" \/><\/a>Mesas Extensibles para Jardin<\/h2>\n<p style=\"text-align: justify;\">Para establecer en nuestros productos esta armon\u00eda, hemos optado por trabajar con maderas duras y bien estacionadas, porque esto resulta clave para evitar la deformaci\u00f3n de la madera, lo que le permitir\u00e1 a la madera trabajar en perfectas condiciones durante much\u00edsimos a\u00f1os.<\/p>\n<p style=\"text-align: justify;\">Una robusta <a title=\"mesa extensible\" href=\"https:\/\/www.mueblesdemaderayjardin.com\/mesas\/mesas-extensibles.html\">mesa extensible<\/a> para jardin se convierte en una buena inversi\u00f3n cuando nos aporta soluciones y no problemas, para ello le agregamos al trabajo de selecci\u00f3n de la materia prima un cuidadoso armado, utilizando productos de primera l\u00ednea, y una terminaci\u00f3n prolija con lustre a la laca, que le dar\u00e1 a su mesa extensible para jardin la protecci\u00f3n necesaria para contrarrestar los efectos del sol, el viento y la lluvia propias de la intemperie.<\/p>\n<p style=\"text-align: justify;\">Como no todos nuestros clientes tienen la misma necesidad en cuanto al tama\u00f1o de su mesa extensible para jardin, hemos desarrollo diferentes alternativas y modelos de mesas extensibles: mesas extensibles para cocina, mesas extensibles modernas, construidas en maderas nobles como son el incienso, la teka, el cedro y el lapacho. Nos importa mucho la conformidad de nuestros clientes y por tal motivo como fabricantes de <a title=\"Muebles de Jardin\" href=\"https:\/\/www.mueblesdemaderayjardin.com\">muebles de jardin<\/a> en madera cuidamos los m\u00e1s peque\u00f1os detalles.<\/p>\n<p style=\"text-align: justify;\">Un bello mueble atraer\u00e1 la atenci\u00f3n de sus amistades, por eso para nosotros un cliente satisfecho es tambi\u00e9n un nuevo cliente y nuestra mejor publicidad.<\/p>\n<!-- AddThis Advanced Settings generic via filter on the_content --><!-- AddThis Share Buttons generic via filter on the_content -->","protected":false},"excerpt":{"rendered":"<p>Las mesas extensibles para jardin, as\u00ed como las mesas extensibles de incienso, han sido pensadas y dise\u00f1adas para abastecer la demanda de espacio en la mesa cuando la reuni\u00f3n familiar o de amigos lo demande. Como en todos nuestros muebles de jard\u00edn o muebles de exterior, hemos desarrollado modelos que a la belleza natural de [&hellip;]<!-- AddThis Advanced Settings generic via filter on get_the_excerpt --><!-- AddThis Share Buttons generic via filter on get_the_excerpt --><\/p>\n","protected":false},"author":1,"featured_media":1371,"comment_status":"open","ping_status":"closed","sticky":false,"template":"","format":"standard","meta":[],"categories":[36],"tags":[],"yoast_head":"<!-- This site is optimized with the Yoast SEO plugin v17.3 - https:\/\/yoast.com\/wordpress\/plugins\/seo\/ -->\n<title>Mesas Extensibles para Jardin - El Blog de Muebles de Madera y Jardin .COM<\/title>\n<meta name=\"description\" content=\"Las mesas extensibles para jardin, as\u00ed como las mesas extensibles de incienso, han sido pensadas y dise\u00f1adas para abastecer la demanda de espacio en la mesa\" \/>\n<meta name=\"robots\" content=\"index, follow, max-snippet:-1, max-image-preview:large, max-video-preview:-1\" \/>\n<link rel=\"canonical\" href=\"https:\/\/www.mueblesdemaderayjardin.com\/blog\/mesas-extensibles-para-jardin\/\" \/>\n<meta property=\"og:locale\" content=\"es_ES\" \/>\n<meta property=\"og:type\" content=\"article\" \/>\n<meta property=\"og:title\" content=\"Mesas Extensibles para Jardin - El Blog de Muebles de Madera y Jardin .COM\" \/>\n<meta property=\"og:description\" content=\"Las mesas extensibles para jardin, as\u00ed como las mesas extensibles de incienso, han sido pensadas y dise\u00f1adas para abastecer la demanda de espacio en la mesa\" \/>\n<meta property=\"og:url\" content=\"https:\/\/www.mueblesdemaderayjardin.com\/blog\/mesas-extensibles-para-jardin\/\" \/>\n<meta property=\"og:site_name\" content=\"El Blog de Muebles de Madera y Jardin .COM\" \/>\n<meta property=\"article:published_time\" content=\"2013-08-06T11:34:49+00:00\" \/>\n<meta property=\"article:modified_time\" content=\"2013-08-08T18:04:47+00:00\" \/>\n<meta property=\"og:image\" content=\"https:\/\/www.mueblesdemaderayjardin.com\/blog\/wp-content\/uploads\/2013\/07\/mesa-extensible-para-jardin.jpg\" \/>\n\t<meta property=\"og:image:width\" content=\"540\" \/>\n\t<meta property=\"og:image:height\" content=\"360\" \/>\n<meta name=\"twitter:label1\" content=\"Escrito por\" \/>\n\t<meta name=\"twitter:data1\" content=\"Muebles de Madera y Jardin\" \/>\n\t<meta name=\"twitter:label2\" content=\"Tiempo de lectura\" \/>\n\t<meta name=\"twitter:data2\" content=\"2 minutos\" \/>\n<script type=\"application\/ld+json\" class=\"yoast-schema-graph\">{\"@context\":\"https:\/\/schema.org\",\"@graph\":[{\"@type\":\"WebSite\",\"@id\":\"https:\/\/www.mueblesdemaderayjardin.com\/blog\/#website\",\"url\":\"https:\/\/www.mueblesdemaderayjardin.com\/blog\/\",\"name\":\"El Blog de Muebles de Madera y Jardin .COM\",\"description\":\"Somos una empresa dedicada a la producci\\u00f3n y comercializaci\\u00f3n de muebles de madera y jard\\u00edn\",\"potentialAction\":[{\"@type\":\"SearchAction\",\"target\":{\"@type\":\"EntryPoint\",\"urlTemplate\":\"https:\/\/www.mueblesdemaderayjardin.com\/blog\/?s={search_term_string}\"},\"query-input\":\"required name=search_term_string\"}],\"inLanguage\":\"es\"},{\"@type\":\"ImageObject\",\"@id\":\"https:\/\/www.mueblesdemaderayjardin.com\/blog\/mesas-extensibles-para-jardin\/#primaryimage\",\"inLanguage\":\"es\",\"url\":\"https:\/\/www.mueblesdemaderayjardin.com\/blog\/wp-content\/uploads\/2013\/07\/mesa-extensible-para-jardin.jpg\",\"contentUrl\":\"https:\/\/www.mueblesdemaderayjardin.com\/blog\/wp-content\/uploads\/2013\/07\/mesa-extensible-para-jardin.jpg\",\"width\":\"540\",\"height\":\"360\"},{\"@type\":\"WebPage\",\"@id\":\"https:\/\/www.mueblesdemaderayjardin.com\/blog\/mesas-extensibles-para-jardin\/#webpage\",\"url\":\"https:\/\/www.mueblesdemaderayjardin.com\/blog\/mesas-extensibles-para-jardin\/\",\"name\":\"Mesas Extensibles para Jardin - El Blog de Muebles de Madera y Jardin .COM\",\"isPartOf\":{\"@id\":\"https:\/\/www.mueblesdemaderayjardin.com\/blog\/#website\"},\"primaryImageOfPage\":{\"@id\":\"https:\/\/www.mueblesdemaderayjardin.com\/blog\/mesas-extensibles-para-jardin\/#primaryimage\"},\"datePublished\":\"2013-08-06T11:34:49+00:00\",\"dateModified\":\"2013-08-08T18:04:47+00:00\",\"author\":{\"@id\":\"https:\/\/www.mueblesdemaderayjardin.com\/blog\/#\/schema\/person\/7042d027aa317c2ac6adeee38f3f8341\"},\"description\":\"Las mesas extensibles para jardin, as\\u00ed como las mesas extensibles de incienso, han sido pensadas y dise\\u00f1adas para abastecer la demanda de espacio en la mesa\",\"breadcrumb\":{\"@id\":\"https:\/\/www.mueblesdemaderayjardin.com\/blog\/mesas-extensibles-para-jardin\/#breadcrumb\"},\"inLanguage\":\"es\",\"potentialAction\":[{\"@type\":\"ReadAction\",\"target\":[\"https:\/\/www.mueblesdemaderayjardin.com\/blog\/mesas-extensibles-para-jardin\/\"]}]},{\"@type\":\"BreadcrumbList\",\"@id\":\"https:\/\/www.mueblesdemaderayjardin.com\/blog\/mesas-extensibles-para-jardin\/#breadcrumb\",\"itemListElement\":[{\"@type\":\"ListItem\",\"position\":1,\"name\":\"Portada\",\"item\":\"https:\/\/www.mueblesdemaderayjardin.com\/blog\/\"},{\"@type\":\"ListItem\",\"position\":2,\"name\":\"Mesas Extensibles para Jardin\"}]},{\"@type\":\"Person\",\"@id\":\"https:\/\/www.mueblesdemaderayjardin.com\/blog\/#\/schema\/person\/7042d027aa317c2ac6adeee38f3f8341\",\"name\":\"Muebles de Madera y Jardin\",\"description\":\"Somos una empresa dedicada a la producci\\u00f3n y comercializaci\\u00f3n de muebles de madera maciza. Procesamos generalmente especies nativas del NEA Argentino, poniendo especial foco en el proceso de corte y secado en maderas duras y semiduras. El estacionamiento madurativo antes de la confecci\\u00f3n de los muebles es esencial para que nuestros muebles de jardin, mesas de madera, sillas de madera, bancos de madera, sillones de madera, reposeras de madera, sillas fijas de madera, sillones director de madera, mesas para bar de madera, mesas auxiliares de madera, mesas ratonas de madera, muebles rusticos de madera, y otros muebles de madera maciza puedan tener la confiabilidad de uso que usted esta buscando. Mediante una buena distinci\\u00f3n de las caracter\\u00edsticas de las especies madereras, determinamos la aptitud de las maderas para adaptarse a los diferentes dise\\u00f1os de nuestros muebles fabricados.\",\"sameAs\":[\"https:\/\/www.mueblesdemaderayjardin.com\"],\"url\":\"https:\/\/www.mueblesdemaderayjardin.com\/blog\/author\/admin\/\"}]}<\/script>\n<!-- \/ Yoast SEO plugin. -->","yoast_head_json":{"title":"Mesas Extensibles para Jardin - El Blog de Muebles de Madera y Jardin .COM","description":"Las mesas extensibles para jardin, as\u00ed como las mesas extensibles de incienso, han sido pensadas y dise\u00f1adas para abastecer la demanda de espacio en la mesa","robots":{"index":"index","follow":"follow","max-snippet":"max-snippet:-1","max-image-preview":"max-image-preview:large","max-video-preview":"max-video-preview:-1"},"canonical":"https:\/\/www.mueblesdemaderayjardin.com\/blog\/mesas-extensibles-para-jardin\/","og_locale":"es_ES","og_type":"article","og_title":"Mesas Extensibles para Jardin - El Blog de Muebles de Madera y Jardin .COM","og_description":"Las mesas extensibles para jardin, as\u00ed como las mesas extensibles de incienso, han sido pensadas y dise\u00f1adas para abastecer la demanda de espacio en la mesa","og_url":"https:\/\/www.mueblesdemaderayjardin.com\/blog\/mesas-extensibles-para-jardin\/","og_site_name":"El Blog de Muebles de Madera y Jardin .COM","article_published_time":"2013-08-06T11:34:49+00:00","article_modified_time":"2013-08-08T18:04:47+00:00","og_image":[{"width":"540","height":"360","url":"https:\/\/www.mueblesdemaderayjardin.com\/blog\/wp-content\/uploads\/2013\/07\/mesa-extensible-para-jardin.jpg","type":"image\/jpeg"}],"twitter_misc":{"Escrito por":"Muebles de Madera y Jardin","Tiempo de lectura":"2 minutos"},"schema":{"@context":"https:\/\/schema.org","@graph":[{"@type":"WebSite","@id":"https:\/\/www.mueblesdemaderayjardin.com\/blog\/#website","url":"https:\/\/www.mueblesdemaderayjardin.com\/blog\/","name":"El Blog de Muebles de Madera y Jardin .COM","description":"Somos una empresa dedicada a la producci\u00f3n y comercializaci\u00f3n de muebles de madera y jard\u00edn","potentialAction":[{"@type":"SearchAction","target":{"@type":"EntryPoint","urlTemplate":"https:\/\/www.mueblesdemaderayjardin.com\/blog\/?s={search_term_string}"},"query-input":"required name=search_term_string"}],"inLanguage":"es"},{"@type":"ImageObject","@id":"https:\/\/www.mueblesdemaderayjardin.com\/blog\/mesas-extensibles-para-jardin\/#primaryimage","inLanguage":"es","url":"https:\/\/www.mueblesdemaderayjardin.com\/blog\/wp-content\/uploads\/2013\/07\/mesa-extensible-para-jardin.jpg","contentUrl":"https:\/\/www.mueblesdemaderayjardin.com\/blog\/wp-content\/uploads\/2013\/07\/mesa-extensible-para-jardin.jpg","width":"540","height":"360"},{"@type":"WebPage","@id":"https:\/\/www.mueblesdemaderayjardin.com\/blog\/mesas-extensibles-para-jardin\/#webpage","url":"https:\/\/www.mueblesdemaderayjardin.com\/blog\/mesas-extensibles-para-jardin\/","name":"Mesas Extensibles para Jardin - El Blog de Muebles de Madera y Jardin .COM","isPartOf":{"@id":"https:\/\/www.mueblesdemaderayjardin.com\/blog\/#website"},"primaryImageOfPage":{"@id":"https:\/\/www.mueblesdemaderayjardin.com\/blog\/mesas-extensibles-para-jardin\/#primaryimage"},"datePublished":"2013-08-06T11:34:49+00:00","dateModified":"2013-08-08T18:04:47+00:00","author":{"@id":"https:\/\/www.mueblesdemaderayjardin.com\/blog\/#\/schema\/person\/7042d027aa317c2ac6adeee38f3f8341"},"description":"Las mesas extensibles para jardin, as\u00ed como las mesas extensibles de incienso, han sido pensadas y dise\u00f1adas para abastecer la demanda de espacio en la mesa","breadcrumb":{"@id":"https:\/\/www.mueblesdemaderayjardin.com\/blog\/mesas-extensibles-para-jardin\/#breadcrumb"},"inLanguage":"es","potentialAction":[{"@type":"ReadAction","target":["https:\/\/www.mueblesdemaderayjardin.com\/blog\/mesas-extensibles-para-jardin\/"]}]},{"@type":"BreadcrumbList","@id":"https:\/\/www.mueblesdemaderayjardin.com\/blog\/mesas-extensibles-para-jardin\/#breadcrumb","itemListElement":[{"@type":"ListItem","position":1,"name":"Portada","item":"https:\/\/www.mueblesdemaderayjardin.com\/blog\/"},{"@type":"ListItem","position":2,"name":"Mesas Extensibles para Jardin"}]},{"@type":"Person","@id":"https:\/\/www.mueblesdemaderayjardin.com\/blog\/#\/schema\/person\/7042d027aa317c2ac6adeee38f3f8341","name":"Muebles de Madera y Jardin","description":"Somos una empresa dedicada a la producci\u00f3n y comercializaci\u00f3n de muebles de madera maciza. Procesamos generalmente especies nativas del NEA Argentino, poniendo especial foco en el proceso de corte y secado en maderas duras y semiduras. El estacionamiento madurativo antes de la confecci\u00f3n de los muebles es esencial para que nuestros muebles de jardin, mesas de madera, sillas de madera, bancos de madera, sillones de madera, reposeras de madera, sillas fijas de madera, sillones director de madera, mesas para bar de madera, mesas auxiliares de madera, mesas ratonas de madera, muebles rusticos de madera, y otros muebles de madera maciza puedan tener la confiabilidad de uso que usted esta buscando. Mediante una buena distinci\u00f3n de las caracter\u00edsticas de las especies madereras, determinamos la aptitud de las maderas para adaptarse a los diferentes dise\u00f1os de nuestros muebles fabricados.","sameAs":["https:\/\/www.mueblesdemaderayjardin.com"],"url":"https:\/\/www.mueblesdemaderayjardin.com\/blog\/author\/admin\/"}]}},"_links":{"self":[{"href":"https:\/\/www.mueblesdemaderayjardin.com\/blog\/wp-json\/wp\/v2\/posts\/1537"}],"collection":[{"href":"https:\/\/www.mueblesdemaderayjardin.com\/blog\/wp-json\/wp\/v2\/posts"}],"about":[{"href":"https:\/\/www.mueblesdemaderayjardin.com\/blog\/wp-json\/wp\/v2\/types\/post"}],"author":[{"embeddable":true,"href":"https:\/\/www.mueblesdemaderayjardin.com\/blog\/wp-json\/wp\/v2\/users\/1"}],"replies":[{"embeddable":true,"href":"https:\/\/www.mueblesdemaderayjardin.com\/blog\/wp-json\/wp\/v2\/comments?post=1537"}],"version-history":[{"count":5,"href":"https:\/\/www.mueblesdemaderayjardin.com\/blog\/wp-json\/wp\/v2\/posts\/1537\/revisions"}],"predecessor-version":[{"id":1607,"href":"https:\/\/www.mueblesdemaderayjardin.com\/blog\/wp-json\/wp\/v2\/posts\/1537\/revisions\/1607"}],"wp:featuredmedia":[{"embeddable":true,"href":"https:\/\/www.mueblesdemaderayjardin.com\/blog\/wp-json\/wp\/v2\/media\/1371"}],"wp:attachment":[{"href":"https:\/\/www.mueblesdemaderayjardin.com\/blog\/wp-json\/wp\/v2\/media?parent=1537"}],"wp:term":[{"taxonomy":"category","embeddable":true,"href":"https:\/\/www.mueblesdemaderayjardin.com\/blog\/wp-json\/wp\/v2\/categories?post=1537"},{"taxonomy":"post_tag","embeddable":true,"href":"https:\/\/www.mueblesdemaderayjardin.com\/blog\/wp-json\/wp\/v2\/tags?post=1537"}],"curies":[{"name":"wp","href":"https:\/\/api.w.org\/{rel}","templated":true}]}}