{"id":1576,"date":"2013-08-07T16:44:27","date_gmt":"2013-08-07T19:44:27","guid":{"rendered":"http:\/\/www.mueblesdemaderayjardin.com\/blog\/?p=1576"},"modified":"2013-08-09T11:29:28","modified_gmt":"2013-08-09T14:29:28","slug":"mesa-cuadrada-de-jardin-para-doce-personas","status":"publish","type":"post","link":"https:\/\/www.mueblesdemaderayjardin.com\/blog\/mesa-cuadrada-de-jardin-para-doce-personas\/","title":{"rendered":"Mesa Cuadrada de Jardin para Doce Personas"},"content":{"rendered":"<p style=\"text-align: justify;\">La mesa cuadrada de jardin para doce personas\u00a0 no se compara con nada. Robusta, firme y elegante, se destaca por presencia entre nuestros muebles de madera y nuestros muebles de jard\u00edn. Su gran tama\u00f1o demanda espacios amplios para su utilizaci\u00f3n, ya que una mesa cuadrada de jardin para doce personas tiene un porte importante.<\/p>\n<h2 style=\"text-align: center;\"><a title=\"Mesa cuadrada de jardin para doce personas\" href=\"https:\/\/www.mueblesdemaderayjardin.com\/blog\/wp-content\/uploads\/2013\/07\/mesa-cuadrada-para-doce-personas.jpg\" rel=\"lightbox[jueratt_50|jueratt_50]\"><img loading=\"lazy\" class=\"wp-image-1364 aligncenter\" title=\"Mesa Cuadrada de Jardin para Doce Personas en madera de Incienso\" src=\"https:\/\/www.mueblesdemaderayjardin.com\/blog\/wp-content\/uploads\/2013\/07\/mesa-cuadrada-para-doce-personas.jpg\" alt=\"Mesa Cuadrada de Jardin para Doce Personas\" width=\"573\" height=\"382\" srcset=\"https:\/\/www.mueblesdemaderayjardin.com\/blog\/wp-content\/uploads\/2013\/07\/mesa-cuadrada-para-doce-personas.jpg 540w, https:\/\/www.mueblesdemaderayjardin.com\/blog\/wp-content\/uploads\/2013\/07\/mesa-cuadrada-para-doce-personas-300x200.jpg 300w\" sizes=\"(max-width: 573px) 100vw, 573px\" \/><\/a>Mesa Cuadrada de Jardin para Doce Personas<\/h2>\n<p>Por eso, antes de pensar en adquirir una mesa de este porte resulta fundamental medir bien los espacios en los que se la pretende utilizar, sobre todo si trata de espacios cubiertos, como puede ser un quincho, o semicubiertos como puede ser una galer\u00eda o una zona determinada para parrilla, horno o fog\u00f3n.<\/p>\n<p>&nbsp;<\/p>\n<p>Construida cuidadosamente con maderas estacionas y duras, y de hermosas vetas como el incienso, la teka, el lapacho y el cedro, nuestra <a title=\"mesa cuadrada\" href=\"https:\/\/www.mueblesdemaderayjardin.com\/mesas\/mesas-cuadradas.html\">mesa cuadrada<\/a> de jardin para doce personas le aportar\u00e1 a sus espacios la calidez de un mueble que de seguro contribuir\u00e1 a jerarquizar sus reuniones familiares o sociales.<\/p>\n<p>&nbsp;<\/p>\n<p>Buena parte de la belleza de nuestros<a title=\"muebles de jardin\" href=\"https:\/\/www.mueblesdemaderayjardin.com\"> muebles de jardin <\/a>en madera est\u00e1 en la construcci\u00f3n, para la que utilizamos materiales de primera l\u00ednea. Adem\u00e1s, todo el trabajo se completa con una terminaci\u00f3n de lustre laqueado, que le dar\u00e1 a su mesa cuadrada de jard\u00edn para doce personas una mayor resistencia a los problemas que le pueden presentar la exposici\u00f3n constante a la intemperie.<\/p>\n<p>&nbsp;<\/p>\n<p>Nuestra mesa cuadrada de jard\u00edn resulta ser una inmejorable alternativa para quienes buscan amplitud con armon\u00eda, ya que se trata de un mueble de exterior fant\u00e1stico para los grandes parques y jardines, y, por lo general, suele utilizarse en casas de fin de semana, o casaquintas y, por supuesto, en los jardines de casas de countries. La ubicaci\u00f3n en un contexto adecuado, convierte a este tipo de mesas de gran porte en algo \u00fanico y distintivo, en una tentaci\u00f3n irresistible.<\/p>\n<!-- AddThis Advanced Settings generic via filter on the_content --><!-- AddThis Share Buttons generic via filter on the_content -->","protected":false},"excerpt":{"rendered":"<p>La mesa cuadrada de jardin para doce personas\u00a0 no se compara con nada. Robusta, firme y elegante, se destaca por presencia entre nuestros muebles de madera y nuestros muebles de jard\u00edn. Su gran tama\u00f1o demanda espacios amplios para su utilizaci\u00f3n, ya que una mesa cuadrada de jardin para doce personas tiene un porte importante. Mesa [&hellip;]<!-- AddThis Advanced Settings generic via filter on get_the_excerpt --><!-- AddThis Share Buttons generic via filter on get_the_excerpt --><\/p>\n","protected":false},"author":1,"featured_media":1364,"comment_status":"open","ping_status":"closed","sticky":false,"template":"","format":"standard","meta":[],"categories":[48],"tags":[],"yoast_head":"<!-- This site is optimized with the Yoast SEO plugin v17.3 - https:\/\/yoast.com\/wordpress\/plugins\/seo\/ -->\n<title>Mesa Cuadrada de Jardin para Doce Personas - El Blog de Muebles de Madera y Jardin .COM<\/title>\n<meta name=\"description\" content=\"La mesa cuadrada para doce personas de jard\u00edn no se compara con nada. Robusta, firme y elegante, se destaca por presencia entre nuestros muebles de madera y\" \/>\n<meta name=\"robots\" content=\"index, follow, max-snippet:-1, max-image-preview:large, max-video-preview:-1\" \/>\n<link rel=\"canonical\" href=\"https:\/\/www.mueblesdemaderayjardin.com\/blog\/mesa-cuadrada-de-jardin-para-doce-personas\/\" \/>\n<meta property=\"og:locale\" content=\"es_ES\" \/>\n<meta property=\"og:type\" content=\"article\" \/>\n<meta property=\"og:title\" content=\"Mesa Cuadrada de Jardin para Doce Personas - El Blog de Muebles de Madera y Jardin .COM\" \/>\n<meta property=\"og:description\" content=\"La mesa cuadrada para doce personas de jard\u00edn no se compara con nada. Robusta, firme y elegante, se destaca por presencia entre nuestros muebles de madera y\" \/>\n<meta property=\"og:url\" content=\"https:\/\/www.mueblesdemaderayjardin.com\/blog\/mesa-cuadrada-de-jardin-para-doce-personas\/\" \/>\n<meta property=\"og:site_name\" content=\"El Blog de Muebles de Madera y Jardin .COM\" \/>\n<meta property=\"article:published_time\" content=\"2013-08-07T19:44:27+00:00\" \/>\n<meta property=\"article:modified_time\" content=\"2013-08-09T14:29:28+00:00\" \/>\n<meta property=\"og:image\" content=\"https:\/\/www.mueblesdemaderayjardin.com\/blog\/wp-content\/uploads\/2013\/07\/mesa-cuadrada-para-doce-personas.jpg\" \/>\n\t<meta property=\"og:image:width\" content=\"540\" \/>\n\t<meta property=\"og:image:height\" content=\"360\" \/>\n<meta name=\"twitter:label1\" content=\"Escrito por\" \/>\n\t<meta name=\"twitter:data1\" content=\"Muebles de Madera y Jardin\" \/>\n\t<meta name=\"twitter:label2\" content=\"Tiempo de lectura\" \/>\n\t<meta name=\"twitter:data2\" content=\"2 minutos\" \/>\n<script type=\"application\/ld+json\" class=\"yoast-schema-graph\">{\"@context\":\"https:\/\/schema.org\",\"@graph\":[{\"@type\":\"WebSite\",\"@id\":\"https:\/\/www.mueblesdemaderayjardin.com\/blog\/#website\",\"url\":\"https:\/\/www.mueblesdemaderayjardin.com\/blog\/\",\"name\":\"El Blog de Muebles de Madera y Jardin .COM\",\"description\":\"Somos una empresa dedicada a la producci\\u00f3n y comercializaci\\u00f3n de muebles de madera y jard\\u00edn\",\"potentialAction\":[{\"@type\":\"SearchAction\",\"target\":{\"@type\":\"EntryPoint\",\"urlTemplate\":\"https:\/\/www.mueblesdemaderayjardin.com\/blog\/?s={search_term_string}\"},\"query-input\":\"required name=search_term_string\"}],\"inLanguage\":\"es\"},{\"@type\":\"ImageObject\",\"@id\":\"https:\/\/www.mueblesdemaderayjardin.com\/blog\/mesa-cuadrada-de-jardin-para-doce-personas\/#primaryimage\",\"inLanguage\":\"es\",\"url\":\"https:\/\/www.mueblesdemaderayjardin.com\/blog\/wp-content\/uploads\/2013\/07\/mesa-cuadrada-para-doce-personas.jpg\",\"contentUrl\":\"https:\/\/www.mueblesdemaderayjardin.com\/blog\/wp-content\/uploads\/2013\/07\/mesa-cuadrada-para-doce-personas.jpg\",\"width\":\"540\",\"height\":\"360\"},{\"@type\":\"WebPage\",\"@id\":\"https:\/\/www.mueblesdemaderayjardin.com\/blog\/mesa-cuadrada-de-jardin-para-doce-personas\/#webpage\",\"url\":\"https:\/\/www.mueblesdemaderayjardin.com\/blog\/mesa-cuadrada-de-jardin-para-doce-personas\/\",\"name\":\"Mesa Cuadrada de Jardin para Doce Personas - El Blog de Muebles de Madera y Jardin .COM\",\"isPartOf\":{\"@id\":\"https:\/\/www.mueblesdemaderayjardin.com\/blog\/#website\"},\"primaryImageOfPage\":{\"@id\":\"https:\/\/www.mueblesdemaderayjardin.com\/blog\/mesa-cuadrada-de-jardin-para-doce-personas\/#primaryimage\"},\"datePublished\":\"2013-08-07T19:44:27+00:00\",\"dateModified\":\"2013-08-09T14:29:28+00:00\",\"author\":{\"@id\":\"https:\/\/www.mueblesdemaderayjardin.com\/blog\/#\/schema\/person\/7042d027aa317c2ac6adeee38f3f8341\"},\"description\":\"La mesa cuadrada para doce personas de jard\\u00edn no se compara con nada. Robusta, firme y elegante, se destaca por presencia entre nuestros muebles de madera y\",\"breadcrumb\":{\"@id\":\"https:\/\/www.mueblesdemaderayjardin.com\/blog\/mesa-cuadrada-de-jardin-para-doce-personas\/#breadcrumb\"},\"inLanguage\":\"es\",\"potentialAction\":[{\"@type\":\"ReadAction\",\"target\":[\"https:\/\/www.mueblesdemaderayjardin.com\/blog\/mesa-cuadrada-de-jardin-para-doce-personas\/\"]}]},{\"@type\":\"BreadcrumbList\",\"@id\":\"https:\/\/www.mueblesdemaderayjardin.com\/blog\/mesa-cuadrada-de-jardin-para-doce-personas\/#breadcrumb\",\"itemListElement\":[{\"@type\":\"ListItem\",\"position\":1,\"name\":\"Portada\",\"item\":\"https:\/\/www.mueblesdemaderayjardin.com\/blog\/\"},{\"@type\":\"ListItem\",\"position\":2,\"name\":\"Mesa Cuadrada de Jardin para Doce Personas\"}]},{\"@type\":\"Person\",\"@id\":\"https:\/\/www.mueblesdemaderayjardin.com\/blog\/#\/schema\/person\/7042d027aa317c2ac6adeee38f3f8341\",\"name\":\"Muebles de Madera y Jardin\",\"description\":\"Somos una empresa dedicada a la producci\\u00f3n y comercializaci\\u00f3n de muebles de madera maciza. Procesamos generalmente especies nativas del NEA Argentino, poniendo especial foco en el proceso de corte y secado en maderas duras y semiduras. El estacionamiento madurativo antes de la confecci\\u00f3n de los muebles es esencial para que nuestros muebles de jardin, mesas de madera, sillas de madera, bancos de madera, sillones de madera, reposeras de madera, sillas fijas de madera, sillones director de madera, mesas para bar de madera, mesas auxiliares de madera, mesas ratonas de madera, muebles rusticos de madera, y otros muebles de madera maciza puedan tener la confiabilidad de uso que usted esta buscando. Mediante una buena distinci\\u00f3n de las caracter\\u00edsticas de las especies madereras, determinamos la aptitud de las maderas para adaptarse a los diferentes dise\\u00f1os de nuestros muebles fabricados.\",\"sameAs\":[\"https:\/\/www.mueblesdemaderayjardin.com\"],\"url\":\"https:\/\/www.mueblesdemaderayjardin.com\/blog\/author\/admin\/\"}]}<\/script>\n<!-- \/ Yoast SEO plugin. -->","yoast_head_json":{"title":"Mesa Cuadrada de Jardin para Doce Personas - El Blog de Muebles de Madera y Jardin .COM","description":"La mesa cuadrada para doce personas de jard\u00edn no se compara con nada. Robusta, firme y elegante, se destaca por presencia entre nuestros muebles de madera y","robots":{"index":"index","follow":"follow","max-snippet":"max-snippet:-1","max-image-preview":"max-image-preview:large","max-video-preview":"max-video-preview:-1"},"canonical":"https:\/\/www.mueblesdemaderayjardin.com\/blog\/mesa-cuadrada-de-jardin-para-doce-personas\/","og_locale":"es_ES","og_type":"article","og_title":"Mesa Cuadrada de Jardin para Doce Personas - El Blog de Muebles de Madera y Jardin .COM","og_description":"La mesa cuadrada para doce personas de jard\u00edn no se compara con nada. Robusta, firme y elegante, se destaca por presencia entre nuestros muebles de madera y","og_url":"https:\/\/www.mueblesdemaderayjardin.com\/blog\/mesa-cuadrada-de-jardin-para-doce-personas\/","og_site_name":"El Blog de Muebles de Madera y Jardin .COM","article_published_time":"2013-08-07T19:44:27+00:00","article_modified_time":"2013-08-09T14:29:28+00:00","og_image":[{"width":"540","height":"360","url":"https:\/\/www.mueblesdemaderayjardin.com\/blog\/wp-content\/uploads\/2013\/07\/mesa-cuadrada-para-doce-personas.jpg","type":"image\/jpeg"}],"twitter_misc":{"Escrito por":"Muebles de Madera y Jardin","Tiempo de lectura":"2 minutos"},"schema":{"@context":"https:\/\/schema.org","@graph":[{"@type":"WebSite","@id":"https:\/\/www.mueblesdemaderayjardin.com\/blog\/#website","url":"https:\/\/www.mueblesdemaderayjardin.com\/blog\/","name":"El Blog de Muebles de Madera y Jardin .COM","description":"Somos una empresa dedicada a la producci\u00f3n y comercializaci\u00f3n de muebles de madera y jard\u00edn","potentialAction":[{"@type":"SearchAction","target":{"@type":"EntryPoint","urlTemplate":"https:\/\/www.mueblesdemaderayjardin.com\/blog\/?s={search_term_string}"},"query-input":"required name=search_term_string"}],"inLanguage":"es"},{"@type":"ImageObject","@id":"https:\/\/www.mueblesdemaderayjardin.com\/blog\/mesa-cuadrada-de-jardin-para-doce-personas\/#primaryimage","inLanguage":"es","url":"https:\/\/www.mueblesdemaderayjardin.com\/blog\/wp-content\/uploads\/2013\/07\/mesa-cuadrada-para-doce-personas.jpg","contentUrl":"https:\/\/www.mueblesdemaderayjardin.com\/blog\/wp-content\/uploads\/2013\/07\/mesa-cuadrada-para-doce-personas.jpg","width":"540","height":"360"},{"@type":"WebPage","@id":"https:\/\/www.mueblesdemaderayjardin.com\/blog\/mesa-cuadrada-de-jardin-para-doce-personas\/#webpage","url":"https:\/\/www.mueblesdemaderayjardin.com\/blog\/mesa-cuadrada-de-jardin-para-doce-personas\/","name":"Mesa Cuadrada de Jardin para Doce Personas - El Blog de Muebles de Madera y Jardin .COM","isPartOf":{"@id":"https:\/\/www.mueblesdemaderayjardin.com\/blog\/#website"},"primaryImageOfPage":{"@id":"https:\/\/www.mueblesdemaderayjardin.com\/blog\/mesa-cuadrada-de-jardin-para-doce-personas\/#primaryimage"},"datePublished":"2013-08-07T19:44:27+00:00","dateModified":"2013-08-09T14:29:28+00:00","author":{"@id":"https:\/\/www.mueblesdemaderayjardin.com\/blog\/#\/schema\/person\/7042d027aa317c2ac6adeee38f3f8341"},"description":"La mesa cuadrada para doce personas de jard\u00edn no se compara con nada. Robusta, firme y elegante, se destaca por presencia entre nuestros muebles de madera y","breadcrumb":{"@id":"https:\/\/www.mueblesdemaderayjardin.com\/blog\/mesa-cuadrada-de-jardin-para-doce-personas\/#breadcrumb"},"inLanguage":"es","potentialAction":[{"@type":"ReadAction","target":["https:\/\/www.mueblesdemaderayjardin.com\/blog\/mesa-cuadrada-de-jardin-para-doce-personas\/"]}]},{"@type":"BreadcrumbList","@id":"https:\/\/www.mueblesdemaderayjardin.com\/blog\/mesa-cuadrada-de-jardin-para-doce-personas\/#breadcrumb","itemListElement":[{"@type":"ListItem","position":1,"name":"Portada","item":"https:\/\/www.mueblesdemaderayjardin.com\/blog\/"},{"@type":"ListItem","position":2,"name":"Mesa Cuadrada de Jardin para Doce Personas"}]},{"@type":"Person","@id":"https:\/\/www.mueblesdemaderayjardin.com\/blog\/#\/schema\/person\/7042d027aa317c2ac6adeee38f3f8341","name":"Muebles de Madera y Jardin","description":"Somos una empresa dedicada a la producci\u00f3n y comercializaci\u00f3n de muebles de madera maciza. Procesamos generalmente especies nativas del NEA Argentino, poniendo especial foco en el proceso de corte y secado en maderas duras y semiduras. El estacionamiento madurativo antes de la confecci\u00f3n de los muebles es esencial para que nuestros muebles de jardin, mesas de madera, sillas de madera, bancos de madera, sillones de madera, reposeras de madera, sillas fijas de madera, sillones director de madera, mesas para bar de madera, mesas auxiliares de madera, mesas ratonas de madera, muebles rusticos de madera, y otros muebles de madera maciza puedan tener la confiabilidad de uso que usted esta buscando. Mediante una buena distinci\u00f3n de las caracter\u00edsticas de las especies madereras, determinamos la aptitud de las maderas para adaptarse a los diferentes dise\u00f1os de nuestros muebles fabricados.","sameAs":["https:\/\/www.mueblesdemaderayjardin.com"],"url":"https:\/\/www.mueblesdemaderayjardin.com\/blog\/author\/admin\/"}]}},"_links":{"self":[{"href":"https:\/\/www.mueblesdemaderayjardin.com\/blog\/wp-json\/wp\/v2\/posts\/1576"}],"collection":[{"href":"https:\/\/www.mueblesdemaderayjardin.com\/blog\/wp-json\/wp\/v2\/posts"}],"about":[{"href":"https:\/\/www.mueblesdemaderayjardin.com\/blog\/wp-json\/wp\/v2\/types\/post"}],"author":[{"embeddable":true,"href":"https:\/\/www.mueblesdemaderayjardin.com\/blog\/wp-json\/wp\/v2\/users\/1"}],"replies":[{"embeddable":true,"href":"https:\/\/www.mueblesdemaderayjardin.com\/blog\/wp-json\/wp\/v2\/comments?post=1576"}],"version-history":[{"count":6,"href":"https:\/\/www.mueblesdemaderayjardin.com\/blog\/wp-json\/wp\/v2\/posts\/1576\/revisions"}],"predecessor-version":[{"id":1579,"href":"https:\/\/www.mueblesdemaderayjardin.com\/blog\/wp-json\/wp\/v2\/posts\/1576\/revisions\/1579"}],"wp:featuredmedia":[{"embeddable":true,"href":"https:\/\/www.mueblesdemaderayjardin.com\/blog\/wp-json\/wp\/v2\/media\/1364"}],"wp:attachment":[{"href":"https:\/\/www.mueblesdemaderayjardin.com\/blog\/wp-json\/wp\/v2\/media?parent=1576"}],"wp:term":[{"taxonomy":"category","embeddable":true,"href":"https:\/\/www.mueblesdemaderayjardin.com\/blog\/wp-json\/wp\/v2\/categories?post=1576"},{"taxonomy":"post_tag","embeddable":true,"href":"https:\/\/www.mueblesdemaderayjardin.com\/blog\/wp-json\/wp\/v2\/tags?post=1576"}],"curies":[{"name":"wp","href":"https:\/\/api.w.org\/{rel}","templated":true}]}}