{"id":1733,"date":"2013-08-19T08:45:34","date_gmt":"2013-08-19T11:45:34","guid":{"rendered":"http:\/\/www.mueblesdemaderayjardin.com\/blog\/?p=1733"},"modified":"2013-09-06T14:21:47","modified_gmt":"2013-09-06T17:21:47","slug":"mesas-ovaladas-extensibles-de-madera","status":"publish","type":"post","link":"https:\/\/www.mueblesdemaderayjardin.com\/blog\/mesas-ovaladas-extensibles-de-madera\/","title":{"rendered":"Mesas Ovaladas Extensibles de Madera"},"content":{"rendered":"<p style=\"text-align: justify;\">Las mesas ovaladas extensibles de madera son un mueble muy particular y noble, debido a su mayor complejidad en la elaboraci\u00f3n. Sus puntas redondeadas le aportan un toque distintivo frente a las t\u00edpicas mesas rectangulares. Por presencia y estilo, las mesas ovaladas extensibles de madera sobresalen entre nuestros muebles de madera. Este tipo de mesas ovaladas extensibles de madera suelen utilizarse tanto en lugares cubiertos, como ambientes interiores o espacios semicubiertos como pueden ser quinchos o galer\u00edas, pero tambi\u00e9n son utilizados en lugares exteriores como parques, jardines, e incluso en terrazas.<\/p>\n<p style=\"text-align: justify;\">\n<p style=\"text-align: justify;\">El hecho de que nuestra <a title=\"mesa ovalada de madera\" href=\"https:\/\/www.mueblesdemaderayjardin.com\/mesas\/mesa-ovalada.html\">mesa ovalada de madera<\/a> cuente con la posibilidad de ser extensible, le agrega al particular encanto de su forma la flexibilidad en su uso ya que al poder aumentar su tama\u00f1o se convierte en una mesa ideal para familias numerosas o para quienes gusten de realizar reuniones familiares o sociales importantes, ya que podr\u00e1 agregar comensales a la mesa sin resignar la jerarqu\u00eda y elegancia que se pretende de un mueble sofisticado que recuerda la cubierta de un barco.<\/p>\n<p>&nbsp;<\/p>\n<p>&nbsp;<\/p>\n<h2 style=\"text-align: center;\"><a title=\"Mesas ovaladas extensibles de madera\" href=\"https:\/\/www.mueblesdemaderayjardin.com\/blog\/wp-content\/uploads\/2013\/07\/mesas-ovaladas-extensibles-de-madera.jpg\" rel=\"lightbox[jueratt_50|jueratt_50]\"><img loading=\"lazy\" class=\"wp-image-1396 aligncenter\" title=\"Mesas Ovaladas Extensibles de Madera para Jardin\" alt=\"Mesas Ovaladas Extensibles de Madera\" src=\"https:\/\/www.mueblesdemaderayjardin.com\/blog\/wp-content\/uploads\/2013\/07\/mesas-ovaladas-extensibles-de-madera.jpg\" width=\"395\" height=\"526\" srcset=\"https:\/\/www.mueblesdemaderayjardin.com\/blog\/wp-content\/uploads\/2013\/07\/mesas-ovaladas-extensibles-de-madera.jpg 360w, https:\/\/www.mueblesdemaderayjardin.com\/blog\/wp-content\/uploads\/2013\/07\/mesas-ovaladas-extensibles-de-madera-225x300.jpg 225w\" sizes=\"(max-width: 395px) 100vw, 395px\" \/><\/a>Mesas Ovaladas Extensibles de Madera<\/h2>\n<p>&nbsp;<\/p>\n<p style=\"text-align: justify;\">Nuestras mesas ovaladas extensibles de madera, al igual que todos nuestros <a title=\" muebles de jard\u00edn\" href=\"https:\/\/www.mueblesdemaderayjardin.com\/\">muebles de jard\u00edn<\/a> o muebles de exteriores, est\u00e1 fabricada \u00edntegramente con maderas seleccionadas y estacionadas, maderas duras y resistentes como pueden ser el incienso, el cedro, el lapacho y la teka, lo que le aporta al mueble la robustez necesaria para el desarrollo de su funci\u00f3n. Adem\u00e1s, sus puntas redondeadas cuentan un trabajo de carpinter\u00eda cuidadoso y fino, para el que se utilizan productos de primera calidad.<\/p>\n<p style=\"text-align: justify;\">\n<p style=\"text-align: justify;\">En cuanto a su terminaci\u00f3n, nuestras mesas ovaladas extensibles de madera cuentan con un tratamiento de laca poliuret\u00e1nica con filtro UV que la proteger\u00e1 frente al desgaste de su uso cotidiano e incluso de su exposici\u00f3n prolongada a la intemperie.<\/p>\n<!-- AddThis Advanced Settings generic via filter on the_content --><!-- AddThis Share Buttons generic via filter on the_content -->","protected":false},"excerpt":{"rendered":"<p>Las mesas ovaladas extensibles de madera son un mueble muy particular y noble, debido a su mayor complejidad en la elaboraci\u00f3n. Sus puntas redondeadas le aportan un toque distintivo frente a las t\u00edpicas mesas rectangulares. Por presencia y estilo, las mesas ovaladas extensibles de madera sobresalen entre nuestros muebles de madera. Este tipo de mesas [&hellip;]<!-- AddThis Advanced Settings generic via filter on get_the_excerpt --><!-- AddThis Share Buttons generic via filter on get_the_excerpt --><\/p>\n","protected":false},"author":1,"featured_media":1396,"comment_status":"open","ping_status":"closed","sticky":false,"template":"","format":"standard","meta":[],"categories":[50],"tags":[],"yoast_head":"<!-- This site is optimized with the Yoast SEO plugin v17.3 - https:\/\/yoast.com\/wordpress\/plugins\/seo\/ -->\n<title>Mesas Ovaladas Extensibles de Madera - El Blog de Muebles de Madera y Jardin .COM<\/title>\n<meta name=\"description\" content=\"Las mesas ovaladas extensibles de madera son un mueble muy particular y noble, debido a su mayor complejidad en la elaboraci\u00f3n. Sus puntas redondeadas\" \/>\n<meta name=\"robots\" content=\"index, follow, max-snippet:-1, max-image-preview:large, max-video-preview:-1\" \/>\n<link rel=\"canonical\" href=\"https:\/\/www.mueblesdemaderayjardin.com\/blog\/mesas-ovaladas-extensibles-de-madera\/\" \/>\n<meta property=\"og:locale\" content=\"es_ES\" \/>\n<meta property=\"og:type\" content=\"article\" \/>\n<meta property=\"og:title\" content=\"Mesas Ovaladas Extensibles de Madera - El Blog de Muebles de Madera y Jardin .COM\" \/>\n<meta property=\"og:description\" content=\"Las mesas ovaladas extensibles de madera son un mueble muy particular y noble, debido a su mayor complejidad en la elaboraci\u00f3n. Sus puntas redondeadas\" \/>\n<meta property=\"og:url\" content=\"https:\/\/www.mueblesdemaderayjardin.com\/blog\/mesas-ovaladas-extensibles-de-madera\/\" \/>\n<meta property=\"og:site_name\" content=\"El Blog de Muebles de Madera y Jardin .COM\" \/>\n<meta property=\"article:published_time\" content=\"2013-08-19T11:45:34+00:00\" \/>\n<meta property=\"article:modified_time\" content=\"2013-09-06T17:21:47+00:00\" \/>\n<meta property=\"og:image\" content=\"https:\/\/www.mueblesdemaderayjardin.com\/blog\/wp-content\/uploads\/2013\/07\/mesas-ovaladas-extensibles-de-madera.jpg\" \/>\n\t<meta property=\"og:image:width\" content=\"360\" \/>\n\t<meta property=\"og:image:height\" content=\"480\" \/>\n<meta name=\"twitter:label1\" content=\"Escrito por\" \/>\n\t<meta name=\"twitter:data1\" content=\"Muebles de Madera y Jardin\" \/>\n\t<meta name=\"twitter:label2\" content=\"Tiempo de lectura\" \/>\n\t<meta name=\"twitter:data2\" content=\"2 minutos\" \/>\n<script type=\"application\/ld+json\" class=\"yoast-schema-graph\">{\"@context\":\"https:\/\/schema.org\",\"@graph\":[{\"@type\":\"WebSite\",\"@id\":\"https:\/\/www.mueblesdemaderayjardin.com\/blog\/#website\",\"url\":\"https:\/\/www.mueblesdemaderayjardin.com\/blog\/\",\"name\":\"El Blog de Muebles de Madera y Jardin .COM\",\"description\":\"Somos una empresa dedicada a la producci\\u00f3n y comercializaci\\u00f3n de muebles de madera y jard\\u00edn\",\"potentialAction\":[{\"@type\":\"SearchAction\",\"target\":{\"@type\":\"EntryPoint\",\"urlTemplate\":\"https:\/\/www.mueblesdemaderayjardin.com\/blog\/?s={search_term_string}\"},\"query-input\":\"required name=search_term_string\"}],\"inLanguage\":\"es\"},{\"@type\":\"ImageObject\",\"@id\":\"https:\/\/www.mueblesdemaderayjardin.com\/blog\/mesas-ovaladas-extensibles-de-madera\/#primaryimage\",\"inLanguage\":\"es\",\"url\":\"https:\/\/www.mueblesdemaderayjardin.com\/blog\/wp-content\/uploads\/2013\/07\/mesas-ovaladas-extensibles-de-madera.jpg\",\"contentUrl\":\"https:\/\/www.mueblesdemaderayjardin.com\/blog\/wp-content\/uploads\/2013\/07\/mesas-ovaladas-extensibles-de-madera.jpg\",\"width\":\"360\",\"height\":\"480\"},{\"@type\":\"WebPage\",\"@id\":\"https:\/\/www.mueblesdemaderayjardin.com\/blog\/mesas-ovaladas-extensibles-de-madera\/#webpage\",\"url\":\"https:\/\/www.mueblesdemaderayjardin.com\/blog\/mesas-ovaladas-extensibles-de-madera\/\",\"name\":\"Mesas Ovaladas Extensibles de Madera - El Blog de Muebles de Madera y Jardin .COM\",\"isPartOf\":{\"@id\":\"https:\/\/www.mueblesdemaderayjardin.com\/blog\/#website\"},\"primaryImageOfPage\":{\"@id\":\"https:\/\/www.mueblesdemaderayjardin.com\/blog\/mesas-ovaladas-extensibles-de-madera\/#primaryimage\"},\"datePublished\":\"2013-08-19T11:45:34+00:00\",\"dateModified\":\"2013-09-06T17:21:47+00:00\",\"author\":{\"@id\":\"https:\/\/www.mueblesdemaderayjardin.com\/blog\/#\/schema\/person\/7042d027aa317c2ac6adeee38f3f8341\"},\"description\":\"Las mesas ovaladas extensibles de madera son un mueble muy particular y noble, debido a su mayor complejidad en la elaboraci\\u00f3n. Sus puntas redondeadas\",\"breadcrumb\":{\"@id\":\"https:\/\/www.mueblesdemaderayjardin.com\/blog\/mesas-ovaladas-extensibles-de-madera\/#breadcrumb\"},\"inLanguage\":\"es\",\"potentialAction\":[{\"@type\":\"ReadAction\",\"target\":[\"https:\/\/www.mueblesdemaderayjardin.com\/blog\/mesas-ovaladas-extensibles-de-madera\/\"]}]},{\"@type\":\"BreadcrumbList\",\"@id\":\"https:\/\/www.mueblesdemaderayjardin.com\/blog\/mesas-ovaladas-extensibles-de-madera\/#breadcrumb\",\"itemListElement\":[{\"@type\":\"ListItem\",\"position\":1,\"name\":\"Portada\",\"item\":\"https:\/\/www.mueblesdemaderayjardin.com\/blog\/\"},{\"@type\":\"ListItem\",\"position\":2,\"name\":\"Mesas Ovaladas Extensibles de Madera\"}]},{\"@type\":\"Person\",\"@id\":\"https:\/\/www.mueblesdemaderayjardin.com\/blog\/#\/schema\/person\/7042d027aa317c2ac6adeee38f3f8341\",\"name\":\"Muebles de Madera y Jardin\",\"description\":\"Somos una empresa dedicada a la producci\\u00f3n y comercializaci\\u00f3n de muebles de madera maciza. Procesamos generalmente especies nativas del NEA Argentino, poniendo especial foco en el proceso de corte y secado en maderas duras y semiduras. El estacionamiento madurativo antes de la confecci\\u00f3n de los muebles es esencial para que nuestros muebles de jardin, mesas de madera, sillas de madera, bancos de madera, sillones de madera, reposeras de madera, sillas fijas de madera, sillones director de madera, mesas para bar de madera, mesas auxiliares de madera, mesas ratonas de madera, muebles rusticos de madera, y otros muebles de madera maciza puedan tener la confiabilidad de uso que usted esta buscando. Mediante una buena distinci\\u00f3n de las caracter\\u00edsticas de las especies madereras, determinamos la aptitud de las maderas para adaptarse a los diferentes dise\\u00f1os de nuestros muebles fabricados.\",\"sameAs\":[\"https:\/\/www.mueblesdemaderayjardin.com\"],\"url\":\"https:\/\/www.mueblesdemaderayjardin.com\/blog\/author\/admin\/\"}]}<\/script>\n<!-- \/ Yoast SEO plugin. -->","yoast_head_json":{"title":"Mesas Ovaladas Extensibles de Madera - El Blog de Muebles de Madera y Jardin .COM","description":"Las mesas ovaladas extensibles de madera son un mueble muy particular y noble, debido a su mayor complejidad en la elaboraci\u00f3n. Sus puntas redondeadas","robots":{"index":"index","follow":"follow","max-snippet":"max-snippet:-1","max-image-preview":"max-image-preview:large","max-video-preview":"max-video-preview:-1"},"canonical":"https:\/\/www.mueblesdemaderayjardin.com\/blog\/mesas-ovaladas-extensibles-de-madera\/","og_locale":"es_ES","og_type":"article","og_title":"Mesas Ovaladas Extensibles de Madera - El Blog de Muebles de Madera y Jardin .COM","og_description":"Las mesas ovaladas extensibles de madera son un mueble muy particular y noble, debido a su mayor complejidad en la elaboraci\u00f3n. Sus puntas redondeadas","og_url":"https:\/\/www.mueblesdemaderayjardin.com\/blog\/mesas-ovaladas-extensibles-de-madera\/","og_site_name":"El Blog de Muebles de Madera y Jardin .COM","article_published_time":"2013-08-19T11:45:34+00:00","article_modified_time":"2013-09-06T17:21:47+00:00","og_image":[{"width":"360","height":"480","url":"https:\/\/www.mueblesdemaderayjardin.com\/blog\/wp-content\/uploads\/2013\/07\/mesas-ovaladas-extensibles-de-madera.jpg","type":"image\/jpeg"}],"twitter_misc":{"Escrito por":"Muebles de Madera y Jardin","Tiempo de lectura":"2 minutos"},"schema":{"@context":"https:\/\/schema.org","@graph":[{"@type":"WebSite","@id":"https:\/\/www.mueblesdemaderayjardin.com\/blog\/#website","url":"https:\/\/www.mueblesdemaderayjardin.com\/blog\/","name":"El Blog de Muebles de Madera y Jardin .COM","description":"Somos una empresa dedicada a la producci\u00f3n y comercializaci\u00f3n de muebles de madera y jard\u00edn","potentialAction":[{"@type":"SearchAction","target":{"@type":"EntryPoint","urlTemplate":"https:\/\/www.mueblesdemaderayjardin.com\/blog\/?s={search_term_string}"},"query-input":"required name=search_term_string"}],"inLanguage":"es"},{"@type":"ImageObject","@id":"https:\/\/www.mueblesdemaderayjardin.com\/blog\/mesas-ovaladas-extensibles-de-madera\/#primaryimage","inLanguage":"es","url":"https:\/\/www.mueblesdemaderayjardin.com\/blog\/wp-content\/uploads\/2013\/07\/mesas-ovaladas-extensibles-de-madera.jpg","contentUrl":"https:\/\/www.mueblesdemaderayjardin.com\/blog\/wp-content\/uploads\/2013\/07\/mesas-ovaladas-extensibles-de-madera.jpg","width":"360","height":"480"},{"@type":"WebPage","@id":"https:\/\/www.mueblesdemaderayjardin.com\/blog\/mesas-ovaladas-extensibles-de-madera\/#webpage","url":"https:\/\/www.mueblesdemaderayjardin.com\/blog\/mesas-ovaladas-extensibles-de-madera\/","name":"Mesas Ovaladas Extensibles de Madera - El Blog de Muebles de Madera y Jardin .COM","isPartOf":{"@id":"https:\/\/www.mueblesdemaderayjardin.com\/blog\/#website"},"primaryImageOfPage":{"@id":"https:\/\/www.mueblesdemaderayjardin.com\/blog\/mesas-ovaladas-extensibles-de-madera\/#primaryimage"},"datePublished":"2013-08-19T11:45:34+00:00","dateModified":"2013-09-06T17:21:47+00:00","author":{"@id":"https:\/\/www.mueblesdemaderayjardin.com\/blog\/#\/schema\/person\/7042d027aa317c2ac6adeee38f3f8341"},"description":"Las mesas ovaladas extensibles de madera son un mueble muy particular y noble, debido a su mayor complejidad en la elaboraci\u00f3n. Sus puntas redondeadas","breadcrumb":{"@id":"https:\/\/www.mueblesdemaderayjardin.com\/blog\/mesas-ovaladas-extensibles-de-madera\/#breadcrumb"},"inLanguage":"es","potentialAction":[{"@type":"ReadAction","target":["https:\/\/www.mueblesdemaderayjardin.com\/blog\/mesas-ovaladas-extensibles-de-madera\/"]}]},{"@type":"BreadcrumbList","@id":"https:\/\/www.mueblesdemaderayjardin.com\/blog\/mesas-ovaladas-extensibles-de-madera\/#breadcrumb","itemListElement":[{"@type":"ListItem","position":1,"name":"Portada","item":"https:\/\/www.mueblesdemaderayjardin.com\/blog\/"},{"@type":"ListItem","position":2,"name":"Mesas Ovaladas Extensibles de Madera"}]},{"@type":"Person","@id":"https:\/\/www.mueblesdemaderayjardin.com\/blog\/#\/schema\/person\/7042d027aa317c2ac6adeee38f3f8341","name":"Muebles de Madera y Jardin","description":"Somos una empresa dedicada a la producci\u00f3n y comercializaci\u00f3n de muebles de madera maciza. Procesamos generalmente especies nativas del NEA Argentino, poniendo especial foco en el proceso de corte y secado en maderas duras y semiduras. El estacionamiento madurativo antes de la confecci\u00f3n de los muebles es esencial para que nuestros muebles de jardin, mesas de madera, sillas de madera, bancos de madera, sillones de madera, reposeras de madera, sillas fijas de madera, sillones director de madera, mesas para bar de madera, mesas auxiliares de madera, mesas ratonas de madera, muebles rusticos de madera, y otros muebles de madera maciza puedan tener la confiabilidad de uso que usted esta buscando. Mediante una buena distinci\u00f3n de las caracter\u00edsticas de las especies madereras, determinamos la aptitud de las maderas para adaptarse a los diferentes dise\u00f1os de nuestros muebles fabricados.","sameAs":["https:\/\/www.mueblesdemaderayjardin.com"],"url":"https:\/\/www.mueblesdemaderayjardin.com\/blog\/author\/admin\/"}]}},"_links":{"self":[{"href":"https:\/\/www.mueblesdemaderayjardin.com\/blog\/wp-json\/wp\/v2\/posts\/1733"}],"collection":[{"href":"https:\/\/www.mueblesdemaderayjardin.com\/blog\/wp-json\/wp\/v2\/posts"}],"about":[{"href":"https:\/\/www.mueblesdemaderayjardin.com\/blog\/wp-json\/wp\/v2\/types\/post"}],"author":[{"embeddable":true,"href":"https:\/\/www.mueblesdemaderayjardin.com\/blog\/wp-json\/wp\/v2\/users\/1"}],"replies":[{"embeddable":true,"href":"https:\/\/www.mueblesdemaderayjardin.com\/blog\/wp-json\/wp\/v2\/comments?post=1733"}],"version-history":[{"count":6,"href":"https:\/\/www.mueblesdemaderayjardin.com\/blog\/wp-json\/wp\/v2\/posts\/1733\/revisions"}],"predecessor-version":[{"id":1851,"href":"https:\/\/www.mueblesdemaderayjardin.com\/blog\/wp-json\/wp\/v2\/posts\/1733\/revisions\/1851"}],"wp:featuredmedia":[{"embeddable":true,"href":"https:\/\/www.mueblesdemaderayjardin.com\/blog\/wp-json\/wp\/v2\/media\/1396"}],"wp:attachment":[{"href":"https:\/\/www.mueblesdemaderayjardin.com\/blog\/wp-json\/wp\/v2\/media?parent=1733"}],"wp:term":[{"taxonomy":"category","embeddable":true,"href":"https:\/\/www.mueblesdemaderayjardin.com\/blog\/wp-json\/wp\/v2\/categories?post=1733"},{"taxonomy":"post_tag","embeddable":true,"href":"https:\/\/www.mueblesdemaderayjardin.com\/blog\/wp-json\/wp\/v2\/tags?post=1733"}],"curies":[{"name":"wp","href":"https:\/\/api.w.org\/{rel}","templated":true}]}}