{"id":1834,"date":"2013-09-04T08:28:41","date_gmt":"2013-09-04T11:28:41","guid":{"rendered":"http:\/\/www.mueblesdemaderayjardin.com\/blog\/?p=1834"},"modified":"2014-04-28T16:41:02","modified_gmt":"2014-04-28T19:41:02","slug":"mesas-y-sillas-de-balcon","status":"publish","type":"post","link":"https:\/\/www.mueblesdemaderayjardin.com\/blog\/mesas-y-sillas-de-balcon\/","title":{"rendered":"Mesas y Sillas de Balcon"},"content":{"rendered":"<p style=\"text-align: justify;\">Las mesas y sillas de balcon resultan ser una inmejorable alternativa a la hora de redise\u00f1ar ese espacio del departamento o de la casa que de no aprovecharse bien termina convertido en un dep\u00f3sito de todo tipo de objetos. Sin embargo, con un poco de imaginaci\u00f3n y buen gusto, se puede cambiar por completo esa disposici\u00f3n y convertir un balc\u00f3n en un lugar sumamente c\u00e1lido y placentero.<\/p>\n<p style=\"text-align: justify;\">Para ello las mesas y sillas de balcon resultan fundamentales, como cualquier otro mueble de madera complementario, porque le aportar\u00e1n a su balcon ese toque de distinci\u00f3n y una atm\u00f3sfera especial para esa vuelta a casa luego de una larga jornada de trabajo.<\/p>\n<figure id=\"attachment_1177\" aria-describedby=\"caption-attachment-1177\" style=\"width: 538px\" class=\"wp-caption aligncenter\"><a title=\"Mesas y sillas de balc\u00f3n\" href=\"https:\/\/www.mueblesdemaderayjardin.com\/blog\/wp-content\/uploads\/2013\/05\/Mesa_para_balcon.jpg\" rel=\"lightbox[jueratt_50|jueratt_50]\"><img loading=\"lazy\" class=\"wp-image-1177 \" title=\"Mesas y Sillas de Balcon\" alt=\"Mesas y Sillas de Balcon\" src=\"https:\/\/www.mueblesdemaderayjardin.com\/blog\/wp-content\/uploads\/2013\/05\/Mesa_para_balcon.jpg\" width=\"538\" height=\"360\" srcset=\"https:\/\/www.mueblesdemaderayjardin.com\/blog\/wp-content\/uploads\/2013\/05\/Mesa_para_balcon.jpg 598w, https:\/\/www.mueblesdemaderayjardin.com\/blog\/wp-content\/uploads\/2013\/05\/Mesa_para_balcon-300x200.jpg 300w\" sizes=\"(max-width: 538px) 100vw, 538px\" \/><\/a><figcaption id=\"caption-attachment-1177\" class=\"wp-caption-text\">Mesas y Sillas de Balcon<\/figcaption><\/figure>\n<h2 style=\"text-align: center;\"><b>Mesas y sillas de balcon<\/b><\/h2>\n<p style=\"text-align: justify;\">Contamos con una gran variedad de <a title=\"mesas\" href=\"https:\/\/www.mueblesdemaderayjardin.com\/mesas.html\">mesas<\/a> y sillas de balcon, y usted podr\u00e1 encontrar en nuestro cat\u00e1logo de muebles de exterior o incluso en el de muebles de jard\u00edn, el conjunto ideal para su balc\u00f3n. En cuanto a la elecci\u00f3n del mismo, resulta indispensable tener en cuenta cuestiones como el tama\u00f1o del espacio a vestir, ya que la idea es que la mesas y sillas de balc\u00f3n encajen en el lugar armoniosamente, sin quitarle lugar ni capacidad de movimiento.<\/p>\n<p style=\"text-align: justify;\">Otra caracter\u00edstica importante a la hora de elegir mesas y sillas de balcon, es optar, teniendo en cuenta necesidades extraordinarias, por un conjunto que pueda aportarle una soluci\u00f3n extra cuando se necesita m\u00e1s espacio en la mesa principal del comedor, ya que si la mesa tiene una altura suficiente se podr\u00e1 utilizar como mesa auxiliar.<\/p>\n<p style=\"text-align: justify;\">Todas nuestras mesas y sillas de balcon est\u00e1n construidas con maderas seleccionadas y estacionadas, lo que evita que se deformen con el paso de tiempo, sin perder su\u00a0 elegancia con el paso de los a\u00f1os.<\/p>\n<p style=\"text-align: justify;\">Adem\u00e1s, las mesas y sillas de balc\u00f3n, tal como sucede con todos nuestros muebles de exterior, cuentan con una terminaci\u00f3n de lustre a laca que las proteger\u00e1 de la exposici\u00f3n a la intemperie, adem\u00e1s de resaltar la belleza natural de la madera.<\/p>\n<!-- AddThis Advanced Settings generic via filter on the_content --><!-- AddThis Share Buttons generic via filter on the_content -->","protected":false},"excerpt":{"rendered":"<p>Las mesas y sillas de balcon resultan ser una inmejorable alternativa a la hora de redise\u00f1ar ese espacio del departamento o de la casa que de no aprovecharse bien termina convertido en un dep\u00f3sito de todo tipo de objetos. Sin embargo, con un poco de imaginaci\u00f3n y buen gusto, se puede cambiar por completo esa [&hellip;]<!-- AddThis Advanced Settings generic via filter on get_the_excerpt --><!-- AddThis Share Buttons generic via filter on get_the_excerpt --><\/p>\n","protected":false},"author":1,"featured_media":1177,"comment_status":"open","ping_status":"closed","sticky":false,"template":"","format":"standard","meta":[],"categories":[72],"tags":[],"yoast_head":"<!-- This site is optimized with the Yoast SEO plugin v17.3 - https:\/\/yoast.com\/wordpress\/plugins\/seo\/ -->\n<title>Mesas y Sillas de Balcon - El Blog de Muebles de Madera y Jardin .COM<\/title>\n<meta name=\"description\" content=\"Las mesas y sillas de balcon realizadas en maderas duras y tratadas para su uso exterior a la intemperie resultan ser una alternativa a la hora de redise\u00f1ar\" \/>\n<meta name=\"robots\" content=\"index, follow, max-snippet:-1, max-image-preview:large, max-video-preview:-1\" \/>\n<link rel=\"canonical\" href=\"https:\/\/www.mueblesdemaderayjardin.com\/blog\/mesas-y-sillas-de-balcon\/\" \/>\n<meta property=\"og:locale\" content=\"es_ES\" \/>\n<meta property=\"og:type\" content=\"article\" \/>\n<meta property=\"og:title\" content=\"Mesas y Sillas de Balcon - El Blog de Muebles de Madera y Jardin .COM\" \/>\n<meta property=\"og:description\" content=\"Las mesas y sillas de balcon realizadas en maderas duras y tratadas para su uso exterior a la intemperie resultan ser una alternativa a la hora de redise\u00f1ar\" \/>\n<meta property=\"og:url\" content=\"https:\/\/www.mueblesdemaderayjardin.com\/blog\/mesas-y-sillas-de-balcon\/\" \/>\n<meta property=\"og:site_name\" content=\"El Blog de Muebles de Madera y Jardin .COM\" \/>\n<meta property=\"article:published_time\" content=\"2013-09-04T11:28:41+00:00\" \/>\n<meta property=\"article:modified_time\" content=\"2014-04-28T19:41:02+00:00\" \/>\n<meta property=\"og:image\" content=\"https:\/\/www.mueblesdemaderayjardin.com\/blog\/wp-content\/uploads\/2013\/05\/Mesa_para_balcon.jpg\" \/>\n\t<meta property=\"og:image:width\" content=\"598\" \/>\n\t<meta property=\"og:image:height\" content=\"400\" \/>\n<meta name=\"twitter:label1\" content=\"Escrito por\" \/>\n\t<meta name=\"twitter:data1\" content=\"Muebles de Madera y Jardin\" \/>\n\t<meta name=\"twitter:label2\" content=\"Tiempo de lectura\" \/>\n\t<meta name=\"twitter:data2\" content=\"2 minutos\" \/>\n<script type=\"application\/ld+json\" class=\"yoast-schema-graph\">{\"@context\":\"https:\/\/schema.org\",\"@graph\":[{\"@type\":\"WebSite\",\"@id\":\"https:\/\/www.mueblesdemaderayjardin.com\/blog\/#website\",\"url\":\"https:\/\/www.mueblesdemaderayjardin.com\/blog\/\",\"name\":\"El Blog de Muebles de Madera y Jardin .COM\",\"description\":\"Somos una empresa dedicada a la producci\\u00f3n y comercializaci\\u00f3n de muebles de madera y jard\\u00edn\",\"potentialAction\":[{\"@type\":\"SearchAction\",\"target\":{\"@type\":\"EntryPoint\",\"urlTemplate\":\"https:\/\/www.mueblesdemaderayjardin.com\/blog\/?s={search_term_string}\"},\"query-input\":\"required name=search_term_string\"}],\"inLanguage\":\"es\"},{\"@type\":\"ImageObject\",\"@id\":\"https:\/\/www.mueblesdemaderayjardin.com\/blog\/mesas-y-sillas-de-balcon\/#primaryimage\",\"inLanguage\":\"es\",\"url\":\"https:\/\/www.mueblesdemaderayjardin.com\/blog\/wp-content\/uploads\/2013\/05\/Mesa_para_balcon.jpg\",\"contentUrl\":\"https:\/\/www.mueblesdemaderayjardin.com\/blog\/wp-content\/uploads\/2013\/05\/Mesa_para_balcon.jpg\",\"width\":\"598\",\"height\":\"400\",\"caption\":\"Mesa para balcon\"},{\"@type\":\"WebPage\",\"@id\":\"https:\/\/www.mueblesdemaderayjardin.com\/blog\/mesas-y-sillas-de-balcon\/#webpage\",\"url\":\"https:\/\/www.mueblesdemaderayjardin.com\/blog\/mesas-y-sillas-de-balcon\/\",\"name\":\"Mesas y Sillas de Balcon - El Blog de Muebles de Madera y Jardin .COM\",\"isPartOf\":{\"@id\":\"https:\/\/www.mueblesdemaderayjardin.com\/blog\/#website\"},\"primaryImageOfPage\":{\"@id\":\"https:\/\/www.mueblesdemaderayjardin.com\/blog\/mesas-y-sillas-de-balcon\/#primaryimage\"},\"datePublished\":\"2013-09-04T11:28:41+00:00\",\"dateModified\":\"2014-04-28T19:41:02+00:00\",\"author\":{\"@id\":\"https:\/\/www.mueblesdemaderayjardin.com\/blog\/#\/schema\/person\/7042d027aa317c2ac6adeee38f3f8341\"},\"description\":\"Las mesas y sillas de balcon realizadas en maderas duras y tratadas para su uso exterior a la intemperie resultan ser una alternativa a la hora de redise\\u00f1ar\",\"breadcrumb\":{\"@id\":\"https:\/\/www.mueblesdemaderayjardin.com\/blog\/mesas-y-sillas-de-balcon\/#breadcrumb\"},\"inLanguage\":\"es\",\"potentialAction\":[{\"@type\":\"ReadAction\",\"target\":[\"https:\/\/www.mueblesdemaderayjardin.com\/blog\/mesas-y-sillas-de-balcon\/\"]}]},{\"@type\":\"BreadcrumbList\",\"@id\":\"https:\/\/www.mueblesdemaderayjardin.com\/blog\/mesas-y-sillas-de-balcon\/#breadcrumb\",\"itemListElement\":[{\"@type\":\"ListItem\",\"position\":1,\"name\":\"Portada\",\"item\":\"https:\/\/www.mueblesdemaderayjardin.com\/blog\/\"},{\"@type\":\"ListItem\",\"position\":2,\"name\":\"Mesas y Sillas de Balcon\"}]},{\"@type\":\"Person\",\"@id\":\"https:\/\/www.mueblesdemaderayjardin.com\/blog\/#\/schema\/person\/7042d027aa317c2ac6adeee38f3f8341\",\"name\":\"Muebles de Madera y Jardin\",\"description\":\"Somos una empresa dedicada a la producci\\u00f3n y comercializaci\\u00f3n de muebles de madera maciza. Procesamos generalmente especies nativas del NEA Argentino, poniendo especial foco en el proceso de corte y secado en maderas duras y semiduras. El estacionamiento madurativo antes de la confecci\\u00f3n de los muebles es esencial para que nuestros muebles de jardin, mesas de madera, sillas de madera, bancos de madera, sillones de madera, reposeras de madera, sillas fijas de madera, sillones director de madera, mesas para bar de madera, mesas auxiliares de madera, mesas ratonas de madera, muebles rusticos de madera, y otros muebles de madera maciza puedan tener la confiabilidad de uso que usted esta buscando. Mediante una buena distinci\\u00f3n de las caracter\\u00edsticas de las especies madereras, determinamos la aptitud de las maderas para adaptarse a los diferentes dise\\u00f1os de nuestros muebles fabricados.\",\"sameAs\":[\"https:\/\/www.mueblesdemaderayjardin.com\"],\"url\":\"https:\/\/www.mueblesdemaderayjardin.com\/blog\/author\/admin\/\"}]}<\/script>\n<!-- \/ Yoast SEO plugin. -->","yoast_head_json":{"title":"Mesas y Sillas de Balcon - El Blog de Muebles de Madera y Jardin .COM","description":"Las mesas y sillas de balcon realizadas en maderas duras y tratadas para su uso exterior a la intemperie resultan ser una alternativa a la hora de redise\u00f1ar","robots":{"index":"index","follow":"follow","max-snippet":"max-snippet:-1","max-image-preview":"max-image-preview:large","max-video-preview":"max-video-preview:-1"},"canonical":"https:\/\/www.mueblesdemaderayjardin.com\/blog\/mesas-y-sillas-de-balcon\/","og_locale":"es_ES","og_type":"article","og_title":"Mesas y Sillas de Balcon - El Blog de Muebles de Madera y Jardin .COM","og_description":"Las mesas y sillas de balcon realizadas en maderas duras y tratadas para su uso exterior a la intemperie resultan ser una alternativa a la hora de redise\u00f1ar","og_url":"https:\/\/www.mueblesdemaderayjardin.com\/blog\/mesas-y-sillas-de-balcon\/","og_site_name":"El Blog de Muebles de Madera y Jardin .COM","article_published_time":"2013-09-04T11:28:41+00:00","article_modified_time":"2014-04-28T19:41:02+00:00","og_image":[{"width":"598","height":"400","url":"https:\/\/www.mueblesdemaderayjardin.com\/blog\/wp-content\/uploads\/2013\/05\/Mesa_para_balcon.jpg","type":"image\/jpeg"}],"twitter_misc":{"Escrito por":"Muebles de Madera y Jardin","Tiempo de lectura":"2 minutos"},"schema":{"@context":"https:\/\/schema.org","@graph":[{"@type":"WebSite","@id":"https:\/\/www.mueblesdemaderayjardin.com\/blog\/#website","url":"https:\/\/www.mueblesdemaderayjardin.com\/blog\/","name":"El Blog de Muebles de Madera y Jardin .COM","description":"Somos una empresa dedicada a la producci\u00f3n y comercializaci\u00f3n de muebles de madera y jard\u00edn","potentialAction":[{"@type":"SearchAction","target":{"@type":"EntryPoint","urlTemplate":"https:\/\/www.mueblesdemaderayjardin.com\/blog\/?s={search_term_string}"},"query-input":"required name=search_term_string"}],"inLanguage":"es"},{"@type":"ImageObject","@id":"https:\/\/www.mueblesdemaderayjardin.com\/blog\/mesas-y-sillas-de-balcon\/#primaryimage","inLanguage":"es","url":"https:\/\/www.mueblesdemaderayjardin.com\/blog\/wp-content\/uploads\/2013\/05\/Mesa_para_balcon.jpg","contentUrl":"https:\/\/www.mueblesdemaderayjardin.com\/blog\/wp-content\/uploads\/2013\/05\/Mesa_para_balcon.jpg","width":"598","height":"400","caption":"Mesa para balcon"},{"@type":"WebPage","@id":"https:\/\/www.mueblesdemaderayjardin.com\/blog\/mesas-y-sillas-de-balcon\/#webpage","url":"https:\/\/www.mueblesdemaderayjardin.com\/blog\/mesas-y-sillas-de-balcon\/","name":"Mesas y Sillas de Balcon - El Blog de Muebles de Madera y Jardin .COM","isPartOf":{"@id":"https:\/\/www.mueblesdemaderayjardin.com\/blog\/#website"},"primaryImageOfPage":{"@id":"https:\/\/www.mueblesdemaderayjardin.com\/blog\/mesas-y-sillas-de-balcon\/#primaryimage"},"datePublished":"2013-09-04T11:28:41+00:00","dateModified":"2014-04-28T19:41:02+00:00","author":{"@id":"https:\/\/www.mueblesdemaderayjardin.com\/blog\/#\/schema\/person\/7042d027aa317c2ac6adeee38f3f8341"},"description":"Las mesas y sillas de balcon realizadas en maderas duras y tratadas para su uso exterior a la intemperie resultan ser una alternativa a la hora de redise\u00f1ar","breadcrumb":{"@id":"https:\/\/www.mueblesdemaderayjardin.com\/blog\/mesas-y-sillas-de-balcon\/#breadcrumb"},"inLanguage":"es","potentialAction":[{"@type":"ReadAction","target":["https:\/\/www.mueblesdemaderayjardin.com\/blog\/mesas-y-sillas-de-balcon\/"]}]},{"@type":"BreadcrumbList","@id":"https:\/\/www.mueblesdemaderayjardin.com\/blog\/mesas-y-sillas-de-balcon\/#breadcrumb","itemListElement":[{"@type":"ListItem","position":1,"name":"Portada","item":"https:\/\/www.mueblesdemaderayjardin.com\/blog\/"},{"@type":"ListItem","position":2,"name":"Mesas y Sillas de Balcon"}]},{"@type":"Person","@id":"https:\/\/www.mueblesdemaderayjardin.com\/blog\/#\/schema\/person\/7042d027aa317c2ac6adeee38f3f8341","name":"Muebles de Madera y Jardin","description":"Somos una empresa dedicada a la producci\u00f3n y comercializaci\u00f3n de muebles de madera maciza. Procesamos generalmente especies nativas del NEA Argentino, poniendo especial foco en el proceso de corte y secado en maderas duras y semiduras. El estacionamiento madurativo antes de la confecci\u00f3n de los muebles es esencial para que nuestros muebles de jardin, mesas de madera, sillas de madera, bancos de madera, sillones de madera, reposeras de madera, sillas fijas de madera, sillones director de madera, mesas para bar de madera, mesas auxiliares de madera, mesas ratonas de madera, muebles rusticos de madera, y otros muebles de madera maciza puedan tener la confiabilidad de uso que usted esta buscando. Mediante una buena distinci\u00f3n de las caracter\u00edsticas de las especies madereras, determinamos la aptitud de las maderas para adaptarse a los diferentes dise\u00f1os de nuestros muebles fabricados.","sameAs":["https:\/\/www.mueblesdemaderayjardin.com"],"url":"https:\/\/www.mueblesdemaderayjardin.com\/blog\/author\/admin\/"}]}},"_links":{"self":[{"href":"https:\/\/www.mueblesdemaderayjardin.com\/blog\/wp-json\/wp\/v2\/posts\/1834"}],"collection":[{"href":"https:\/\/www.mueblesdemaderayjardin.com\/blog\/wp-json\/wp\/v2\/posts"}],"about":[{"href":"https:\/\/www.mueblesdemaderayjardin.com\/blog\/wp-json\/wp\/v2\/types\/post"}],"author":[{"embeddable":true,"href":"https:\/\/www.mueblesdemaderayjardin.com\/blog\/wp-json\/wp\/v2\/users\/1"}],"replies":[{"embeddable":true,"href":"https:\/\/www.mueblesdemaderayjardin.com\/blog\/wp-json\/wp\/v2\/comments?post=1834"}],"version-history":[{"count":4,"href":"https:\/\/www.mueblesdemaderayjardin.com\/blog\/wp-json\/wp\/v2\/posts\/1834\/revisions"}],"predecessor-version":[{"id":2483,"href":"https:\/\/www.mueblesdemaderayjardin.com\/blog\/wp-json\/wp\/v2\/posts\/1834\/revisions\/2483"}],"wp:featuredmedia":[{"embeddable":true,"href":"https:\/\/www.mueblesdemaderayjardin.com\/blog\/wp-json\/wp\/v2\/media\/1177"}],"wp:attachment":[{"href":"https:\/\/www.mueblesdemaderayjardin.com\/blog\/wp-json\/wp\/v2\/media?parent=1834"}],"wp:term":[{"taxonomy":"category","embeddable":true,"href":"https:\/\/www.mueblesdemaderayjardin.com\/blog\/wp-json\/wp\/v2\/categories?post=1834"},{"taxonomy":"post_tag","embeddable":true,"href":"https:\/\/www.mueblesdemaderayjardin.com\/blog\/wp-json\/wp\/v2\/tags?post=1834"}],"curies":[{"name":"wp","href":"https:\/\/api.w.org\/{rel}","templated":true}]}}