{"id":1842,"date":"2013-09-04T08:51:58","date_gmt":"2013-09-04T11:51:58","guid":{"rendered":"http:\/\/www.mueblesdemaderayjardin.com\/blog\/?p=1842"},"modified":"2014-04-26T15:07:00","modified_gmt":"2014-04-26T18:07:00","slug":"fabrica-de-sillas-de-jardin","status":"publish","type":"post","link":"https:\/\/www.mueblesdemaderayjardin.com\/blog\/fabrica-de-sillas-de-jardin\/","title":{"rendered":"Fabrica de Sillas de Jardin"},"content":{"rendered":"<p style=\"text-align: justify;\">Como fabrica de sillas de jardin construimos las mejores sillas y sillones de madera para espacios exteriores como pueden ser parques, jardines y terrazas. En nuestro cat\u00e1logo de muebles de madera podr\u00e1 encontrar diversos modelos de sillas de jardin, ya sea sillas fijas o plegables que pueden utilizarse tanto como muebles de exterior o como muebles de interior.<\/p>\n<p style=\"text-align: justify;\">Nuestra f\u00e1brica de sillas de jardin cuenta con la capacidad para producir grandes cantidades de sillas de jard\u00edn de excelente calidad, lo que nos convierte en una inmejorable opci\u00f3n como proveedores para grandes cadenas de la industria gastron\u00f3mica, como pueden ser bares, restaurantes o helader\u00edas.<\/p>\n<figure id=\"attachment_1351\" aria-describedby=\"caption-attachment-1351\" style=\"width: 540px\" class=\"wp-caption aligncenter\"><a title=\"F\u00e1brica de sillas de Jard\u00edn\" href=\"https:\/\/www.mueblesdemaderayjardin.com\/blog\/wp-content\/uploads\/2013\/07\/fabrica-de-sillas-de-jardin.jpg\" rel=\"lightbox[jueratt_50|jueratt_50]\"><img loading=\"lazy\" class=\"size-full wp-image-1351 \" title=\"Fabrica de Sillas de Jardin\" alt=\"Fabrica de Sillas de Jardin\" src=\"https:\/\/www.mueblesdemaderayjardin.com\/blog\/wp-content\/uploads\/2013\/07\/fabrica-de-sillas-de-jardin.jpg\" width=\"540\" height=\"360\" srcset=\"https:\/\/www.mueblesdemaderayjardin.com\/blog\/wp-content\/uploads\/2013\/07\/fabrica-de-sillas-de-jardin.jpg 540w, https:\/\/www.mueblesdemaderayjardin.com\/blog\/wp-content\/uploads\/2013\/07\/fabrica-de-sillas-de-jardin-300x200.jpg 300w\" sizes=\"(max-width: 540px) 100vw, 540px\" \/><\/a><figcaption id=\"caption-attachment-1351\" class=\"wp-caption-text\">Fabrica de Sillas de Jardin<\/figcaption><\/figure>\n<h2 style=\"text-align: center;\"><b>Fabrica de sillas de Jardin<\/b><\/h2>\n<p style=\"text-align: justify;\">En nuestra <a title=\"fabrica de sillas\" href=\"https:\/\/www.mueblesdemaderayjardin.com\/sillas\/fabrica-sillas.html\">fabrica de sillas<\/a> de jardin encontrar\u00e1 productos elegantes, construidos cuidadosamente con las mejores maderas seleccionadas y estacionadas, pudiendo nuestros clientes optar entre diferentes maderas como incienso, teka, lapacho, cedro, entre otras maderas duras o semiduras de excelentes propiedades mec\u00e1nicas. La selecci\u00f3n adecuada del tipo de madera le brindar\u00e1 a sus sillas la prestaci\u00f3n \u00f3ptima dependiendo del espacio en la que se la vaya utilizar, ya sea en ambientes cubiertos o semicubiertos o en jardines y terrazas, donde deber\u00e1n resistir el desgaste producto de su exposici\u00f3n prolongada a los rayos de sol o a la eventual lluvia.<\/p>\n<p style=\"text-align: justify;\">Para la construcci\u00f3n de nuestras sillas de jard\u00edn utilizamos productos de primera l\u00ednea, lo que nos distingue como f\u00e1brica de sillas de jard\u00edn, y le damos a todos nuestros muebles de madera una terminaci\u00f3n de laca poliuret\u00e1nica que le brindar\u00e1 protecci\u00f3n extra, adem\u00e1s de resaltar la belleza natural de la madera.<\/p>\n<p style=\"text-align: justify;\">En nuestra f\u00e1brica de sillas de jard\u00edn tambi\u00e9n encontrar\u00e1 diferentes modelos de mesas para completar el conjunto. Los muebles de madera vestir\u00e1n con elegancia y jerarquizar\u00e1n sus espacios, aport\u00e1ndoles calidez y nobleza, y por eso resultan ser la mejor alternativa.<\/p>\n<!-- AddThis Advanced Settings generic via filter on the_content --><!-- AddThis Share Buttons generic via filter on the_content -->","protected":false},"excerpt":{"rendered":"<p>Como fabrica de sillas de jardin construimos las mejores sillas y sillones de madera para espacios exteriores como pueden ser parques, jardines y terrazas. En nuestro cat\u00e1logo de muebles de madera podr\u00e1 encontrar diversos modelos de sillas de jardin, ya sea sillas fijas o plegables que pueden utilizarse tanto como muebles de exterior o como [&hellip;]<!-- AddThis Advanced Settings generic via filter on get_the_excerpt --><!-- AddThis Share Buttons generic via filter on get_the_excerpt --><\/p>\n","protected":false},"author":1,"featured_media":1351,"comment_status":"open","ping_status":"closed","sticky":false,"template":"","format":"standard","meta":[],"categories":[74],"tags":[],"yoast_head":"<!-- This site is optimized with the Yoast SEO plugin v17.3 - https:\/\/yoast.com\/wordpress\/plugins\/seo\/ -->\n<title>Fabrica de Sillas de Jardin - El Blog de Muebles de Madera y Jardin .COM<\/title>\n<meta name=\"description\" content=\"Como fabrica de sillas de jardin construimos las mejores sillas y sillones de madera para espacios exteriores como pueden ser parques, jardines y terrazas.\" \/>\n<meta name=\"robots\" content=\"index, follow, max-snippet:-1, max-image-preview:large, max-video-preview:-1\" \/>\n<link rel=\"canonical\" href=\"https:\/\/www.mueblesdemaderayjardin.com\/blog\/fabrica-de-sillas-de-jardin\/\" \/>\n<meta property=\"og:locale\" content=\"es_ES\" \/>\n<meta property=\"og:type\" content=\"article\" \/>\n<meta property=\"og:title\" content=\"Fabrica de Sillas de Jardin - El Blog de Muebles de Madera y Jardin .COM\" \/>\n<meta property=\"og:description\" content=\"Como fabrica de sillas de jardin construimos las mejores sillas y sillones de madera para espacios exteriores como pueden ser parques, jardines y terrazas.\" \/>\n<meta property=\"og:url\" content=\"https:\/\/www.mueblesdemaderayjardin.com\/blog\/fabrica-de-sillas-de-jardin\/\" \/>\n<meta property=\"og:site_name\" content=\"El Blog de Muebles de Madera y Jardin .COM\" \/>\n<meta property=\"article:published_time\" content=\"2013-09-04T11:51:58+00:00\" \/>\n<meta property=\"article:modified_time\" content=\"2014-04-26T18:07:00+00:00\" \/>\n<meta property=\"og:image\" content=\"https:\/\/www.mueblesdemaderayjardin.com\/blog\/wp-content\/uploads\/2013\/07\/fabrica-de-sillas-de-jardin.jpg\" \/>\n\t<meta property=\"og:image:width\" content=\"540\" \/>\n\t<meta property=\"og:image:height\" content=\"360\" \/>\n<meta name=\"twitter:label1\" content=\"Escrito por\" \/>\n\t<meta name=\"twitter:data1\" content=\"Muebles de Madera y Jardin\" \/>\n\t<meta name=\"twitter:label2\" content=\"Tiempo de lectura\" \/>\n\t<meta name=\"twitter:data2\" content=\"2 minutos\" \/>\n<script type=\"application\/ld+json\" class=\"yoast-schema-graph\">{\"@context\":\"https:\/\/schema.org\",\"@graph\":[{\"@type\":\"WebSite\",\"@id\":\"https:\/\/www.mueblesdemaderayjardin.com\/blog\/#website\",\"url\":\"https:\/\/www.mueblesdemaderayjardin.com\/blog\/\",\"name\":\"El Blog de Muebles de Madera y Jardin .COM\",\"description\":\"Somos una empresa dedicada a la producci\\u00f3n y comercializaci\\u00f3n de muebles de madera y jard\\u00edn\",\"potentialAction\":[{\"@type\":\"SearchAction\",\"target\":{\"@type\":\"EntryPoint\",\"urlTemplate\":\"https:\/\/www.mueblesdemaderayjardin.com\/blog\/?s={search_term_string}\"},\"query-input\":\"required name=search_term_string\"}],\"inLanguage\":\"es\"},{\"@type\":\"ImageObject\",\"@id\":\"https:\/\/www.mueblesdemaderayjardin.com\/blog\/fabrica-de-sillas-de-jardin\/#primaryimage\",\"inLanguage\":\"es\",\"url\":\"https:\/\/www.mueblesdemaderayjardin.com\/blog\/wp-content\/uploads\/2013\/07\/fabrica-de-sillas-de-jardin.jpg\",\"contentUrl\":\"https:\/\/www.mueblesdemaderayjardin.com\/blog\/wp-content\/uploads\/2013\/07\/fabrica-de-sillas-de-jardin.jpg\",\"width\":\"540\",\"height\":\"360\"},{\"@type\":\"WebPage\",\"@id\":\"https:\/\/www.mueblesdemaderayjardin.com\/blog\/fabrica-de-sillas-de-jardin\/#webpage\",\"url\":\"https:\/\/www.mueblesdemaderayjardin.com\/blog\/fabrica-de-sillas-de-jardin\/\",\"name\":\"Fabrica de Sillas de Jardin - El Blog de Muebles de Madera y Jardin .COM\",\"isPartOf\":{\"@id\":\"https:\/\/www.mueblesdemaderayjardin.com\/blog\/#website\"},\"primaryImageOfPage\":{\"@id\":\"https:\/\/www.mueblesdemaderayjardin.com\/blog\/fabrica-de-sillas-de-jardin\/#primaryimage\"},\"datePublished\":\"2013-09-04T11:51:58+00:00\",\"dateModified\":\"2014-04-26T18:07:00+00:00\",\"author\":{\"@id\":\"https:\/\/www.mueblesdemaderayjardin.com\/blog\/#\/schema\/person\/7042d027aa317c2ac6adeee38f3f8341\"},\"description\":\"Como fabrica de sillas de jardin construimos las mejores sillas y sillones de madera para espacios exteriores como pueden ser parques, jardines y terrazas.\",\"breadcrumb\":{\"@id\":\"https:\/\/www.mueblesdemaderayjardin.com\/blog\/fabrica-de-sillas-de-jardin\/#breadcrumb\"},\"inLanguage\":\"es\",\"potentialAction\":[{\"@type\":\"ReadAction\",\"target\":[\"https:\/\/www.mueblesdemaderayjardin.com\/blog\/fabrica-de-sillas-de-jardin\/\"]}]},{\"@type\":\"BreadcrumbList\",\"@id\":\"https:\/\/www.mueblesdemaderayjardin.com\/blog\/fabrica-de-sillas-de-jardin\/#breadcrumb\",\"itemListElement\":[{\"@type\":\"ListItem\",\"position\":1,\"name\":\"Portada\",\"item\":\"https:\/\/www.mueblesdemaderayjardin.com\/blog\/\"},{\"@type\":\"ListItem\",\"position\":2,\"name\":\"Fabrica de Sillas de Jardin\"}]},{\"@type\":\"Person\",\"@id\":\"https:\/\/www.mueblesdemaderayjardin.com\/blog\/#\/schema\/person\/7042d027aa317c2ac6adeee38f3f8341\",\"name\":\"Muebles de Madera y Jardin\",\"description\":\"Somos una empresa dedicada a la producci\\u00f3n y comercializaci\\u00f3n de muebles de madera maciza. Procesamos generalmente especies nativas del NEA Argentino, poniendo especial foco en el proceso de corte y secado en maderas duras y semiduras. El estacionamiento madurativo antes de la confecci\\u00f3n de los muebles es esencial para que nuestros muebles de jardin, mesas de madera, sillas de madera, bancos de madera, sillones de madera, reposeras de madera, sillas fijas de madera, sillones director de madera, mesas para bar de madera, mesas auxiliares de madera, mesas ratonas de madera, muebles rusticos de madera, y otros muebles de madera maciza puedan tener la confiabilidad de uso que usted esta buscando. Mediante una buena distinci\\u00f3n de las caracter\\u00edsticas de las especies madereras, determinamos la aptitud de las maderas para adaptarse a los diferentes dise\\u00f1os de nuestros muebles fabricados.\",\"sameAs\":[\"https:\/\/www.mueblesdemaderayjardin.com\"],\"url\":\"https:\/\/www.mueblesdemaderayjardin.com\/blog\/author\/admin\/\"}]}<\/script>\n<!-- \/ Yoast SEO plugin. -->","yoast_head_json":{"title":"Fabrica de Sillas de Jardin - El Blog de Muebles de Madera y Jardin .COM","description":"Como fabrica de sillas de jardin construimos las mejores sillas y sillones de madera para espacios exteriores como pueden ser parques, jardines y terrazas.","robots":{"index":"index","follow":"follow","max-snippet":"max-snippet:-1","max-image-preview":"max-image-preview:large","max-video-preview":"max-video-preview:-1"},"canonical":"https:\/\/www.mueblesdemaderayjardin.com\/blog\/fabrica-de-sillas-de-jardin\/","og_locale":"es_ES","og_type":"article","og_title":"Fabrica de Sillas de Jardin - El Blog de Muebles de Madera y Jardin .COM","og_description":"Como fabrica de sillas de jardin construimos las mejores sillas y sillones de madera para espacios exteriores como pueden ser parques, jardines y terrazas.","og_url":"https:\/\/www.mueblesdemaderayjardin.com\/blog\/fabrica-de-sillas-de-jardin\/","og_site_name":"El Blog de Muebles de Madera y Jardin .COM","article_published_time":"2013-09-04T11:51:58+00:00","article_modified_time":"2014-04-26T18:07:00+00:00","og_image":[{"width":"540","height":"360","url":"https:\/\/www.mueblesdemaderayjardin.com\/blog\/wp-content\/uploads\/2013\/07\/fabrica-de-sillas-de-jardin.jpg","type":"image\/jpeg"}],"twitter_misc":{"Escrito por":"Muebles de Madera y Jardin","Tiempo de lectura":"2 minutos"},"schema":{"@context":"https:\/\/schema.org","@graph":[{"@type":"WebSite","@id":"https:\/\/www.mueblesdemaderayjardin.com\/blog\/#website","url":"https:\/\/www.mueblesdemaderayjardin.com\/blog\/","name":"El Blog de Muebles de Madera y Jardin .COM","description":"Somos una empresa dedicada a la producci\u00f3n y comercializaci\u00f3n de muebles de madera y jard\u00edn","potentialAction":[{"@type":"SearchAction","target":{"@type":"EntryPoint","urlTemplate":"https:\/\/www.mueblesdemaderayjardin.com\/blog\/?s={search_term_string}"},"query-input":"required name=search_term_string"}],"inLanguage":"es"},{"@type":"ImageObject","@id":"https:\/\/www.mueblesdemaderayjardin.com\/blog\/fabrica-de-sillas-de-jardin\/#primaryimage","inLanguage":"es","url":"https:\/\/www.mueblesdemaderayjardin.com\/blog\/wp-content\/uploads\/2013\/07\/fabrica-de-sillas-de-jardin.jpg","contentUrl":"https:\/\/www.mueblesdemaderayjardin.com\/blog\/wp-content\/uploads\/2013\/07\/fabrica-de-sillas-de-jardin.jpg","width":"540","height":"360"},{"@type":"WebPage","@id":"https:\/\/www.mueblesdemaderayjardin.com\/blog\/fabrica-de-sillas-de-jardin\/#webpage","url":"https:\/\/www.mueblesdemaderayjardin.com\/blog\/fabrica-de-sillas-de-jardin\/","name":"Fabrica de Sillas de Jardin - El Blog de Muebles de Madera y Jardin .COM","isPartOf":{"@id":"https:\/\/www.mueblesdemaderayjardin.com\/blog\/#website"},"primaryImageOfPage":{"@id":"https:\/\/www.mueblesdemaderayjardin.com\/blog\/fabrica-de-sillas-de-jardin\/#primaryimage"},"datePublished":"2013-09-04T11:51:58+00:00","dateModified":"2014-04-26T18:07:00+00:00","author":{"@id":"https:\/\/www.mueblesdemaderayjardin.com\/blog\/#\/schema\/person\/7042d027aa317c2ac6adeee38f3f8341"},"description":"Como fabrica de sillas de jardin construimos las mejores sillas y sillones de madera para espacios exteriores como pueden ser parques, jardines y terrazas.","breadcrumb":{"@id":"https:\/\/www.mueblesdemaderayjardin.com\/blog\/fabrica-de-sillas-de-jardin\/#breadcrumb"},"inLanguage":"es","potentialAction":[{"@type":"ReadAction","target":["https:\/\/www.mueblesdemaderayjardin.com\/blog\/fabrica-de-sillas-de-jardin\/"]}]},{"@type":"BreadcrumbList","@id":"https:\/\/www.mueblesdemaderayjardin.com\/blog\/fabrica-de-sillas-de-jardin\/#breadcrumb","itemListElement":[{"@type":"ListItem","position":1,"name":"Portada","item":"https:\/\/www.mueblesdemaderayjardin.com\/blog\/"},{"@type":"ListItem","position":2,"name":"Fabrica de Sillas de Jardin"}]},{"@type":"Person","@id":"https:\/\/www.mueblesdemaderayjardin.com\/blog\/#\/schema\/person\/7042d027aa317c2ac6adeee38f3f8341","name":"Muebles de Madera y Jardin","description":"Somos una empresa dedicada a la producci\u00f3n y comercializaci\u00f3n de muebles de madera maciza. Procesamos generalmente especies nativas del NEA Argentino, poniendo especial foco en el proceso de corte y secado en maderas duras y semiduras. El estacionamiento madurativo antes de la confecci\u00f3n de los muebles es esencial para que nuestros muebles de jardin, mesas de madera, sillas de madera, bancos de madera, sillones de madera, reposeras de madera, sillas fijas de madera, sillones director de madera, mesas para bar de madera, mesas auxiliares de madera, mesas ratonas de madera, muebles rusticos de madera, y otros muebles de madera maciza puedan tener la confiabilidad de uso que usted esta buscando. Mediante una buena distinci\u00f3n de las caracter\u00edsticas de las especies madereras, determinamos la aptitud de las maderas para adaptarse a los diferentes dise\u00f1os de nuestros muebles fabricados.","sameAs":["https:\/\/www.mueblesdemaderayjardin.com"],"url":"https:\/\/www.mueblesdemaderayjardin.com\/blog\/author\/admin\/"}]}},"_links":{"self":[{"href":"https:\/\/www.mueblesdemaderayjardin.com\/blog\/wp-json\/wp\/v2\/posts\/1842"}],"collection":[{"href":"https:\/\/www.mueblesdemaderayjardin.com\/blog\/wp-json\/wp\/v2\/posts"}],"about":[{"href":"https:\/\/www.mueblesdemaderayjardin.com\/blog\/wp-json\/wp\/v2\/types\/post"}],"author":[{"embeddable":true,"href":"https:\/\/www.mueblesdemaderayjardin.com\/blog\/wp-json\/wp\/v2\/users\/1"}],"replies":[{"embeddable":true,"href":"https:\/\/www.mueblesdemaderayjardin.com\/blog\/wp-json\/wp\/v2\/comments?post=1842"}],"version-history":[{"count":5,"href":"https:\/\/www.mueblesdemaderayjardin.com\/blog\/wp-json\/wp\/v2\/posts\/1842\/revisions"}],"predecessor-version":[{"id":2471,"href":"https:\/\/www.mueblesdemaderayjardin.com\/blog\/wp-json\/wp\/v2\/posts\/1842\/revisions\/2471"}],"wp:featuredmedia":[{"embeddable":true,"href":"https:\/\/www.mueblesdemaderayjardin.com\/blog\/wp-json\/wp\/v2\/media\/1351"}],"wp:attachment":[{"href":"https:\/\/www.mueblesdemaderayjardin.com\/blog\/wp-json\/wp\/v2\/media?parent=1842"}],"wp:term":[{"taxonomy":"category","embeddable":true,"href":"https:\/\/www.mueblesdemaderayjardin.com\/blog\/wp-json\/wp\/v2\/categories?post=1842"},{"taxonomy":"post_tag","embeddable":true,"href":"https:\/\/www.mueblesdemaderayjardin.com\/blog\/wp-json\/wp\/v2\/tags?post=1842"}],"curies":[{"name":"wp","href":"https:\/\/api.w.org\/{rel}","templated":true}]}}