{"id":1900,"date":"2013-09-18T08:55:30","date_gmt":"2013-09-18T11:55:30","guid":{"rendered":"http:\/\/www.mueblesdemaderayjardin.com\/blog\/?p=1900"},"modified":"2014-04-19T11:52:37","modified_gmt":"2014-04-19T14:52:37","slug":"sillas-de-madera-para-galerias","status":"publish","type":"post","link":"https:\/\/www.mueblesdemaderayjardin.com\/blog\/sillas-de-madera-para-galerias\/","title":{"rendered":"Sillas de Madera Para Galerias"},"content":{"rendered":"<p style=\"text-align: justify;\">Las sillas de madera para galerias tienen todo lo que usted necesita para confeccionar un conjunto de muebles de madera de jerarqu\u00eda, que no desentonen con el resto de la casa. Entre nuestros muebles de madera usted podr\u00e1 encontrar una alta variedad de sillas de madera para galerias, ya sea se trate de sillas fijas para galer\u00edas o sillas plegables para galer\u00edas con y sin apoyabrazos.<\/p>\n<p style=\"text-align: justify;\">Como fabricantes de <a title=\"sillas de madera\" href=\"https:\/\/www.mueblesdemaderayjardin.com\/sillas.html\">sillas de madera<\/a> para galerias hemos desarrollado diferentes productos en cuanto a su forma y dise\u00f1o, pero en todos los casos nuestra prioridad ha sido darles una excelente estructura sin resignar belleza y calidez. Por eso elegimos trabajar con maderas duras y semiduras como el incienso, la teka, el cedro, el lapacho o la guayubira, eligiendo maderas seleccionadas y estacionadas, algo que para nosotros es garant\u00eda para una excelente prestaci\u00f3n, ya que el secado evita que la madera se deforme con el uso y el paso del tiempo.<\/p>\n<figure id=\"attachment_1441\" aria-describedby=\"caption-attachment-1441\" style=\"width: 540px\" class=\"wp-caption aligncenter\"><a title=\"Sillas de madera para galer\u00edas\" href=\"https:\/\/www.mueblesdemaderayjardin.com\/blog\/wp-content\/uploads\/2013\/07\/sillas-de-madera-para-galeria.jpg\" rel=\"lightbox[jueratt_50|jueratt_50]\"><img loading=\"lazy\" class=\"size-full wp-image-1441 \" title=\"Sillas de Madera Para Galerias\" alt=\"Sillas de Madera Para Galerias\" src=\"https:\/\/www.mueblesdemaderayjardin.com\/blog\/wp-content\/uploads\/2013\/07\/sillas-de-madera-para-galeria.jpg\" width=\"540\" height=\"360\" srcset=\"https:\/\/www.mueblesdemaderayjardin.com\/blog\/wp-content\/uploads\/2013\/07\/sillas-de-madera-para-galeria.jpg 540w, https:\/\/www.mueblesdemaderayjardin.com\/blog\/wp-content\/uploads\/2013\/07\/sillas-de-madera-para-galeria-300x200.jpg 300w\" sizes=\"(max-width: 540px) 100vw, 540px\" \/><\/a><figcaption id=\"caption-attachment-1441\" class=\"wp-caption-text\">Sillas de Madera Para Galerias<\/figcaption><\/figure>\n<h2 style=\"text-align: center;\"><b>Sillas de madera para galerias<\/b><\/h2>\n<p style=\"text-align: justify;\">Todos nuestras sillas de madera para galerias est\u00e1n construidas con productos de primera l\u00ednea, haciendo foco en los encastres para que estos no fallen con el uso y las sillas de madera para galer\u00edas no pierdan su prestancia.<\/p>\n<p style=\"text-align: justify;\">Adem\u00e1s, como lo hacemos con todos nuestros muebles de exterior y nuestros muebles de jard\u00edn, las sillas de madera para galer\u00edas son terminadas con un lustre a la laca, que adem\u00e1s de realzar la belleza de la madera la proteger\u00e1 en el caso de que esta deba soportar la exposici\u00f3n prolongada a la intemperie.<\/p>\n<p style=\"text-align: justify;\">Al ser fabricantes de sillas de madera para galerias, podemos resolver cualquier pedido por m\u00e1s grande que sea, s\u00f3lo es cuesti\u00f3n de consultarnos. Somos proveedores de casas de familia, countries y barrios cerrados, y tambi\u00e9n abastecemos a la industria gastron\u00f3mica.<\/p>\n<p style=\"text-align: justify;\">Nuestras sillas de madera para galer\u00edas son realmente bellas y junto con la mesa correspondiente para completar el juego, le aportar\u00e1n a sus ambientes calidez y jerarqu\u00eda.<\/p>\n<!-- AddThis Advanced Settings generic via filter on the_content --><!-- AddThis Share Buttons generic via filter on the_content -->","protected":false},"excerpt":{"rendered":"<p>Las sillas de madera para galerias tienen todo lo que usted necesita para confeccionar un conjunto de muebles de madera de jerarqu\u00eda, que no desentonen con el resto de la casa. Entre nuestros muebles de madera usted podr\u00e1 encontrar una alta variedad de sillas de madera para galerias, ya sea se trate de sillas fijas [&hellip;]<!-- AddThis Advanced Settings generic via filter on get_the_excerpt --><!-- AddThis Share Buttons generic via filter on get_the_excerpt --><\/p>\n","protected":false},"author":1,"featured_media":1441,"comment_status":"open","ping_status":"closed","sticky":false,"template":"","format":"standard","meta":[],"categories":[152],"tags":[],"yoast_head":"<!-- This site is optimized with the Yoast SEO plugin v17.3 - https:\/\/yoast.com\/wordpress\/plugins\/seo\/ -->\n<title>Sillas de Madera Para Galerias - El Blog de Muebles de Madera y Jardin .COM<\/title>\n<meta name=\"description\" content=\"Las sillas de madera para galerias tienen todo lo que usted necesita para confeccionar un conjunto de muebles de madera de jerarqu\u00eda, que no desentonen\" \/>\n<meta name=\"robots\" content=\"index, follow, max-snippet:-1, max-image-preview:large, max-video-preview:-1\" \/>\n<link rel=\"canonical\" href=\"https:\/\/www.mueblesdemaderayjardin.com\/blog\/sillas-de-madera-para-galerias\/\" \/>\n<meta property=\"og:locale\" content=\"es_ES\" \/>\n<meta property=\"og:type\" content=\"article\" \/>\n<meta property=\"og:title\" content=\"Sillas de Madera Para Galerias - El Blog de Muebles de Madera y Jardin .COM\" \/>\n<meta property=\"og:description\" content=\"Las sillas de madera para galerias tienen todo lo que usted necesita para confeccionar un conjunto de muebles de madera de jerarqu\u00eda, que no desentonen\" \/>\n<meta property=\"og:url\" content=\"https:\/\/www.mueblesdemaderayjardin.com\/blog\/sillas-de-madera-para-galerias\/\" \/>\n<meta property=\"og:site_name\" content=\"El Blog de Muebles de Madera y Jardin .COM\" \/>\n<meta property=\"article:published_time\" content=\"2013-09-18T11:55:30+00:00\" \/>\n<meta property=\"article:modified_time\" content=\"2014-04-19T14:52:37+00:00\" \/>\n<meta property=\"og:image\" content=\"https:\/\/www.mueblesdemaderayjardin.com\/blog\/wp-content\/uploads\/2013\/07\/sillas-de-madera-para-galeria.jpg\" \/>\n\t<meta property=\"og:image:width\" content=\"540\" \/>\n\t<meta property=\"og:image:height\" content=\"360\" \/>\n<meta name=\"twitter:label1\" content=\"Escrito por\" \/>\n\t<meta name=\"twitter:data1\" content=\"Muebles de Madera y Jardin\" \/>\n\t<meta name=\"twitter:label2\" content=\"Tiempo de lectura\" \/>\n\t<meta name=\"twitter:data2\" content=\"2 minutos\" \/>\n<script type=\"application\/ld+json\" class=\"yoast-schema-graph\">{\"@context\":\"https:\/\/schema.org\",\"@graph\":[{\"@type\":\"WebSite\",\"@id\":\"https:\/\/www.mueblesdemaderayjardin.com\/blog\/#website\",\"url\":\"https:\/\/www.mueblesdemaderayjardin.com\/blog\/\",\"name\":\"El Blog de Muebles de Madera y Jardin .COM\",\"description\":\"Somos una empresa dedicada a la producci\\u00f3n y comercializaci\\u00f3n de muebles de madera y jard\\u00edn\",\"potentialAction\":[{\"@type\":\"SearchAction\",\"target\":{\"@type\":\"EntryPoint\",\"urlTemplate\":\"https:\/\/www.mueblesdemaderayjardin.com\/blog\/?s={search_term_string}\"},\"query-input\":\"required name=search_term_string\"}],\"inLanguage\":\"es\"},{\"@type\":\"ImageObject\",\"@id\":\"https:\/\/www.mueblesdemaderayjardin.com\/blog\/sillas-de-madera-para-galerias\/#primaryimage\",\"inLanguage\":\"es\",\"url\":\"https:\/\/www.mueblesdemaderayjardin.com\/blog\/wp-content\/uploads\/2013\/07\/sillas-de-madera-para-galeria.jpg\",\"contentUrl\":\"https:\/\/www.mueblesdemaderayjardin.com\/blog\/wp-content\/uploads\/2013\/07\/sillas-de-madera-para-galeria.jpg\",\"width\":\"540\",\"height\":\"360\"},{\"@type\":\"WebPage\",\"@id\":\"https:\/\/www.mueblesdemaderayjardin.com\/blog\/sillas-de-madera-para-galerias\/#webpage\",\"url\":\"https:\/\/www.mueblesdemaderayjardin.com\/blog\/sillas-de-madera-para-galerias\/\",\"name\":\"Sillas de Madera Para Galerias - El Blog de Muebles de Madera y Jardin .COM\",\"isPartOf\":{\"@id\":\"https:\/\/www.mueblesdemaderayjardin.com\/blog\/#website\"},\"primaryImageOfPage\":{\"@id\":\"https:\/\/www.mueblesdemaderayjardin.com\/blog\/sillas-de-madera-para-galerias\/#primaryimage\"},\"datePublished\":\"2013-09-18T11:55:30+00:00\",\"dateModified\":\"2014-04-19T14:52:37+00:00\",\"author\":{\"@id\":\"https:\/\/www.mueblesdemaderayjardin.com\/blog\/#\/schema\/person\/7042d027aa317c2ac6adeee38f3f8341\"},\"description\":\"Las sillas de madera para galerias tienen todo lo que usted necesita para confeccionar un conjunto de muebles de madera de jerarqu\\u00eda, que no desentonen\",\"breadcrumb\":{\"@id\":\"https:\/\/www.mueblesdemaderayjardin.com\/blog\/sillas-de-madera-para-galerias\/#breadcrumb\"},\"inLanguage\":\"es\",\"potentialAction\":[{\"@type\":\"ReadAction\",\"target\":[\"https:\/\/www.mueblesdemaderayjardin.com\/blog\/sillas-de-madera-para-galerias\/\"]}]},{\"@type\":\"BreadcrumbList\",\"@id\":\"https:\/\/www.mueblesdemaderayjardin.com\/blog\/sillas-de-madera-para-galerias\/#breadcrumb\",\"itemListElement\":[{\"@type\":\"ListItem\",\"position\":1,\"name\":\"Portada\",\"item\":\"https:\/\/www.mueblesdemaderayjardin.com\/blog\/\"},{\"@type\":\"ListItem\",\"position\":2,\"name\":\"Sillas de Madera Para Galerias\"}]},{\"@type\":\"Person\",\"@id\":\"https:\/\/www.mueblesdemaderayjardin.com\/blog\/#\/schema\/person\/7042d027aa317c2ac6adeee38f3f8341\",\"name\":\"Muebles de Madera y Jardin\",\"description\":\"Somos una empresa dedicada a la producci\\u00f3n y comercializaci\\u00f3n de muebles de madera maciza. Procesamos generalmente especies nativas del NEA Argentino, poniendo especial foco en el proceso de corte y secado en maderas duras y semiduras. El estacionamiento madurativo antes de la confecci\\u00f3n de los muebles es esencial para que nuestros muebles de jardin, mesas de madera, sillas de madera, bancos de madera, sillones de madera, reposeras de madera, sillas fijas de madera, sillones director de madera, mesas para bar de madera, mesas auxiliares de madera, mesas ratonas de madera, muebles rusticos de madera, y otros muebles de madera maciza puedan tener la confiabilidad de uso que usted esta buscando. Mediante una buena distinci\\u00f3n de las caracter\\u00edsticas de las especies madereras, determinamos la aptitud de las maderas para adaptarse a los diferentes dise\\u00f1os de nuestros muebles fabricados.\",\"sameAs\":[\"https:\/\/www.mueblesdemaderayjardin.com\"],\"url\":\"https:\/\/www.mueblesdemaderayjardin.com\/blog\/author\/admin\/\"}]}<\/script>\n<!-- \/ Yoast SEO plugin. -->","yoast_head_json":{"title":"Sillas de Madera Para Galerias - El Blog de Muebles de Madera y Jardin .COM","description":"Las sillas de madera para galerias tienen todo lo que usted necesita para confeccionar un conjunto de muebles de madera de jerarqu\u00eda, que no desentonen","robots":{"index":"index","follow":"follow","max-snippet":"max-snippet:-1","max-image-preview":"max-image-preview:large","max-video-preview":"max-video-preview:-1"},"canonical":"https:\/\/www.mueblesdemaderayjardin.com\/blog\/sillas-de-madera-para-galerias\/","og_locale":"es_ES","og_type":"article","og_title":"Sillas de Madera Para Galerias - El Blog de Muebles de Madera y Jardin .COM","og_description":"Las sillas de madera para galerias tienen todo lo que usted necesita para confeccionar un conjunto de muebles de madera de jerarqu\u00eda, que no desentonen","og_url":"https:\/\/www.mueblesdemaderayjardin.com\/blog\/sillas-de-madera-para-galerias\/","og_site_name":"El Blog de Muebles de Madera y Jardin .COM","article_published_time":"2013-09-18T11:55:30+00:00","article_modified_time":"2014-04-19T14:52:37+00:00","og_image":[{"width":"540","height":"360","url":"https:\/\/www.mueblesdemaderayjardin.com\/blog\/wp-content\/uploads\/2013\/07\/sillas-de-madera-para-galeria.jpg","type":"image\/jpeg"}],"twitter_misc":{"Escrito por":"Muebles de Madera y Jardin","Tiempo de lectura":"2 minutos"},"schema":{"@context":"https:\/\/schema.org","@graph":[{"@type":"WebSite","@id":"https:\/\/www.mueblesdemaderayjardin.com\/blog\/#website","url":"https:\/\/www.mueblesdemaderayjardin.com\/blog\/","name":"El Blog de Muebles de Madera y Jardin .COM","description":"Somos una empresa dedicada a la producci\u00f3n y comercializaci\u00f3n de muebles de madera y jard\u00edn","potentialAction":[{"@type":"SearchAction","target":{"@type":"EntryPoint","urlTemplate":"https:\/\/www.mueblesdemaderayjardin.com\/blog\/?s={search_term_string}"},"query-input":"required name=search_term_string"}],"inLanguage":"es"},{"@type":"ImageObject","@id":"https:\/\/www.mueblesdemaderayjardin.com\/blog\/sillas-de-madera-para-galerias\/#primaryimage","inLanguage":"es","url":"https:\/\/www.mueblesdemaderayjardin.com\/blog\/wp-content\/uploads\/2013\/07\/sillas-de-madera-para-galeria.jpg","contentUrl":"https:\/\/www.mueblesdemaderayjardin.com\/blog\/wp-content\/uploads\/2013\/07\/sillas-de-madera-para-galeria.jpg","width":"540","height":"360"},{"@type":"WebPage","@id":"https:\/\/www.mueblesdemaderayjardin.com\/blog\/sillas-de-madera-para-galerias\/#webpage","url":"https:\/\/www.mueblesdemaderayjardin.com\/blog\/sillas-de-madera-para-galerias\/","name":"Sillas de Madera Para Galerias - El Blog de Muebles de Madera y Jardin .COM","isPartOf":{"@id":"https:\/\/www.mueblesdemaderayjardin.com\/blog\/#website"},"primaryImageOfPage":{"@id":"https:\/\/www.mueblesdemaderayjardin.com\/blog\/sillas-de-madera-para-galerias\/#primaryimage"},"datePublished":"2013-09-18T11:55:30+00:00","dateModified":"2014-04-19T14:52:37+00:00","author":{"@id":"https:\/\/www.mueblesdemaderayjardin.com\/blog\/#\/schema\/person\/7042d027aa317c2ac6adeee38f3f8341"},"description":"Las sillas de madera para galerias tienen todo lo que usted necesita para confeccionar un conjunto de muebles de madera de jerarqu\u00eda, que no desentonen","breadcrumb":{"@id":"https:\/\/www.mueblesdemaderayjardin.com\/blog\/sillas-de-madera-para-galerias\/#breadcrumb"},"inLanguage":"es","potentialAction":[{"@type":"ReadAction","target":["https:\/\/www.mueblesdemaderayjardin.com\/blog\/sillas-de-madera-para-galerias\/"]}]},{"@type":"BreadcrumbList","@id":"https:\/\/www.mueblesdemaderayjardin.com\/blog\/sillas-de-madera-para-galerias\/#breadcrumb","itemListElement":[{"@type":"ListItem","position":1,"name":"Portada","item":"https:\/\/www.mueblesdemaderayjardin.com\/blog\/"},{"@type":"ListItem","position":2,"name":"Sillas de Madera Para Galerias"}]},{"@type":"Person","@id":"https:\/\/www.mueblesdemaderayjardin.com\/blog\/#\/schema\/person\/7042d027aa317c2ac6adeee38f3f8341","name":"Muebles de Madera y Jardin","description":"Somos una empresa dedicada a la producci\u00f3n y comercializaci\u00f3n de muebles de madera maciza. Procesamos generalmente especies nativas del NEA Argentino, poniendo especial foco en el proceso de corte y secado en maderas duras y semiduras. El estacionamiento madurativo antes de la confecci\u00f3n de los muebles es esencial para que nuestros muebles de jardin, mesas de madera, sillas de madera, bancos de madera, sillones de madera, reposeras de madera, sillas fijas de madera, sillones director de madera, mesas para bar de madera, mesas auxiliares de madera, mesas ratonas de madera, muebles rusticos de madera, y otros muebles de madera maciza puedan tener la confiabilidad de uso que usted esta buscando. Mediante una buena distinci\u00f3n de las caracter\u00edsticas de las especies madereras, determinamos la aptitud de las maderas para adaptarse a los diferentes dise\u00f1os de nuestros muebles fabricados.","sameAs":["https:\/\/www.mueblesdemaderayjardin.com"],"url":"https:\/\/www.mueblesdemaderayjardin.com\/blog\/author\/admin\/"}]}},"_links":{"self":[{"href":"https:\/\/www.mueblesdemaderayjardin.com\/blog\/wp-json\/wp\/v2\/posts\/1900"}],"collection":[{"href":"https:\/\/www.mueblesdemaderayjardin.com\/blog\/wp-json\/wp\/v2\/posts"}],"about":[{"href":"https:\/\/www.mueblesdemaderayjardin.com\/blog\/wp-json\/wp\/v2\/types\/post"}],"author":[{"embeddable":true,"href":"https:\/\/www.mueblesdemaderayjardin.com\/blog\/wp-json\/wp\/v2\/users\/1"}],"replies":[{"embeddable":true,"href":"https:\/\/www.mueblesdemaderayjardin.com\/blog\/wp-json\/wp\/v2\/comments?post=1900"}],"version-history":[{"count":4,"href":"https:\/\/www.mueblesdemaderayjardin.com\/blog\/wp-json\/wp\/v2\/posts\/1900\/revisions"}],"predecessor-version":[{"id":2407,"href":"https:\/\/www.mueblesdemaderayjardin.com\/blog\/wp-json\/wp\/v2\/posts\/1900\/revisions\/2407"}],"wp:featuredmedia":[{"embeddable":true,"href":"https:\/\/www.mueblesdemaderayjardin.com\/blog\/wp-json\/wp\/v2\/media\/1441"}],"wp:attachment":[{"href":"https:\/\/www.mueblesdemaderayjardin.com\/blog\/wp-json\/wp\/v2\/media?parent=1900"}],"wp:term":[{"taxonomy":"category","embeddable":true,"href":"https:\/\/www.mueblesdemaderayjardin.com\/blog\/wp-json\/wp\/v2\/categories?post=1900"},{"taxonomy":"post_tag","embeddable":true,"href":"https:\/\/www.mueblesdemaderayjardin.com\/blog\/wp-json\/wp\/v2\/tags?post=1900"}],"curies":[{"name":"wp","href":"https:\/\/api.w.org\/{rel}","templated":true}]}}