{"id":1920,"date":"2013-09-18T09:34:24","date_gmt":"2013-09-18T12:34:24","guid":{"rendered":"http:\/\/www.mueblesdemaderayjardin.com\/blog\/?p=1920"},"modified":"2014-04-17T16:11:32","modified_gmt":"2014-04-17T19:11:32","slug":"silla-director-plegable","status":"publish","type":"post","link":"https:\/\/www.mueblesdemaderayjardin.com\/blog\/silla-director-plegable\/","title":{"rendered":"Silla Director Plegable"},"content":{"rendered":"<p style=\"text-align: justify;\">La silla director plegable es una bella pieza de mobiliario que no puede faltar en su conjunto de muebles de madera. Se trata de una silla con una gran historia, aunque en la modernidad solo se la vincula al t\u00edpico asiento de los directores de cine y es por eso que desconocemos la importancia que tuvo en la historia este objeto tan pr\u00e1ctico como sencillo.<\/p>\n<p style=\"text-align: justify;\">Es un error com\u00fan pensar que la silla director plegable es un objeto moderno. Sus or\u00edgenes se encuentran en antiguos imperios en los que ya se utilizaban sillas similares, con patas en forma de \u201cx\u201d, plegables y transportables, de ah\u00ed su reconocido uso en los campos de batalla.<\/p>\n<p style=\"text-align: justify;\">Claro que en la antig\u00fcedad la silla director plegable no ten\u00eda la forma que hoy les reconocemos, pero de ah\u00ed viene esa jerarqu\u00eda que le damos hoy en d\u00eda y que tan bien viste y decora nuestros ambientes del hogar.<\/p>\n<figure id=\"attachment_1458\" aria-describedby=\"caption-attachment-1458\" style=\"width: 360px\" class=\"wp-caption aligncenter\"><a title=\"Silla director plegable\" href=\"https:\/\/www.mueblesdemaderayjardin.com\/blog\/wp-content\/uploads\/2013\/07\/sillone-director-plegable.jpg\" rel=\"lightbox[jueratt_50|jueratt_50]\"><img loading=\"lazy\" class=\"size-full wp-image-1458 \" title=\"Silla Director Plegable\" alt=\"Silla Director Plegable\" src=\"https:\/\/www.mueblesdemaderayjardin.com\/blog\/wp-content\/uploads\/2013\/07\/sillone-director-plegable.jpg\" width=\"360\" height=\"480\" srcset=\"https:\/\/www.mueblesdemaderayjardin.com\/blog\/wp-content\/uploads\/2013\/07\/sillone-director-plegable.jpg 360w, https:\/\/www.mueblesdemaderayjardin.com\/blog\/wp-content\/uploads\/2013\/07\/sillone-director-plegable-225x300.jpg 225w\" sizes=\"(max-width: 360px) 100vw, 360px\" \/><\/a><figcaption id=\"caption-attachment-1458\" class=\"wp-caption-text\">Silla Director Plegable<\/figcaption><\/figure>\n<h2 style=\"text-align: center;\"><b>Silla director plegable<\/b><\/h2>\n<p style=\"text-align: justify;\">En cuanto a su construcci\u00f3n, la <a title=\"silla director\" href=\"https:\/\/www.mueblesdemaderayjardin.com\/sillas\/sillas-director.html\">silla director<\/a> plegable es un mueble firme y elegante porque al igual que lo que ocurre con todos nuestros muebles de madera, muebles de jard\u00edn y muebles de exterior, est\u00e1n construidas con maderas seleccionadas y bien estacionadas, y cuentan con encastres firmes que acent\u00faan la calidad del producto.<\/p>\n<p style=\"text-align: justify;\">El hecho de utilizar siempre maderas estacionadas, evita que la silla director plegable se deforme o tuerza con el paso del tiempo y le asegura mantener su prestancia original incluso con el paso de los a\u00f1os.<\/p>\n<p style=\"text-align: justify;\">Nuestra silla director plegable cuenta con un acabado final de lustre a la laca, que adem\u00e1s de resaltar la belleza de la madera la proteger\u00e1 en caso de que la silla quede expuesta a la intemperie, tanto de los rayos del sol como del agua.<\/p>\n<p style=\"text-align: justify;\">En nuestro cat\u00e1logo de muebles de madera, usted podr\u00e1 encontrar varios modelos diferentes de silla director plegables. Y en caso de necesitar una gran cantidad, no dude en consultarnos ya que somos fabricantes.<\/p>\n<!-- AddThis Advanced Settings generic via filter on the_content --><!-- AddThis Share Buttons generic via filter on the_content -->","protected":false},"excerpt":{"rendered":"<p>La silla director plegable es una bella pieza de mobiliario que no puede faltar en su conjunto de muebles de madera. Se trata de una silla con una gran historia, aunque en la modernidad solo se la vincula al t\u00edpico asiento de los directores de cine y es por eso que desconocemos la importancia que [&hellip;]<!-- AddThis Advanced Settings generic via filter on get_the_excerpt --><!-- AddThis Share Buttons generic via filter on get_the_excerpt --><\/p>\n","protected":false},"author":1,"featured_media":1458,"comment_status":"open","ping_status":"closed","sticky":false,"template":"","format":"standard","meta":[],"categories":[88],"tags":[],"yoast_head":"<!-- This site is optimized with the Yoast SEO plugin v17.3 - https:\/\/yoast.com\/wordpress\/plugins\/seo\/ -->\n<title>Silla Director Plegable - El Blog de Muebles de Madera y Jardin .COM<\/title>\n<meta name=\"description\" content=\"La silla director plegable de madera con lona suele utilizarse en bares, restaurantes junto con los espacios abiertos en ferias y exposiciones con mesas bar\" \/>\n<meta name=\"robots\" content=\"index, follow, max-snippet:-1, max-image-preview:large, max-video-preview:-1\" \/>\n<link rel=\"canonical\" href=\"https:\/\/www.mueblesdemaderayjardin.com\/blog\/silla-director-plegable\/\" \/>\n<meta property=\"og:locale\" content=\"es_ES\" \/>\n<meta property=\"og:type\" content=\"article\" \/>\n<meta property=\"og:title\" content=\"Silla Director Plegable - El Blog de Muebles de Madera y Jardin .COM\" \/>\n<meta property=\"og:description\" content=\"La silla director plegable de madera con lona suele utilizarse en bares, restaurantes junto con los espacios abiertos en ferias y exposiciones con mesas bar\" \/>\n<meta property=\"og:url\" content=\"https:\/\/www.mueblesdemaderayjardin.com\/blog\/silla-director-plegable\/\" \/>\n<meta property=\"og:site_name\" content=\"El Blog de Muebles de Madera y Jardin .COM\" \/>\n<meta property=\"article:published_time\" content=\"2013-09-18T12:34:24+00:00\" \/>\n<meta property=\"article:modified_time\" content=\"2014-04-17T19:11:32+00:00\" \/>\n<meta property=\"og:image\" content=\"https:\/\/www.mueblesdemaderayjardin.com\/blog\/wp-content\/uploads\/2013\/07\/sillone-director-plegable.jpg\" \/>\n\t<meta property=\"og:image:width\" content=\"360\" \/>\n\t<meta property=\"og:image:height\" content=\"480\" \/>\n<meta name=\"twitter:label1\" content=\"Escrito por\" \/>\n\t<meta name=\"twitter:data1\" content=\"Muebles de Madera y Jardin\" \/>\n\t<meta name=\"twitter:label2\" content=\"Tiempo de lectura\" \/>\n\t<meta name=\"twitter:data2\" content=\"2 minutos\" \/>\n<script type=\"application\/ld+json\" class=\"yoast-schema-graph\">{\"@context\":\"https:\/\/schema.org\",\"@graph\":[{\"@type\":\"WebSite\",\"@id\":\"https:\/\/www.mueblesdemaderayjardin.com\/blog\/#website\",\"url\":\"https:\/\/www.mueblesdemaderayjardin.com\/blog\/\",\"name\":\"El Blog de Muebles de Madera y Jardin .COM\",\"description\":\"Somos una empresa dedicada a la producci\\u00f3n y comercializaci\\u00f3n de muebles de madera y jard\\u00edn\",\"potentialAction\":[{\"@type\":\"SearchAction\",\"target\":{\"@type\":\"EntryPoint\",\"urlTemplate\":\"https:\/\/www.mueblesdemaderayjardin.com\/blog\/?s={search_term_string}\"},\"query-input\":\"required name=search_term_string\"}],\"inLanguage\":\"es\"},{\"@type\":\"ImageObject\",\"@id\":\"https:\/\/www.mueblesdemaderayjardin.com\/blog\/silla-director-plegable\/#primaryimage\",\"inLanguage\":\"es\",\"url\":\"https:\/\/www.mueblesdemaderayjardin.com\/blog\/wp-content\/uploads\/2013\/07\/sillone-director-plegable.jpg\",\"contentUrl\":\"https:\/\/www.mueblesdemaderayjardin.com\/blog\/wp-content\/uploads\/2013\/07\/sillone-director-plegable.jpg\",\"width\":\"360\",\"height\":\"480\"},{\"@type\":\"WebPage\",\"@id\":\"https:\/\/www.mueblesdemaderayjardin.com\/blog\/silla-director-plegable\/#webpage\",\"url\":\"https:\/\/www.mueblesdemaderayjardin.com\/blog\/silla-director-plegable\/\",\"name\":\"Silla Director Plegable - El Blog de Muebles de Madera y Jardin .COM\",\"isPartOf\":{\"@id\":\"https:\/\/www.mueblesdemaderayjardin.com\/blog\/#website\"},\"primaryImageOfPage\":{\"@id\":\"https:\/\/www.mueblesdemaderayjardin.com\/blog\/silla-director-plegable\/#primaryimage\"},\"datePublished\":\"2013-09-18T12:34:24+00:00\",\"dateModified\":\"2014-04-17T19:11:32+00:00\",\"author\":{\"@id\":\"https:\/\/www.mueblesdemaderayjardin.com\/blog\/#\/schema\/person\/7042d027aa317c2ac6adeee38f3f8341\"},\"description\":\"La silla director plegable de madera con lona suele utilizarse en bares, restaurantes junto con los espacios abiertos en ferias y exposiciones con mesas bar\",\"breadcrumb\":{\"@id\":\"https:\/\/www.mueblesdemaderayjardin.com\/blog\/silla-director-plegable\/#breadcrumb\"},\"inLanguage\":\"es\",\"potentialAction\":[{\"@type\":\"ReadAction\",\"target\":[\"https:\/\/www.mueblesdemaderayjardin.com\/blog\/silla-director-plegable\/\"]}]},{\"@type\":\"BreadcrumbList\",\"@id\":\"https:\/\/www.mueblesdemaderayjardin.com\/blog\/silla-director-plegable\/#breadcrumb\",\"itemListElement\":[{\"@type\":\"ListItem\",\"position\":1,\"name\":\"Portada\",\"item\":\"https:\/\/www.mueblesdemaderayjardin.com\/blog\/\"},{\"@type\":\"ListItem\",\"position\":2,\"name\":\"Silla Director Plegable\"}]},{\"@type\":\"Person\",\"@id\":\"https:\/\/www.mueblesdemaderayjardin.com\/blog\/#\/schema\/person\/7042d027aa317c2ac6adeee38f3f8341\",\"name\":\"Muebles de Madera y Jardin\",\"description\":\"Somos una empresa dedicada a la producci\\u00f3n y comercializaci\\u00f3n de muebles de madera maciza. Procesamos generalmente especies nativas del NEA Argentino, poniendo especial foco en el proceso de corte y secado en maderas duras y semiduras. El estacionamiento madurativo antes de la confecci\\u00f3n de los muebles es esencial para que nuestros muebles de jardin, mesas de madera, sillas de madera, bancos de madera, sillones de madera, reposeras de madera, sillas fijas de madera, sillones director de madera, mesas para bar de madera, mesas auxiliares de madera, mesas ratonas de madera, muebles rusticos de madera, y otros muebles de madera maciza puedan tener la confiabilidad de uso que usted esta buscando. Mediante una buena distinci\\u00f3n de las caracter\\u00edsticas de las especies madereras, determinamos la aptitud de las maderas para adaptarse a los diferentes dise\\u00f1os de nuestros muebles fabricados.\",\"sameAs\":[\"https:\/\/www.mueblesdemaderayjardin.com\"],\"url\":\"https:\/\/www.mueblesdemaderayjardin.com\/blog\/author\/admin\/\"}]}<\/script>\n<!-- \/ Yoast SEO plugin. -->","yoast_head_json":{"title":"Silla Director Plegable - El Blog de Muebles de Madera y Jardin .COM","description":"La silla director plegable de madera con lona suele utilizarse en bares, restaurantes junto con los espacios abiertos en ferias y exposiciones con mesas bar","robots":{"index":"index","follow":"follow","max-snippet":"max-snippet:-1","max-image-preview":"max-image-preview:large","max-video-preview":"max-video-preview:-1"},"canonical":"https:\/\/www.mueblesdemaderayjardin.com\/blog\/silla-director-plegable\/","og_locale":"es_ES","og_type":"article","og_title":"Silla Director Plegable - El Blog de Muebles de Madera y Jardin .COM","og_description":"La silla director plegable de madera con lona suele utilizarse en bares, restaurantes junto con los espacios abiertos en ferias y exposiciones con mesas bar","og_url":"https:\/\/www.mueblesdemaderayjardin.com\/blog\/silla-director-plegable\/","og_site_name":"El Blog de Muebles de Madera y Jardin .COM","article_published_time":"2013-09-18T12:34:24+00:00","article_modified_time":"2014-04-17T19:11:32+00:00","og_image":[{"width":"360","height":"480","url":"https:\/\/www.mueblesdemaderayjardin.com\/blog\/wp-content\/uploads\/2013\/07\/sillone-director-plegable.jpg","type":"image\/jpeg"}],"twitter_misc":{"Escrito por":"Muebles de Madera y Jardin","Tiempo de lectura":"2 minutos"},"schema":{"@context":"https:\/\/schema.org","@graph":[{"@type":"WebSite","@id":"https:\/\/www.mueblesdemaderayjardin.com\/blog\/#website","url":"https:\/\/www.mueblesdemaderayjardin.com\/blog\/","name":"El Blog de Muebles de Madera y Jardin .COM","description":"Somos una empresa dedicada a la producci\u00f3n y comercializaci\u00f3n de muebles de madera y jard\u00edn","potentialAction":[{"@type":"SearchAction","target":{"@type":"EntryPoint","urlTemplate":"https:\/\/www.mueblesdemaderayjardin.com\/blog\/?s={search_term_string}"},"query-input":"required name=search_term_string"}],"inLanguage":"es"},{"@type":"ImageObject","@id":"https:\/\/www.mueblesdemaderayjardin.com\/blog\/silla-director-plegable\/#primaryimage","inLanguage":"es","url":"https:\/\/www.mueblesdemaderayjardin.com\/blog\/wp-content\/uploads\/2013\/07\/sillone-director-plegable.jpg","contentUrl":"https:\/\/www.mueblesdemaderayjardin.com\/blog\/wp-content\/uploads\/2013\/07\/sillone-director-plegable.jpg","width":"360","height":"480"},{"@type":"WebPage","@id":"https:\/\/www.mueblesdemaderayjardin.com\/blog\/silla-director-plegable\/#webpage","url":"https:\/\/www.mueblesdemaderayjardin.com\/blog\/silla-director-plegable\/","name":"Silla Director Plegable - El Blog de Muebles de Madera y Jardin .COM","isPartOf":{"@id":"https:\/\/www.mueblesdemaderayjardin.com\/blog\/#website"},"primaryImageOfPage":{"@id":"https:\/\/www.mueblesdemaderayjardin.com\/blog\/silla-director-plegable\/#primaryimage"},"datePublished":"2013-09-18T12:34:24+00:00","dateModified":"2014-04-17T19:11:32+00:00","author":{"@id":"https:\/\/www.mueblesdemaderayjardin.com\/blog\/#\/schema\/person\/7042d027aa317c2ac6adeee38f3f8341"},"description":"La silla director plegable de madera con lona suele utilizarse en bares, restaurantes junto con los espacios abiertos en ferias y exposiciones con mesas bar","breadcrumb":{"@id":"https:\/\/www.mueblesdemaderayjardin.com\/blog\/silla-director-plegable\/#breadcrumb"},"inLanguage":"es","potentialAction":[{"@type":"ReadAction","target":["https:\/\/www.mueblesdemaderayjardin.com\/blog\/silla-director-plegable\/"]}]},{"@type":"BreadcrumbList","@id":"https:\/\/www.mueblesdemaderayjardin.com\/blog\/silla-director-plegable\/#breadcrumb","itemListElement":[{"@type":"ListItem","position":1,"name":"Portada","item":"https:\/\/www.mueblesdemaderayjardin.com\/blog\/"},{"@type":"ListItem","position":2,"name":"Silla Director Plegable"}]},{"@type":"Person","@id":"https:\/\/www.mueblesdemaderayjardin.com\/blog\/#\/schema\/person\/7042d027aa317c2ac6adeee38f3f8341","name":"Muebles de Madera y Jardin","description":"Somos una empresa dedicada a la producci\u00f3n y comercializaci\u00f3n de muebles de madera maciza. Procesamos generalmente especies nativas del NEA Argentino, poniendo especial foco en el proceso de corte y secado en maderas duras y semiduras. El estacionamiento madurativo antes de la confecci\u00f3n de los muebles es esencial para que nuestros muebles de jardin, mesas de madera, sillas de madera, bancos de madera, sillones de madera, reposeras de madera, sillas fijas de madera, sillones director de madera, mesas para bar de madera, mesas auxiliares de madera, mesas ratonas de madera, muebles rusticos de madera, y otros muebles de madera maciza puedan tener la confiabilidad de uso que usted esta buscando. Mediante una buena distinci\u00f3n de las caracter\u00edsticas de las especies madereras, determinamos la aptitud de las maderas para adaptarse a los diferentes dise\u00f1os de nuestros muebles fabricados.","sameAs":["https:\/\/www.mueblesdemaderayjardin.com"],"url":"https:\/\/www.mueblesdemaderayjardin.com\/blog\/author\/admin\/"}]}},"_links":{"self":[{"href":"https:\/\/www.mueblesdemaderayjardin.com\/blog\/wp-json\/wp\/v2\/posts\/1920"}],"collection":[{"href":"https:\/\/www.mueblesdemaderayjardin.com\/blog\/wp-json\/wp\/v2\/posts"}],"about":[{"href":"https:\/\/www.mueblesdemaderayjardin.com\/blog\/wp-json\/wp\/v2\/types\/post"}],"author":[{"embeddable":true,"href":"https:\/\/www.mueblesdemaderayjardin.com\/blog\/wp-json\/wp\/v2\/users\/1"}],"replies":[{"embeddable":true,"href":"https:\/\/www.mueblesdemaderayjardin.com\/blog\/wp-json\/wp\/v2\/comments?post=1920"}],"version-history":[{"count":3,"href":"https:\/\/www.mueblesdemaderayjardin.com\/blog\/wp-json\/wp\/v2\/posts\/1920\/revisions"}],"predecessor-version":[{"id":2385,"href":"https:\/\/www.mueblesdemaderayjardin.com\/blog\/wp-json\/wp\/v2\/posts\/1920\/revisions\/2385"}],"wp:featuredmedia":[{"embeddable":true,"href":"https:\/\/www.mueblesdemaderayjardin.com\/blog\/wp-json\/wp\/v2\/media\/1458"}],"wp:attachment":[{"href":"https:\/\/www.mueblesdemaderayjardin.com\/blog\/wp-json\/wp\/v2\/media?parent=1920"}],"wp:term":[{"taxonomy":"category","embeddable":true,"href":"https:\/\/www.mueblesdemaderayjardin.com\/blog\/wp-json\/wp\/v2\/categories?post=1920"},{"taxonomy":"post_tag","embeddable":true,"href":"https:\/\/www.mueblesdemaderayjardin.com\/blog\/wp-json\/wp\/v2\/tags?post=1920"}],"curies":[{"name":"wp","href":"https:\/\/api.w.org\/{rel}","templated":true}]}}