{"id":1930,"date":"2013-10-03T11:35:27","date_gmt":"2013-10-03T14:35:27","guid":{"rendered":"http:\/\/www.mueblesdemaderayjardin.com\/blog\/?p=1930"},"modified":"2014-05-09T15:17:52","modified_gmt":"2014-05-09T18:17:52","slug":"banqueta-plegable","status":"publish","type":"post","link":"https:\/\/www.mueblesdemaderayjardin.com\/blog\/banqueta-plegable\/","title":{"rendered":"Banqueta Plegable"},"content":{"rendered":"<p style=\"text-align: justify;\">Nuestra banqueta plegable resulta ideal para quienes no cuentan con grandes espacios pero no se resignan y buscan mejorar sus espacios como terrazas y balcones con la calidez que nos brinda la madera.<\/p>\n<p style=\"text-align: justify;\">La <a title=\"banqueta plegable\" href=\"https:\/\/www.mueblesdemaderayjardin.com\/sillas\/banqueta-plegables.html\">banqueta plegable<\/a> es un mueble de madera elegante, y de un dise\u00f1o muy cuidado y agradable a la vista. Junto a una peque\u00f1a mesa plegable de madera, la banqueta plegable puede aportarle ese espacio ideal para la relajaci\u00f3n tras la vuelta a casa del trabajo.<\/p>\n<p style=\"text-align: justify;\">Usted podr\u00e1 encontrar en nuestro cat\u00e1logo de muebles de madera o muebles de exterior distintos modelos de banquetas plegables, ya sea banquetas plegables con respaldo o banquetas plegables sin respaldo, y podr\u00e1 optar por la que mejor se adapte a sus necesidades.<\/p>\n<figure id=\"attachment_1329\" aria-describedby=\"caption-attachment-1329\" style=\"width: 540px\" class=\"wp-caption aligncenter\"><a title=\"Banqueta plegable\" href=\"https:\/\/www.mueblesdemaderayjardin.com\/blog\/wp-content\/uploads\/2013\/07\/banqueta-plegable.jpg\" rel=\"lightbox[jueratt_50|jueratt_50]\"><img loading=\"lazy\" class=\"size-full wp-image-1329 \" title=\"Banqueta Plegable\" alt=\"banqueta-plegable\" src=\"https:\/\/www.mueblesdemaderayjardin.com\/blog\/wp-content\/uploads\/2013\/07\/banqueta-plegable.jpg\" width=\"540\" height=\"360\" srcset=\"https:\/\/www.mueblesdemaderayjardin.com\/blog\/wp-content\/uploads\/2013\/07\/banqueta-plegable.jpg 540w, https:\/\/www.mueblesdemaderayjardin.com\/blog\/wp-content\/uploads\/2013\/07\/banqueta-plegable-300x200.jpg 300w\" sizes=\"(max-width: 540px) 100vw, 540px\" \/><\/a><figcaption id=\"caption-attachment-1329\" class=\"wp-caption-text\">Banqueta Plegable<\/figcaption><\/figure>\n<h2 style=\"text-align: center;\"><b>Banqueta plegable<\/b><\/h2>\n<p style=\"text-align: justify;\">Tal como ocurre con todos nuestros muebles, la banqueta plegable est\u00e1 construida con maderas seleccionadas y bien estacionadas, lo que las convierte en un mueble noble y duradero. Su belleza es otro rasgo distintivo, que nuestros clientes no pasan por alto.<\/p>\n<p style=\"text-align: justify;\">Adquirir un juego de banquetas plegables resulta una buena alternativa para quienes necesitan agregar sillas a la mesa en esos momentos en los que contamos con muchos invitados en la casa.<\/p>\n<p style=\"text-align: justify;\">Hemos tenido una excelente respuesta de los clientes que han optado por nuestra banqueta plegable y eso es algo que nos llena de orgullo. Su excelente aspecto y su comodidad son los puntos que m\u00e1s se destacan en este tipo de mueble que bien puede utilizarse en espacios cubiertos como en espacios semicubiertos y exteriores.<\/p>\n<p style=\"text-align: justify;\">La silla banqueta plegable pemite que al cerrarse sea f\u00e1cilmente trasladable, al quedar \u00e9sta con forma de valija.<\/p>\n<p style=\"text-align: justify;\">Una terminaci\u00f3n de lustre a la laca le da a nuestra banqueta plegable ese toque distintivo final. Si est\u00e1 buscando banquetas plegables, no lo dude m\u00e1s: en nuestro cat\u00e1logo de muebles de madera podr\u00e1 encontrar la que est\u00e1 buscando.<\/p>\n<!-- AddThis Advanced Settings generic via filter on the_content --><!-- AddThis Share Buttons generic via filter on the_content -->","protected":false},"excerpt":{"rendered":"<p>Nuestra banqueta plegable resulta ideal para quienes no cuentan con grandes espacios pero no se resignan y buscan mejorar sus espacios como terrazas y balcones con la calidez que nos brinda la madera. La banqueta plegable es un mueble de madera elegante, y de un dise\u00f1o muy cuidado y agradable a la vista. Junto a [&hellip;]<!-- AddThis Advanced Settings generic via filter on get_the_excerpt --><!-- AddThis Share Buttons generic via filter on get_the_excerpt --><\/p>\n","protected":false},"author":1,"featured_media":1329,"comment_status":"open","ping_status":"closed","sticky":false,"template":"","format":"standard","meta":[],"categories":[84],"tags":[],"yoast_head":"<!-- This site is optimized with the Yoast SEO plugin v17.3 - https:\/\/yoast.com\/wordpress\/plugins\/seo\/ -->\n<title>Banqueta Plegable - El Blog de Muebles de Madera y Jardin .COM<\/title>\n<meta name=\"description\" content=\"Nuestra banqueta plegable resulta ideal para quienes no cuentan con espacio pero no se resignan y buscan mejorar sus espacios como terrazas y balcones\" \/>\n<meta name=\"robots\" content=\"index, follow, max-snippet:-1, max-image-preview:large, max-video-preview:-1\" \/>\n<link rel=\"canonical\" href=\"https:\/\/www.mueblesdemaderayjardin.com\/blog\/banqueta-plegable\/\" \/>\n<meta property=\"og:locale\" content=\"es_ES\" \/>\n<meta property=\"og:type\" content=\"article\" \/>\n<meta property=\"og:title\" content=\"Banqueta Plegable - El Blog de Muebles de Madera y Jardin .COM\" \/>\n<meta property=\"og:description\" content=\"Nuestra banqueta plegable resulta ideal para quienes no cuentan con espacio pero no se resignan y buscan mejorar sus espacios como terrazas y balcones\" \/>\n<meta property=\"og:url\" content=\"https:\/\/www.mueblesdemaderayjardin.com\/blog\/banqueta-plegable\/\" \/>\n<meta property=\"og:site_name\" content=\"El Blog de Muebles de Madera y Jardin .COM\" \/>\n<meta property=\"article:published_time\" content=\"2013-10-03T14:35:27+00:00\" \/>\n<meta property=\"article:modified_time\" content=\"2014-05-09T18:17:52+00:00\" \/>\n<meta property=\"og:image\" content=\"https:\/\/www.mueblesdemaderayjardin.com\/blog\/wp-content\/uploads\/2013\/07\/banqueta-plegable.jpg\" \/>\n\t<meta property=\"og:image:width\" content=\"540\" \/>\n\t<meta property=\"og:image:height\" content=\"360\" \/>\n<meta name=\"twitter:label1\" content=\"Escrito por\" \/>\n\t<meta name=\"twitter:data1\" content=\"Muebles de Madera y Jardin\" \/>\n\t<meta name=\"twitter:label2\" content=\"Tiempo de lectura\" \/>\n\t<meta name=\"twitter:data2\" content=\"2 minutos\" \/>\n<script type=\"application\/ld+json\" class=\"yoast-schema-graph\">{\"@context\":\"https:\/\/schema.org\",\"@graph\":[{\"@type\":\"WebSite\",\"@id\":\"https:\/\/www.mueblesdemaderayjardin.com\/blog\/#website\",\"url\":\"https:\/\/www.mueblesdemaderayjardin.com\/blog\/\",\"name\":\"El Blog de Muebles de Madera y Jardin .COM\",\"description\":\"Somos una empresa dedicada a la producci\\u00f3n y comercializaci\\u00f3n de muebles de madera y jard\\u00edn\",\"potentialAction\":[{\"@type\":\"SearchAction\",\"target\":{\"@type\":\"EntryPoint\",\"urlTemplate\":\"https:\/\/www.mueblesdemaderayjardin.com\/blog\/?s={search_term_string}\"},\"query-input\":\"required name=search_term_string\"}],\"inLanguage\":\"es\"},{\"@type\":\"ImageObject\",\"@id\":\"https:\/\/www.mueblesdemaderayjardin.com\/blog\/banqueta-plegable\/#primaryimage\",\"inLanguage\":\"es\",\"url\":\"https:\/\/www.mueblesdemaderayjardin.com\/blog\/wp-content\/uploads\/2013\/07\/banqueta-plegable.jpg\",\"contentUrl\":\"https:\/\/www.mueblesdemaderayjardin.com\/blog\/wp-content\/uploads\/2013\/07\/banqueta-plegable.jpg\",\"width\":\"540\",\"height\":\"360\"},{\"@type\":\"WebPage\",\"@id\":\"https:\/\/www.mueblesdemaderayjardin.com\/blog\/banqueta-plegable\/#webpage\",\"url\":\"https:\/\/www.mueblesdemaderayjardin.com\/blog\/banqueta-plegable\/\",\"name\":\"Banqueta Plegable - El Blog de Muebles de Madera y Jardin .COM\",\"isPartOf\":{\"@id\":\"https:\/\/www.mueblesdemaderayjardin.com\/blog\/#website\"},\"primaryImageOfPage\":{\"@id\":\"https:\/\/www.mueblesdemaderayjardin.com\/blog\/banqueta-plegable\/#primaryimage\"},\"datePublished\":\"2013-10-03T14:35:27+00:00\",\"dateModified\":\"2014-05-09T18:17:52+00:00\",\"author\":{\"@id\":\"https:\/\/www.mueblesdemaderayjardin.com\/blog\/#\/schema\/person\/7042d027aa317c2ac6adeee38f3f8341\"},\"description\":\"Nuestra banqueta plegable resulta ideal para quienes no cuentan con espacio pero no se resignan y buscan mejorar sus espacios como terrazas y balcones\",\"breadcrumb\":{\"@id\":\"https:\/\/www.mueblesdemaderayjardin.com\/blog\/banqueta-plegable\/#breadcrumb\"},\"inLanguage\":\"es\",\"potentialAction\":[{\"@type\":\"ReadAction\",\"target\":[\"https:\/\/www.mueblesdemaderayjardin.com\/blog\/banqueta-plegable\/\"]}]},{\"@type\":\"BreadcrumbList\",\"@id\":\"https:\/\/www.mueblesdemaderayjardin.com\/blog\/banqueta-plegable\/#breadcrumb\",\"itemListElement\":[{\"@type\":\"ListItem\",\"position\":1,\"name\":\"Portada\",\"item\":\"https:\/\/www.mueblesdemaderayjardin.com\/blog\/\"},{\"@type\":\"ListItem\",\"position\":2,\"name\":\"Banqueta Plegable\"}]},{\"@type\":\"Person\",\"@id\":\"https:\/\/www.mueblesdemaderayjardin.com\/blog\/#\/schema\/person\/7042d027aa317c2ac6adeee38f3f8341\",\"name\":\"Muebles de Madera y Jardin\",\"description\":\"Somos una empresa dedicada a la producci\\u00f3n y comercializaci\\u00f3n de muebles de madera maciza. Procesamos generalmente especies nativas del NEA Argentino, poniendo especial foco en el proceso de corte y secado en maderas duras y semiduras. El estacionamiento madurativo antes de la confecci\\u00f3n de los muebles es esencial para que nuestros muebles de jardin, mesas de madera, sillas de madera, bancos de madera, sillones de madera, reposeras de madera, sillas fijas de madera, sillones director de madera, mesas para bar de madera, mesas auxiliares de madera, mesas ratonas de madera, muebles rusticos de madera, y otros muebles de madera maciza puedan tener la confiabilidad de uso que usted esta buscando. Mediante una buena distinci\\u00f3n de las caracter\\u00edsticas de las especies madereras, determinamos la aptitud de las maderas para adaptarse a los diferentes dise\\u00f1os de nuestros muebles fabricados.\",\"sameAs\":[\"https:\/\/www.mueblesdemaderayjardin.com\"],\"url\":\"https:\/\/www.mueblesdemaderayjardin.com\/blog\/author\/admin\/\"}]}<\/script>\n<!-- \/ Yoast SEO plugin. -->","yoast_head_json":{"title":"Banqueta Plegable - El Blog de Muebles de Madera y Jardin .COM","description":"Nuestra banqueta plegable resulta ideal para quienes no cuentan con espacio pero no se resignan y buscan mejorar sus espacios como terrazas y balcones","robots":{"index":"index","follow":"follow","max-snippet":"max-snippet:-1","max-image-preview":"max-image-preview:large","max-video-preview":"max-video-preview:-1"},"canonical":"https:\/\/www.mueblesdemaderayjardin.com\/blog\/banqueta-plegable\/","og_locale":"es_ES","og_type":"article","og_title":"Banqueta Plegable - El Blog de Muebles de Madera y Jardin .COM","og_description":"Nuestra banqueta plegable resulta ideal para quienes no cuentan con espacio pero no se resignan y buscan mejorar sus espacios como terrazas y balcones","og_url":"https:\/\/www.mueblesdemaderayjardin.com\/blog\/banqueta-plegable\/","og_site_name":"El Blog de Muebles de Madera y Jardin .COM","article_published_time":"2013-10-03T14:35:27+00:00","article_modified_time":"2014-05-09T18:17:52+00:00","og_image":[{"width":"540","height":"360","url":"https:\/\/www.mueblesdemaderayjardin.com\/blog\/wp-content\/uploads\/2013\/07\/banqueta-plegable.jpg","type":"image\/jpeg"}],"twitter_misc":{"Escrito por":"Muebles de Madera y Jardin","Tiempo de lectura":"2 minutos"},"schema":{"@context":"https:\/\/schema.org","@graph":[{"@type":"WebSite","@id":"https:\/\/www.mueblesdemaderayjardin.com\/blog\/#website","url":"https:\/\/www.mueblesdemaderayjardin.com\/blog\/","name":"El Blog de Muebles de Madera y Jardin .COM","description":"Somos una empresa dedicada a la producci\u00f3n y comercializaci\u00f3n de muebles de madera y jard\u00edn","potentialAction":[{"@type":"SearchAction","target":{"@type":"EntryPoint","urlTemplate":"https:\/\/www.mueblesdemaderayjardin.com\/blog\/?s={search_term_string}"},"query-input":"required name=search_term_string"}],"inLanguage":"es"},{"@type":"ImageObject","@id":"https:\/\/www.mueblesdemaderayjardin.com\/blog\/banqueta-plegable\/#primaryimage","inLanguage":"es","url":"https:\/\/www.mueblesdemaderayjardin.com\/blog\/wp-content\/uploads\/2013\/07\/banqueta-plegable.jpg","contentUrl":"https:\/\/www.mueblesdemaderayjardin.com\/blog\/wp-content\/uploads\/2013\/07\/banqueta-plegable.jpg","width":"540","height":"360"},{"@type":"WebPage","@id":"https:\/\/www.mueblesdemaderayjardin.com\/blog\/banqueta-plegable\/#webpage","url":"https:\/\/www.mueblesdemaderayjardin.com\/blog\/banqueta-plegable\/","name":"Banqueta Plegable - El Blog de Muebles de Madera y Jardin .COM","isPartOf":{"@id":"https:\/\/www.mueblesdemaderayjardin.com\/blog\/#website"},"primaryImageOfPage":{"@id":"https:\/\/www.mueblesdemaderayjardin.com\/blog\/banqueta-plegable\/#primaryimage"},"datePublished":"2013-10-03T14:35:27+00:00","dateModified":"2014-05-09T18:17:52+00:00","author":{"@id":"https:\/\/www.mueblesdemaderayjardin.com\/blog\/#\/schema\/person\/7042d027aa317c2ac6adeee38f3f8341"},"description":"Nuestra banqueta plegable resulta ideal para quienes no cuentan con espacio pero no se resignan y buscan mejorar sus espacios como terrazas y balcones","breadcrumb":{"@id":"https:\/\/www.mueblesdemaderayjardin.com\/blog\/banqueta-plegable\/#breadcrumb"},"inLanguage":"es","potentialAction":[{"@type":"ReadAction","target":["https:\/\/www.mueblesdemaderayjardin.com\/blog\/banqueta-plegable\/"]}]},{"@type":"BreadcrumbList","@id":"https:\/\/www.mueblesdemaderayjardin.com\/blog\/banqueta-plegable\/#breadcrumb","itemListElement":[{"@type":"ListItem","position":1,"name":"Portada","item":"https:\/\/www.mueblesdemaderayjardin.com\/blog\/"},{"@type":"ListItem","position":2,"name":"Banqueta Plegable"}]},{"@type":"Person","@id":"https:\/\/www.mueblesdemaderayjardin.com\/blog\/#\/schema\/person\/7042d027aa317c2ac6adeee38f3f8341","name":"Muebles de Madera y Jardin","description":"Somos una empresa dedicada a la producci\u00f3n y comercializaci\u00f3n de muebles de madera maciza. Procesamos generalmente especies nativas del NEA Argentino, poniendo especial foco en el proceso de corte y secado en maderas duras y semiduras. El estacionamiento madurativo antes de la confecci\u00f3n de los muebles es esencial para que nuestros muebles de jardin, mesas de madera, sillas de madera, bancos de madera, sillones de madera, reposeras de madera, sillas fijas de madera, sillones director de madera, mesas para bar de madera, mesas auxiliares de madera, mesas ratonas de madera, muebles rusticos de madera, y otros muebles de madera maciza puedan tener la confiabilidad de uso que usted esta buscando. Mediante una buena distinci\u00f3n de las caracter\u00edsticas de las especies madereras, determinamos la aptitud de las maderas para adaptarse a los diferentes dise\u00f1os de nuestros muebles fabricados.","sameAs":["https:\/\/www.mueblesdemaderayjardin.com"],"url":"https:\/\/www.mueblesdemaderayjardin.com\/blog\/author\/admin\/"}]}},"_links":{"self":[{"href":"https:\/\/www.mueblesdemaderayjardin.com\/blog\/wp-json\/wp\/v2\/posts\/1930"}],"collection":[{"href":"https:\/\/www.mueblesdemaderayjardin.com\/blog\/wp-json\/wp\/v2\/posts"}],"about":[{"href":"https:\/\/www.mueblesdemaderayjardin.com\/blog\/wp-json\/wp\/v2\/types\/post"}],"author":[{"embeddable":true,"href":"https:\/\/www.mueblesdemaderayjardin.com\/blog\/wp-json\/wp\/v2\/users\/1"}],"replies":[{"embeddable":true,"href":"https:\/\/www.mueblesdemaderayjardin.com\/blog\/wp-json\/wp\/v2\/comments?post=1930"}],"version-history":[{"count":5,"href":"https:\/\/www.mueblesdemaderayjardin.com\/blog\/wp-json\/wp\/v2\/posts\/1930\/revisions"}],"predecessor-version":[{"id":2621,"href":"https:\/\/www.mueblesdemaderayjardin.com\/blog\/wp-json\/wp\/v2\/posts\/1930\/revisions\/2621"}],"wp:featuredmedia":[{"embeddable":true,"href":"https:\/\/www.mueblesdemaderayjardin.com\/blog\/wp-json\/wp\/v2\/media\/1329"}],"wp:attachment":[{"href":"https:\/\/www.mueblesdemaderayjardin.com\/blog\/wp-json\/wp\/v2\/media?parent=1930"}],"wp:term":[{"taxonomy":"category","embeddable":true,"href":"https:\/\/www.mueblesdemaderayjardin.com\/blog\/wp-json\/wp\/v2\/categories?post=1930"},{"taxonomy":"post_tag","embeddable":true,"href":"https:\/\/www.mueblesdemaderayjardin.com\/blog\/wp-json\/wp\/v2\/tags?post=1930"}],"curies":[{"name":"wp","href":"https:\/\/api.w.org\/{rel}","templated":true}]}}