{"id":2102,"date":"2013-12-03T10:48:31","date_gmt":"2013-12-03T13:48:31","guid":{"rendered":"http:\/\/www.mueblesdemaderayjardin.com\/blog\/?p=2102"},"modified":"2014-05-09T11:36:56","modified_gmt":"2014-05-09T14:36:56","slug":"sombrillas-para-publicidad","status":"publish","type":"post","link":"https:\/\/www.mueblesdemaderayjardin.com\/blog\/sombrillas-para-publicidad\/","title":{"rendered":"Sombrillas para Publicidad"},"content":{"rendered":"<p style=\"text-align: justify;\">Las sombrillas para publicidad son una excelente opci\u00f3n para quienes quieren asociar el nombre de una marca a la calidez de esos momentos de relajaci\u00f3n como pueden ser un almuerzo familiar o entre amigos al reparo del sol.<\/p>\n<p style=\"text-align: justify;\">Conocemos el \u00e9xito que las <a title=\"sombrillas para publicidad\" href=\"https:\/\/www.mueblesdemaderayjardin.com\/sombrillas\/sombrillas-publicitarias.html\">sombrillas para publicidad<\/a> tienen con nuestros clientes, ya que cada vez son m\u00e1s quienes optan por este tipo de productos para completar sus juegos de muebles de madera para exterior.<\/p>\n<p style=\"text-align: justify;\">En nuestra f\u00e1brica de muebles de jard\u00edn contamos con varios modelos de sombrillas para publicad: sombrillas cuadradas para playa, sombrillas octogonales y las cl\u00e1sicas sombrillas redondas. Entre esos diferentes modelos, seguramente encontrar\u00e1 el que usted imagina para estampar el logo de su marca.<\/p>\n<figure id=\"attachment_1485\" aria-describedby=\"caption-attachment-1485\" style=\"width: 540px\" class=\"wp-caption aligncenter\"><a title=\"Sombrillas para publicidad\" href=\"https:\/\/www.mueblesdemaderayjardin.com\/blog\/wp-content\/uploads\/2013\/07\/sombrillas-para-publicidad.jpg\" rel=\"lightbox[jueratt_50|jueratt_50]\"><img loading=\"lazy\" class=\"size-full wp-image-1485 \" title=\"Sombrillas para publicidad\" alt=\"Sombrillas para publicidad\" src=\"https:\/\/www.mueblesdemaderayjardin.com\/blog\/wp-content\/uploads\/2013\/07\/sombrillas-para-publicidad.jpg\" width=\"540\" height=\"360\" srcset=\"https:\/\/www.mueblesdemaderayjardin.com\/blog\/wp-content\/uploads\/2013\/07\/sombrillas-para-publicidad.jpg 540w, https:\/\/www.mueblesdemaderayjardin.com\/blog\/wp-content\/uploads\/2013\/07\/sombrillas-para-publicidad-300x200.jpg 300w\" sizes=\"(max-width: 540px) 100vw, 540px\" \/><\/a><figcaption id=\"caption-attachment-1485\" class=\"wp-caption-text\">Sombrillas para publicidad<\/figcaption><\/figure>\n<h2 style=\"text-align: center;\"><b>Sombrillas para publicidad<\/b><\/h2>\n<p style=\"text-align: justify;\">Abastecemos con sombrillas para publicidad a restaurantes, hoteles e instituciones deportivas, y a organizadores de eventos al aire libre. Y por eso somos l\u00edderes en la construcci\u00f3n de todo tipo de sombrillas para publicidad.<\/p>\n<p style=\"text-align: justify;\">Para nosotros, la calidad de nuestros productos no es algo menor y por eso elegimos trabajar con clientes que comparten nuestras pretensiones. Un mueble de madera de primera l\u00ednea, no solo es m\u00e1s agradable a la vista sino que es, por supuesto, m\u00e1s s\u00f3lido y duradero.<\/p>\n<p style=\"text-align: justify;\">En la construcci\u00f3n de nuestras sombrillas para publicidad utilizamos los mismos par\u00e1metros que para la construcci\u00f3n de todos nuestros muebles de madera. Elegimos las mejores maderas seleccionadas y cuidamos todos los detalles de fabricaci\u00f3n para que el producto elegido por nuestros clientes cumpla con las expectativas depositadas.<\/p>\n<p style=\"text-align: justify;\">Somos conscientes de que el nombre de su marca tiene que vincularse a un producto noble, y por ese motivo ofrecemos sombrillas para publicidad de primer nivel.<\/p>\n<p style=\"text-align: justify;\">Las sombrillas para publicidad se asocian de la mejor manera posible con momentos placenteros de los potenciales clientes, y por eso son una excelente opci\u00f3n a la hora de instalar su marca.<\/p>\n<p style=\"text-align: justify;\">Si su empresa necesita sombrillas para publicidad en grandes cantidades, no dude en consultarnos ya que somos fabricantes y podemos satisfacer todo tipo de demanda. No deje de consultar en nuestro cat\u00e1logo de muebles de exterior los diferentes modelos de sombrillas para publicidad que tenemos para la venta.<\/p>\n<!-- AddThis Advanced Settings generic via filter on the_content --><!-- AddThis Share Buttons generic via filter on the_content -->","protected":false},"excerpt":{"rendered":"<p>Las sombrillas para publicidad son una excelente opci\u00f3n para quienes quieren asociar el nombre de una marca a la calidez de esos momentos de relajaci\u00f3n como pueden ser un almuerzo familiar o entre amigos al reparo del sol. Conocemos el \u00e9xito que las sombrillas para publicidad tienen con nuestros clientes, ya que cada vez son [&hellip;]<!-- AddThis Advanced Settings generic via filter on get_the_excerpt --><!-- AddThis Share Buttons generic via filter on get_the_excerpt --><\/p>\n","protected":false},"author":1,"featured_media":1485,"comment_status":"open","ping_status":"closed","sticky":false,"template":"","format":"standard","meta":[],"categories":[114],"tags":[],"yoast_head":"<!-- This site is optimized with the Yoast SEO plugin v17.3 - https:\/\/yoast.com\/wordpress\/plugins\/seo\/ -->\n<title>Sombrillas para Publicidad - El Blog de Muebles de Madera y Jardin .COM<\/title>\n<meta name=\"description\" content=\"Las sombrillas para publicidad suelen combinanerse con sillones sillones director para exhibir logos de marcas impresas en ferias, exposiciones, eventos y\" \/>\n<meta name=\"robots\" content=\"index, follow, max-snippet:-1, max-image-preview:large, max-video-preview:-1\" \/>\n<link rel=\"canonical\" href=\"https:\/\/www.mueblesdemaderayjardin.com\/blog\/sombrillas-para-publicidad\/\" \/>\n<meta property=\"og:locale\" content=\"es_ES\" \/>\n<meta property=\"og:type\" content=\"article\" \/>\n<meta property=\"og:title\" content=\"Sombrillas para Publicidad - El Blog de Muebles de Madera y Jardin .COM\" \/>\n<meta property=\"og:description\" content=\"Las sombrillas para publicidad suelen combinanerse con sillones sillones director para exhibir logos de marcas impresas en ferias, exposiciones, eventos y\" \/>\n<meta property=\"og:url\" content=\"https:\/\/www.mueblesdemaderayjardin.com\/blog\/sombrillas-para-publicidad\/\" \/>\n<meta property=\"og:site_name\" content=\"El Blog de Muebles de Madera y Jardin .COM\" \/>\n<meta property=\"article:published_time\" content=\"2013-12-03T13:48:31+00:00\" \/>\n<meta property=\"article:modified_time\" content=\"2014-05-09T14:36:56+00:00\" \/>\n<meta property=\"og:image\" content=\"https:\/\/www.mueblesdemaderayjardin.com\/blog\/wp-content\/uploads\/2013\/07\/sombrillas-para-publicidad.jpg\" \/>\n\t<meta property=\"og:image:width\" content=\"540\" \/>\n\t<meta property=\"og:image:height\" content=\"360\" \/>\n<meta name=\"twitter:label1\" content=\"Escrito por\" \/>\n\t<meta name=\"twitter:data1\" content=\"Muebles de Madera y Jardin\" \/>\n\t<meta name=\"twitter:label2\" content=\"Tiempo de lectura\" \/>\n\t<meta name=\"twitter:data2\" content=\"2 minutos\" \/>\n<script type=\"application\/ld+json\" class=\"yoast-schema-graph\">{\"@context\":\"https:\/\/schema.org\",\"@graph\":[{\"@type\":\"WebSite\",\"@id\":\"https:\/\/www.mueblesdemaderayjardin.com\/blog\/#website\",\"url\":\"https:\/\/www.mueblesdemaderayjardin.com\/blog\/\",\"name\":\"El Blog de Muebles de Madera y Jardin .COM\",\"description\":\"Somos una empresa dedicada a la producci\\u00f3n y comercializaci\\u00f3n de muebles de madera y jard\\u00edn\",\"potentialAction\":[{\"@type\":\"SearchAction\",\"target\":{\"@type\":\"EntryPoint\",\"urlTemplate\":\"https:\/\/www.mueblesdemaderayjardin.com\/blog\/?s={search_term_string}\"},\"query-input\":\"required name=search_term_string\"}],\"inLanguage\":\"es\"},{\"@type\":\"ImageObject\",\"@id\":\"https:\/\/www.mueblesdemaderayjardin.com\/blog\/sombrillas-para-publicidad\/#primaryimage\",\"inLanguage\":\"es\",\"url\":\"https:\/\/www.mueblesdemaderayjardin.com\/blog\/wp-content\/uploads\/2013\/07\/sombrillas-para-publicidad.jpg\",\"contentUrl\":\"https:\/\/www.mueblesdemaderayjardin.com\/blog\/wp-content\/uploads\/2013\/07\/sombrillas-para-publicidad.jpg\",\"width\":\"540\",\"height\":\"360\"},{\"@type\":\"WebPage\",\"@id\":\"https:\/\/www.mueblesdemaderayjardin.com\/blog\/sombrillas-para-publicidad\/#webpage\",\"url\":\"https:\/\/www.mueblesdemaderayjardin.com\/blog\/sombrillas-para-publicidad\/\",\"name\":\"Sombrillas para Publicidad - El Blog de Muebles de Madera y Jardin .COM\",\"isPartOf\":{\"@id\":\"https:\/\/www.mueblesdemaderayjardin.com\/blog\/#website\"},\"primaryImageOfPage\":{\"@id\":\"https:\/\/www.mueblesdemaderayjardin.com\/blog\/sombrillas-para-publicidad\/#primaryimage\"},\"datePublished\":\"2013-12-03T13:48:31+00:00\",\"dateModified\":\"2014-05-09T14:36:56+00:00\",\"author\":{\"@id\":\"https:\/\/www.mueblesdemaderayjardin.com\/blog\/#\/schema\/person\/7042d027aa317c2ac6adeee38f3f8341\"},\"description\":\"Las sombrillas para publicidad suelen combinanerse con sillones sillones director para exhibir logos de marcas impresas en ferias, exposiciones, eventos y\",\"breadcrumb\":{\"@id\":\"https:\/\/www.mueblesdemaderayjardin.com\/blog\/sombrillas-para-publicidad\/#breadcrumb\"},\"inLanguage\":\"es\",\"potentialAction\":[{\"@type\":\"ReadAction\",\"target\":[\"https:\/\/www.mueblesdemaderayjardin.com\/blog\/sombrillas-para-publicidad\/\"]}]},{\"@type\":\"BreadcrumbList\",\"@id\":\"https:\/\/www.mueblesdemaderayjardin.com\/blog\/sombrillas-para-publicidad\/#breadcrumb\",\"itemListElement\":[{\"@type\":\"ListItem\",\"position\":1,\"name\":\"Portada\",\"item\":\"https:\/\/www.mueblesdemaderayjardin.com\/blog\/\"},{\"@type\":\"ListItem\",\"position\":2,\"name\":\"Sombrillas para Publicidad\"}]},{\"@type\":\"Person\",\"@id\":\"https:\/\/www.mueblesdemaderayjardin.com\/blog\/#\/schema\/person\/7042d027aa317c2ac6adeee38f3f8341\",\"name\":\"Muebles de Madera y Jardin\",\"description\":\"Somos una empresa dedicada a la producci\\u00f3n y comercializaci\\u00f3n de muebles de madera maciza. Procesamos generalmente especies nativas del NEA Argentino, poniendo especial foco en el proceso de corte y secado en maderas duras y semiduras. El estacionamiento madurativo antes de la confecci\\u00f3n de los muebles es esencial para que nuestros muebles de jardin, mesas de madera, sillas de madera, bancos de madera, sillones de madera, reposeras de madera, sillas fijas de madera, sillones director de madera, mesas para bar de madera, mesas auxiliares de madera, mesas ratonas de madera, muebles rusticos de madera, y otros muebles de madera maciza puedan tener la confiabilidad de uso que usted esta buscando. Mediante una buena distinci\\u00f3n de las caracter\\u00edsticas de las especies madereras, determinamos la aptitud de las maderas para adaptarse a los diferentes dise\\u00f1os de nuestros muebles fabricados.\",\"sameAs\":[\"https:\/\/www.mueblesdemaderayjardin.com\"],\"url\":\"https:\/\/www.mueblesdemaderayjardin.com\/blog\/author\/admin\/\"}]}<\/script>\n<!-- \/ Yoast SEO plugin. -->","yoast_head_json":{"title":"Sombrillas para Publicidad - El Blog de Muebles de Madera y Jardin .COM","description":"Las sombrillas para publicidad suelen combinanerse con sillones sillones director para exhibir logos de marcas impresas en ferias, exposiciones, eventos y","robots":{"index":"index","follow":"follow","max-snippet":"max-snippet:-1","max-image-preview":"max-image-preview:large","max-video-preview":"max-video-preview:-1"},"canonical":"https:\/\/www.mueblesdemaderayjardin.com\/blog\/sombrillas-para-publicidad\/","og_locale":"es_ES","og_type":"article","og_title":"Sombrillas para Publicidad - El Blog de Muebles de Madera y Jardin .COM","og_description":"Las sombrillas para publicidad suelen combinanerse con sillones sillones director para exhibir logos de marcas impresas en ferias, exposiciones, eventos y","og_url":"https:\/\/www.mueblesdemaderayjardin.com\/blog\/sombrillas-para-publicidad\/","og_site_name":"El Blog de Muebles de Madera y Jardin .COM","article_published_time":"2013-12-03T13:48:31+00:00","article_modified_time":"2014-05-09T14:36:56+00:00","og_image":[{"width":"540","height":"360","url":"https:\/\/www.mueblesdemaderayjardin.com\/blog\/wp-content\/uploads\/2013\/07\/sombrillas-para-publicidad.jpg","type":"image\/jpeg"}],"twitter_misc":{"Escrito por":"Muebles de Madera y Jardin","Tiempo de lectura":"2 minutos"},"schema":{"@context":"https:\/\/schema.org","@graph":[{"@type":"WebSite","@id":"https:\/\/www.mueblesdemaderayjardin.com\/blog\/#website","url":"https:\/\/www.mueblesdemaderayjardin.com\/blog\/","name":"El Blog de Muebles de Madera y Jardin .COM","description":"Somos una empresa dedicada a la producci\u00f3n y comercializaci\u00f3n de muebles de madera y jard\u00edn","potentialAction":[{"@type":"SearchAction","target":{"@type":"EntryPoint","urlTemplate":"https:\/\/www.mueblesdemaderayjardin.com\/blog\/?s={search_term_string}"},"query-input":"required name=search_term_string"}],"inLanguage":"es"},{"@type":"ImageObject","@id":"https:\/\/www.mueblesdemaderayjardin.com\/blog\/sombrillas-para-publicidad\/#primaryimage","inLanguage":"es","url":"https:\/\/www.mueblesdemaderayjardin.com\/blog\/wp-content\/uploads\/2013\/07\/sombrillas-para-publicidad.jpg","contentUrl":"https:\/\/www.mueblesdemaderayjardin.com\/blog\/wp-content\/uploads\/2013\/07\/sombrillas-para-publicidad.jpg","width":"540","height":"360"},{"@type":"WebPage","@id":"https:\/\/www.mueblesdemaderayjardin.com\/blog\/sombrillas-para-publicidad\/#webpage","url":"https:\/\/www.mueblesdemaderayjardin.com\/blog\/sombrillas-para-publicidad\/","name":"Sombrillas para Publicidad - El Blog de Muebles de Madera y Jardin .COM","isPartOf":{"@id":"https:\/\/www.mueblesdemaderayjardin.com\/blog\/#website"},"primaryImageOfPage":{"@id":"https:\/\/www.mueblesdemaderayjardin.com\/blog\/sombrillas-para-publicidad\/#primaryimage"},"datePublished":"2013-12-03T13:48:31+00:00","dateModified":"2014-05-09T14:36:56+00:00","author":{"@id":"https:\/\/www.mueblesdemaderayjardin.com\/blog\/#\/schema\/person\/7042d027aa317c2ac6adeee38f3f8341"},"description":"Las sombrillas para publicidad suelen combinanerse con sillones sillones director para exhibir logos de marcas impresas en ferias, exposiciones, eventos y","breadcrumb":{"@id":"https:\/\/www.mueblesdemaderayjardin.com\/blog\/sombrillas-para-publicidad\/#breadcrumb"},"inLanguage":"es","potentialAction":[{"@type":"ReadAction","target":["https:\/\/www.mueblesdemaderayjardin.com\/blog\/sombrillas-para-publicidad\/"]}]},{"@type":"BreadcrumbList","@id":"https:\/\/www.mueblesdemaderayjardin.com\/blog\/sombrillas-para-publicidad\/#breadcrumb","itemListElement":[{"@type":"ListItem","position":1,"name":"Portada","item":"https:\/\/www.mueblesdemaderayjardin.com\/blog\/"},{"@type":"ListItem","position":2,"name":"Sombrillas para Publicidad"}]},{"@type":"Person","@id":"https:\/\/www.mueblesdemaderayjardin.com\/blog\/#\/schema\/person\/7042d027aa317c2ac6adeee38f3f8341","name":"Muebles de Madera y Jardin","description":"Somos una empresa dedicada a la producci\u00f3n y comercializaci\u00f3n de muebles de madera maciza. Procesamos generalmente especies nativas del NEA Argentino, poniendo especial foco en el proceso de corte y secado en maderas duras y semiduras. El estacionamiento madurativo antes de la confecci\u00f3n de los muebles es esencial para que nuestros muebles de jardin, mesas de madera, sillas de madera, bancos de madera, sillones de madera, reposeras de madera, sillas fijas de madera, sillones director de madera, mesas para bar de madera, mesas auxiliares de madera, mesas ratonas de madera, muebles rusticos de madera, y otros muebles de madera maciza puedan tener la confiabilidad de uso que usted esta buscando. Mediante una buena distinci\u00f3n de las caracter\u00edsticas de las especies madereras, determinamos la aptitud de las maderas para adaptarse a los diferentes dise\u00f1os de nuestros muebles fabricados.","sameAs":["https:\/\/www.mueblesdemaderayjardin.com"],"url":"https:\/\/www.mueblesdemaderayjardin.com\/blog\/author\/admin\/"}]}},"_links":{"self":[{"href":"https:\/\/www.mueblesdemaderayjardin.com\/blog\/wp-json\/wp\/v2\/posts\/2102"}],"collection":[{"href":"https:\/\/www.mueblesdemaderayjardin.com\/blog\/wp-json\/wp\/v2\/posts"}],"about":[{"href":"https:\/\/www.mueblesdemaderayjardin.com\/blog\/wp-json\/wp\/v2\/types\/post"}],"author":[{"embeddable":true,"href":"https:\/\/www.mueblesdemaderayjardin.com\/blog\/wp-json\/wp\/v2\/users\/1"}],"replies":[{"embeddable":true,"href":"https:\/\/www.mueblesdemaderayjardin.com\/blog\/wp-json\/wp\/v2\/comments?post=2102"}],"version-history":[{"count":6,"href":"https:\/\/www.mueblesdemaderayjardin.com\/blog\/wp-json\/wp\/v2\/posts\/2102\/revisions"}],"predecessor-version":[{"id":2619,"href":"https:\/\/www.mueblesdemaderayjardin.com\/blog\/wp-json\/wp\/v2\/posts\/2102\/revisions\/2619"}],"wp:featuredmedia":[{"embeddable":true,"href":"https:\/\/www.mueblesdemaderayjardin.com\/blog\/wp-json\/wp\/v2\/media\/1485"}],"wp:attachment":[{"href":"https:\/\/www.mueblesdemaderayjardin.com\/blog\/wp-json\/wp\/v2\/media?parent=2102"}],"wp:term":[{"taxonomy":"category","embeddable":true,"href":"https:\/\/www.mueblesdemaderayjardin.com\/blog\/wp-json\/wp\/v2\/categories?post=2102"},{"taxonomy":"post_tag","embeddable":true,"href":"https:\/\/www.mueblesdemaderayjardin.com\/blog\/wp-json\/wp\/v2\/tags?post=2102"}],"curies":[{"name":"wp","href":"https:\/\/api.w.org\/{rel}","templated":true}]}}