{"id":2110,"date":"2013-12-04T06:52:56","date_gmt":"2013-12-04T09:52:56","guid":{"rendered":"http:\/\/www.mueblesdemaderayjardin.com\/blog\/?p=2110"},"modified":"2014-05-09T10:19:23","modified_gmt":"2014-05-09T13:19:23","slug":"sombrillas-redondas-para-jardin","status":"publish","type":"post","link":"https:\/\/www.mueblesdemaderayjardin.com\/blog\/sombrillas-redondas-para-jardin\/","title":{"rendered":"Sombrillas Redondas para Jardin"},"content":{"rendered":"<p>Nuestras sombrillas redondas para jardin son un producto realmente bello y con una presencia impactante. Por eso se han instalado entre las preferencias de nuestros clientes con una celeridad sorprendente. Las sombrillas redondas para jardin son el complemento perfecto para los diferentes conjuntos de mesas y sillas de madera para exteriores, que podr\u00e1 consultar en nuestro cat\u00e1logo de muebles de madera y muebles de jardin.<\/p>\n<p>Por su impactante presencia y la calidad de la madera en la son construidas, las sombrillas redondas para jardin le aportar\u00e1n a sus parques esa cuota de belleza y calidez necesarias para potenciar a\u00fan m\u00e1s esos momentos tan especiales de descanso y relajaci\u00f3n.<\/p>\n<p>En nuestra f\u00e1brica de muebles de madera contamos con varios modelos de <a title=\"sombrillas redondas\" href=\"https:\/\/www.mueblesdemaderayjardin.com\/sombrillas\/sombrillas-redondas.html\">sombrillas redondas<\/a> para jardin, y seguramente usted encontrar\u00e1 lo que est\u00e1 buscando y el tama\u00f1o ideal para satisfacer sus expectativas.<\/p>\n<figure id=\"attachment_1486\" aria-describedby=\"caption-attachment-1486\" style=\"width: 540px\" class=\"wp-caption aligncenter\"><a title=\"Sombrillas redondas para jard\u00edn\" href=\"https:\/\/www.mueblesdemaderayjardin.com\/blog\/wp-content\/uploads\/2013\/07\/sombrillas-redondas-para-jardin.jpg\" rel=\"lightbox[jueratt_50|jueratt_50]\"><img loading=\"lazy\" class=\"size-full wp-image-1486 \" title=\"Sombrillas Redondas para Jardin\" alt=\"Sombrillas Redondas para Jardin\" src=\"https:\/\/www.mueblesdemaderayjardin.com\/blog\/wp-content\/uploads\/2013\/07\/sombrillas-redondas-para-jardin.jpg\" width=\"540\" height=\"360\" srcset=\"https:\/\/www.mueblesdemaderayjardin.com\/blog\/wp-content\/uploads\/2013\/07\/sombrillas-redondas-para-jardin.jpg 540w, https:\/\/www.mueblesdemaderayjardin.com\/blog\/wp-content\/uploads\/2013\/07\/sombrillas-redondas-para-jardin-300x200.jpg 300w\" sizes=\"(max-width: 540px) 100vw, 540px\" \/><\/a><figcaption id=\"caption-attachment-1486\" class=\"wp-caption-text\">Sombrillas Redondas para Jardin<\/figcaption><\/figure>\n<h2 style=\"text-align: center;\"><b>Sombrillas redondas para jardin<\/b><\/h2>\n<p>Los n\u00fameros indican que cada vez son m\u00e1s quienes optan por adquirir nuestras sombrillas redondas para jard\u00edn, que se destacan entre sus similares tanto por la calidad de las maderas utilizadas en su construcci\u00f3n como por los peque\u00f1os detalles de su dise\u00f1o innovador y la calidad de las lonas utilizadas para completar los parasoles.<\/p>\n<p>Al igual que lo que ocurre con nuestros muebles de\u00a0 exterior, las sombrillas redondas para jard\u00edn est\u00e1n construidas en maderas de la m\u00e1s alta calidad, seleccionadas y perfectamente estacionadas. Eso resulta fundamental para evitar que la madera se deforme con el uso y la exposici\u00f3n a los rayos del sol.<\/p>\n<p>Si est\u00e1 pensando en adquirir sombrillas redondas para jard\u00edn, no deje de consultar nuestros cat\u00e1logos de muebles de madera y muebles de exterior donde contamos con diferentes modelos y dise\u00f1os de distintos tama\u00f1os.<\/p>\n<p>Trabajamos buscando siempre la conformidad de nuestros clientes, ya que consideramos que su satisfacci\u00f3n es nuestra mejor propaganda. Por eso, si usted est\u00e1 buscando sombrillas redondas para jard\u00edn no dude en contactarnos. Somos especialistas en la construcci\u00f3n de todo tipo de muebles de madera y jard\u00edn de excelente calidad.<\/p>\n<!-- AddThis Advanced Settings generic via filter on the_content --><!-- AddThis Share Buttons generic via filter on the_content -->","protected":false},"excerpt":{"rendered":"<p>Nuestras sombrillas redondas para jardin son un producto realmente bello y con una presencia impactante. Por eso se han instalado entre las preferencias de nuestros clientes con una celeridad sorprendente. Las sombrillas redondas para jardin son el complemento perfecto para los diferentes conjuntos de mesas y sillas de madera para exteriores, que podr\u00e1 consultar en [&hellip;]<!-- AddThis Advanced Settings generic via filter on get_the_excerpt --><!-- AddThis Share Buttons generic via filter on get_the_excerpt --><\/p>\n","protected":false},"author":1,"featured_media":1486,"comment_status":"open","ping_status":"closed","sticky":false,"template":"","format":"standard","meta":[],"categories":[116],"tags":[],"yoast_head":"<!-- This site is optimized with the Yoast SEO plugin v17.3 - https:\/\/yoast.com\/wordpress\/plugins\/seo\/ -->\n<title>Sombrillas Redondas para Jardin - El Blog de Muebles de Madera y Jardin .COM<\/title>\n<meta name=\"description\" content=\"Nuestras sombrillas redondas para jardin son un producto realmente bello y con una presencia impactante. Las sombrillas redondas lucen en jardines con sol\" \/>\n<meta name=\"robots\" content=\"index, follow, max-snippet:-1, max-image-preview:large, max-video-preview:-1\" \/>\n<link rel=\"canonical\" href=\"https:\/\/www.mueblesdemaderayjardin.com\/blog\/sombrillas-redondas-para-jardin\/\" \/>\n<meta property=\"og:locale\" content=\"es_ES\" \/>\n<meta property=\"og:type\" content=\"article\" \/>\n<meta property=\"og:title\" content=\"Sombrillas Redondas para Jardin - El Blog de Muebles de Madera y Jardin .COM\" \/>\n<meta property=\"og:description\" content=\"Nuestras sombrillas redondas para jardin son un producto realmente bello y con una presencia impactante. Las sombrillas redondas lucen en jardines con sol\" \/>\n<meta property=\"og:url\" content=\"https:\/\/www.mueblesdemaderayjardin.com\/blog\/sombrillas-redondas-para-jardin\/\" \/>\n<meta property=\"og:site_name\" content=\"El Blog de Muebles de Madera y Jardin .COM\" \/>\n<meta property=\"article:published_time\" content=\"2013-12-04T09:52:56+00:00\" \/>\n<meta property=\"article:modified_time\" content=\"2014-05-09T13:19:23+00:00\" \/>\n<meta property=\"og:image\" content=\"https:\/\/www.mueblesdemaderayjardin.com\/blog\/wp-content\/uploads\/2013\/07\/sombrillas-redondas-para-jardin.jpg\" \/>\n\t<meta property=\"og:image:width\" content=\"540\" \/>\n\t<meta property=\"og:image:height\" content=\"360\" \/>\n<meta name=\"twitter:label1\" content=\"Escrito por\" \/>\n\t<meta name=\"twitter:data1\" content=\"Muebles de Madera y Jardin\" \/>\n\t<meta name=\"twitter:label2\" content=\"Tiempo de lectura\" \/>\n\t<meta name=\"twitter:data2\" content=\"2 minutos\" \/>\n<script type=\"application\/ld+json\" class=\"yoast-schema-graph\">{\"@context\":\"https:\/\/schema.org\",\"@graph\":[{\"@type\":\"WebSite\",\"@id\":\"https:\/\/www.mueblesdemaderayjardin.com\/blog\/#website\",\"url\":\"https:\/\/www.mueblesdemaderayjardin.com\/blog\/\",\"name\":\"El Blog de Muebles de Madera y Jardin .COM\",\"description\":\"Somos una empresa dedicada a la producci\\u00f3n y comercializaci\\u00f3n de muebles de madera y jard\\u00edn\",\"potentialAction\":[{\"@type\":\"SearchAction\",\"target\":{\"@type\":\"EntryPoint\",\"urlTemplate\":\"https:\/\/www.mueblesdemaderayjardin.com\/blog\/?s={search_term_string}\"},\"query-input\":\"required name=search_term_string\"}],\"inLanguage\":\"es\"},{\"@type\":\"ImageObject\",\"@id\":\"https:\/\/www.mueblesdemaderayjardin.com\/blog\/sombrillas-redondas-para-jardin\/#primaryimage\",\"inLanguage\":\"es\",\"url\":\"https:\/\/www.mueblesdemaderayjardin.com\/blog\/wp-content\/uploads\/2013\/07\/sombrillas-redondas-para-jardin.jpg\",\"contentUrl\":\"https:\/\/www.mueblesdemaderayjardin.com\/blog\/wp-content\/uploads\/2013\/07\/sombrillas-redondas-para-jardin.jpg\",\"width\":\"540\",\"height\":\"360\"},{\"@type\":\"WebPage\",\"@id\":\"https:\/\/www.mueblesdemaderayjardin.com\/blog\/sombrillas-redondas-para-jardin\/#webpage\",\"url\":\"https:\/\/www.mueblesdemaderayjardin.com\/blog\/sombrillas-redondas-para-jardin\/\",\"name\":\"Sombrillas Redondas para Jardin - El Blog de Muebles de Madera y Jardin .COM\",\"isPartOf\":{\"@id\":\"https:\/\/www.mueblesdemaderayjardin.com\/blog\/#website\"},\"primaryImageOfPage\":{\"@id\":\"https:\/\/www.mueblesdemaderayjardin.com\/blog\/sombrillas-redondas-para-jardin\/#primaryimage\"},\"datePublished\":\"2013-12-04T09:52:56+00:00\",\"dateModified\":\"2014-05-09T13:19:23+00:00\",\"author\":{\"@id\":\"https:\/\/www.mueblesdemaderayjardin.com\/blog\/#\/schema\/person\/7042d027aa317c2ac6adeee38f3f8341\"},\"description\":\"Nuestras sombrillas redondas para jardin son un producto realmente bello y con una presencia impactante. Las sombrillas redondas lucen en jardines con sol\",\"breadcrumb\":{\"@id\":\"https:\/\/www.mueblesdemaderayjardin.com\/blog\/sombrillas-redondas-para-jardin\/#breadcrumb\"},\"inLanguage\":\"es\",\"potentialAction\":[{\"@type\":\"ReadAction\",\"target\":[\"https:\/\/www.mueblesdemaderayjardin.com\/blog\/sombrillas-redondas-para-jardin\/\"]}]},{\"@type\":\"BreadcrumbList\",\"@id\":\"https:\/\/www.mueblesdemaderayjardin.com\/blog\/sombrillas-redondas-para-jardin\/#breadcrumb\",\"itemListElement\":[{\"@type\":\"ListItem\",\"position\":1,\"name\":\"Portada\",\"item\":\"https:\/\/www.mueblesdemaderayjardin.com\/blog\/\"},{\"@type\":\"ListItem\",\"position\":2,\"name\":\"Sombrillas Redondas para Jardin\"}]},{\"@type\":\"Person\",\"@id\":\"https:\/\/www.mueblesdemaderayjardin.com\/blog\/#\/schema\/person\/7042d027aa317c2ac6adeee38f3f8341\",\"name\":\"Muebles de Madera y Jardin\",\"description\":\"Somos una empresa dedicada a la producci\\u00f3n y comercializaci\\u00f3n de muebles de madera maciza. Procesamos generalmente especies nativas del NEA Argentino, poniendo especial foco en el proceso de corte y secado en maderas duras y semiduras. El estacionamiento madurativo antes de la confecci\\u00f3n de los muebles es esencial para que nuestros muebles de jardin, mesas de madera, sillas de madera, bancos de madera, sillones de madera, reposeras de madera, sillas fijas de madera, sillones director de madera, mesas para bar de madera, mesas auxiliares de madera, mesas ratonas de madera, muebles rusticos de madera, y otros muebles de madera maciza puedan tener la confiabilidad de uso que usted esta buscando. Mediante una buena distinci\\u00f3n de las caracter\\u00edsticas de las especies madereras, determinamos la aptitud de las maderas para adaptarse a los diferentes dise\\u00f1os de nuestros muebles fabricados.\",\"sameAs\":[\"https:\/\/www.mueblesdemaderayjardin.com\"],\"url\":\"https:\/\/www.mueblesdemaderayjardin.com\/blog\/author\/admin\/\"}]}<\/script>\n<!-- \/ Yoast SEO plugin. -->","yoast_head_json":{"title":"Sombrillas Redondas para Jardin - El Blog de Muebles de Madera y Jardin .COM","description":"Nuestras sombrillas redondas para jardin son un producto realmente bello y con una presencia impactante. Las sombrillas redondas lucen en jardines con sol","robots":{"index":"index","follow":"follow","max-snippet":"max-snippet:-1","max-image-preview":"max-image-preview:large","max-video-preview":"max-video-preview:-1"},"canonical":"https:\/\/www.mueblesdemaderayjardin.com\/blog\/sombrillas-redondas-para-jardin\/","og_locale":"es_ES","og_type":"article","og_title":"Sombrillas Redondas para Jardin - El Blog de Muebles de Madera y Jardin .COM","og_description":"Nuestras sombrillas redondas para jardin son un producto realmente bello y con una presencia impactante. Las sombrillas redondas lucen en jardines con sol","og_url":"https:\/\/www.mueblesdemaderayjardin.com\/blog\/sombrillas-redondas-para-jardin\/","og_site_name":"El Blog de Muebles de Madera y Jardin .COM","article_published_time":"2013-12-04T09:52:56+00:00","article_modified_time":"2014-05-09T13:19:23+00:00","og_image":[{"width":"540","height":"360","url":"https:\/\/www.mueblesdemaderayjardin.com\/blog\/wp-content\/uploads\/2013\/07\/sombrillas-redondas-para-jardin.jpg","type":"image\/jpeg"}],"twitter_misc":{"Escrito por":"Muebles de Madera y Jardin","Tiempo de lectura":"2 minutos"},"schema":{"@context":"https:\/\/schema.org","@graph":[{"@type":"WebSite","@id":"https:\/\/www.mueblesdemaderayjardin.com\/blog\/#website","url":"https:\/\/www.mueblesdemaderayjardin.com\/blog\/","name":"El Blog de Muebles de Madera y Jardin .COM","description":"Somos una empresa dedicada a la producci\u00f3n y comercializaci\u00f3n de muebles de madera y jard\u00edn","potentialAction":[{"@type":"SearchAction","target":{"@type":"EntryPoint","urlTemplate":"https:\/\/www.mueblesdemaderayjardin.com\/blog\/?s={search_term_string}"},"query-input":"required name=search_term_string"}],"inLanguage":"es"},{"@type":"ImageObject","@id":"https:\/\/www.mueblesdemaderayjardin.com\/blog\/sombrillas-redondas-para-jardin\/#primaryimage","inLanguage":"es","url":"https:\/\/www.mueblesdemaderayjardin.com\/blog\/wp-content\/uploads\/2013\/07\/sombrillas-redondas-para-jardin.jpg","contentUrl":"https:\/\/www.mueblesdemaderayjardin.com\/blog\/wp-content\/uploads\/2013\/07\/sombrillas-redondas-para-jardin.jpg","width":"540","height":"360"},{"@type":"WebPage","@id":"https:\/\/www.mueblesdemaderayjardin.com\/blog\/sombrillas-redondas-para-jardin\/#webpage","url":"https:\/\/www.mueblesdemaderayjardin.com\/blog\/sombrillas-redondas-para-jardin\/","name":"Sombrillas Redondas para Jardin - El Blog de Muebles de Madera y Jardin .COM","isPartOf":{"@id":"https:\/\/www.mueblesdemaderayjardin.com\/blog\/#website"},"primaryImageOfPage":{"@id":"https:\/\/www.mueblesdemaderayjardin.com\/blog\/sombrillas-redondas-para-jardin\/#primaryimage"},"datePublished":"2013-12-04T09:52:56+00:00","dateModified":"2014-05-09T13:19:23+00:00","author":{"@id":"https:\/\/www.mueblesdemaderayjardin.com\/blog\/#\/schema\/person\/7042d027aa317c2ac6adeee38f3f8341"},"description":"Nuestras sombrillas redondas para jardin son un producto realmente bello y con una presencia impactante. Las sombrillas redondas lucen en jardines con sol","breadcrumb":{"@id":"https:\/\/www.mueblesdemaderayjardin.com\/blog\/sombrillas-redondas-para-jardin\/#breadcrumb"},"inLanguage":"es","potentialAction":[{"@type":"ReadAction","target":["https:\/\/www.mueblesdemaderayjardin.com\/blog\/sombrillas-redondas-para-jardin\/"]}]},{"@type":"BreadcrumbList","@id":"https:\/\/www.mueblesdemaderayjardin.com\/blog\/sombrillas-redondas-para-jardin\/#breadcrumb","itemListElement":[{"@type":"ListItem","position":1,"name":"Portada","item":"https:\/\/www.mueblesdemaderayjardin.com\/blog\/"},{"@type":"ListItem","position":2,"name":"Sombrillas Redondas para Jardin"}]},{"@type":"Person","@id":"https:\/\/www.mueblesdemaderayjardin.com\/blog\/#\/schema\/person\/7042d027aa317c2ac6adeee38f3f8341","name":"Muebles de Madera y Jardin","description":"Somos una empresa dedicada a la producci\u00f3n y comercializaci\u00f3n de muebles de madera maciza. Procesamos generalmente especies nativas del NEA Argentino, poniendo especial foco en el proceso de corte y secado en maderas duras y semiduras. El estacionamiento madurativo antes de la confecci\u00f3n de los muebles es esencial para que nuestros muebles de jardin, mesas de madera, sillas de madera, bancos de madera, sillones de madera, reposeras de madera, sillas fijas de madera, sillones director de madera, mesas para bar de madera, mesas auxiliares de madera, mesas ratonas de madera, muebles rusticos de madera, y otros muebles de madera maciza puedan tener la confiabilidad de uso que usted esta buscando. Mediante una buena distinci\u00f3n de las caracter\u00edsticas de las especies madereras, determinamos la aptitud de las maderas para adaptarse a los diferentes dise\u00f1os de nuestros muebles fabricados.","sameAs":["https:\/\/www.mueblesdemaderayjardin.com"],"url":"https:\/\/www.mueblesdemaderayjardin.com\/blog\/author\/admin\/"}]}},"_links":{"self":[{"href":"https:\/\/www.mueblesdemaderayjardin.com\/blog\/wp-json\/wp\/v2\/posts\/2110"}],"collection":[{"href":"https:\/\/www.mueblesdemaderayjardin.com\/blog\/wp-json\/wp\/v2\/posts"}],"about":[{"href":"https:\/\/www.mueblesdemaderayjardin.com\/blog\/wp-json\/wp\/v2\/types\/post"}],"author":[{"embeddable":true,"href":"https:\/\/www.mueblesdemaderayjardin.com\/blog\/wp-json\/wp\/v2\/users\/1"}],"replies":[{"embeddable":true,"href":"https:\/\/www.mueblesdemaderayjardin.com\/blog\/wp-json\/wp\/v2\/comments?post=2110"}],"version-history":[{"count":3,"href":"https:\/\/www.mueblesdemaderayjardin.com\/blog\/wp-json\/wp\/v2\/posts\/2110\/revisions"}],"predecessor-version":[{"id":2606,"href":"https:\/\/www.mueblesdemaderayjardin.com\/blog\/wp-json\/wp\/v2\/posts\/2110\/revisions\/2606"}],"wp:featuredmedia":[{"embeddable":true,"href":"https:\/\/www.mueblesdemaderayjardin.com\/blog\/wp-json\/wp\/v2\/media\/1486"}],"wp:attachment":[{"href":"https:\/\/www.mueblesdemaderayjardin.com\/blog\/wp-json\/wp\/v2\/media?parent=2110"}],"wp:term":[{"taxonomy":"category","embeddable":true,"href":"https:\/\/www.mueblesdemaderayjardin.com\/blog\/wp-json\/wp\/v2\/categories?post=2110"},{"taxonomy":"post_tag","embeddable":true,"href":"https:\/\/www.mueblesdemaderayjardin.com\/blog\/wp-json\/wp\/v2\/tags?post=2110"}],"curies":[{"name":"wp","href":"https:\/\/api.w.org\/{rel}","templated":true}]}}