{"id":234,"date":"2010-06-26T10:28:06","date_gmt":"2010-06-26T13:28:06","guid":{"rendered":"http:\/\/www.mueblesdemaderayjardin.com\/blog\/?p=234"},"modified":"2010-06-26T10:36:48","modified_gmt":"2010-06-26T13:36:48","slug":"muebles-para-sum-amoblamiento","status":"publish","type":"post","link":"https:\/\/www.mueblesdemaderayjardin.com\/blog\/muebles-para-sum-amoblamiento\/","title":{"rendered":"Muebles para SUM Amoblamiento"},"content":{"rendered":"<h1 style=\"text-align: center;\">Muebles para SUM<\/h1>\n<p>Los salones de usos multiples (SUM) son espacios creados para desarrollar actividades sociales dentro de los edificios y complejos de departamentos.<\/p>\n<p>En estos espacios los muebles juegan un rol protag\u00f3nico, dado que un mobiliario adecuado puede hacer de la estancia en el SUM una experiencia m\u00e1s confortable.<\/p>\n<figure id=\"attachment_236\" aria-describedby=\"caption-attachment-236\" style=\"width: 475px\" class=\"wp-caption aligncenter\"><a title=\"Muebles para sum amoblamiento\" href=\"https:\/\/www.mueblesdemaderayjardin.com\/blog\/wp-content\/uploads\/2010\/06\/Muebles_para_sum1.jpg\"><img loading=\"lazy\" class=\"size-full wp-image-236\" title=\"Muebles para sum amoblamiento\" src=\"https:\/\/www.mueblesdemaderayjardin.com\/blog\/wp-content\/uploads\/2010\/06\/Muebles_para_sum.jpg\" alt=\"Muebles para sum amoblamiento\" width=\"475\" height=\"710\" srcset=\"https:\/\/www.mueblesdemaderayjardin.com\/blog\/wp-content\/uploads\/2010\/06\/Muebles_para_sum.jpg 475w, https:\/\/www.mueblesdemaderayjardin.com\/blog\/wp-content\/uploads\/2010\/06\/Muebles_para_sum-200x300.jpg 200w\" sizes=\"(max-width: 475px) 100vw, 475px\" \/><\/a><figcaption id=\"caption-attachment-236\" class=\"wp-caption-text\">Muebles para sum amoblamiento<\/figcaption><\/figure>\n<p>Dentro de \u00e9stos muebles generalmente se destacan las mesas y sillas para SUM,  aunque tambi\u00e9n dependiendo de las necesidades del lugar se pueden armar juegos de livings o barras con banquetas para el sector de parrilla.<\/p>\n<!-- AddThis Advanced Settings generic via filter on the_content --><!-- AddThis Share Buttons generic via filter on the_content -->","protected":false},"excerpt":{"rendered":"<p>Muebles para SUM Los salones de usos multiples (SUM) son espacios creados para desarrollar actividades sociales dentro de los edificios y complejos de departamentos. En estos espacios los muebles juegan un rol protag\u00f3nico, dado que un mobiliario adecuado puede hacer de la estancia en el SUM una experiencia m\u00e1s confortable. Dentro de \u00e9stos muebles generalmente [&hellip;]<!-- AddThis Advanced Settings generic via filter on get_the_excerpt --><!-- AddThis Share Buttons generic via filter on get_the_excerpt --><\/p>\n","protected":false},"author":1,"featured_media":0,"comment_status":"open","ping_status":"open","sticky":false,"template":"","format":"standard","meta":[],"categories":[11],"tags":[],"yoast_head":"<!-- This site is optimized with the Yoast SEO plugin v17.3 - https:\/\/yoast.com\/wordpress\/plugins\/seo\/ -->\n<title>Muebles para SUM Amoblamiento - El Blog de Muebles de Madera y Jardin .COM<\/title>\n<meta name=\"robots\" content=\"index, follow, max-snippet:-1, max-image-preview:large, max-video-preview:-1\" \/>\n<link rel=\"canonical\" href=\"https:\/\/www.mueblesdemaderayjardin.com\/blog\/muebles-para-sum-amoblamiento\/\" \/>\n<meta property=\"og:locale\" content=\"es_ES\" \/>\n<meta property=\"og:type\" content=\"article\" \/>\n<meta property=\"og:title\" content=\"Muebles para SUM Amoblamiento - El Blog de Muebles de Madera y Jardin .COM\" \/>\n<meta property=\"og:description\" content=\"Muebles para SUM Los salones de usos multiples (SUM) son espacios creados para desarrollar actividades sociales dentro de los edificios y complejos de departamentos. En estos espacios los muebles juegan un rol protag\u00f3nico, dado que un mobiliario adecuado puede hacer de la estancia en el SUM una experiencia m\u00e1s confortable. Dentro de \u00e9stos muebles generalmente [&hellip;]\" \/>\n<meta property=\"og:url\" content=\"https:\/\/www.mueblesdemaderayjardin.com\/blog\/muebles-para-sum-amoblamiento\/\" \/>\n<meta property=\"og:site_name\" content=\"El Blog de Muebles de Madera y Jardin .COM\" \/>\n<meta property=\"article:published_time\" content=\"2010-06-26T13:28:06+00:00\" \/>\n<meta property=\"article:modified_time\" content=\"2010-06-26T13:36:48+00:00\" \/>\n<meta property=\"og:image\" content=\"https:\/\/www.mueblesdemaderayjardin.com\/blog\/wp-content\/uploads\/2010\/06\/Muebles_para_sum.jpg\" \/>\n<meta name=\"twitter:label1\" content=\"Escrito por\" \/>\n\t<meta name=\"twitter:data1\" content=\"Muebles de Madera y Jardin\" \/>\n\t<meta name=\"twitter:label2\" content=\"Tiempo de lectura\" \/>\n\t<meta name=\"twitter:data2\" content=\"1 minuto\" \/>\n<script type=\"application\/ld+json\" class=\"yoast-schema-graph\">{\"@context\":\"https:\/\/schema.org\",\"@graph\":[{\"@type\":\"WebSite\",\"@id\":\"https:\/\/www.mueblesdemaderayjardin.com\/blog\/#website\",\"url\":\"https:\/\/www.mueblesdemaderayjardin.com\/blog\/\",\"name\":\"El Blog de Muebles de Madera y Jardin .COM\",\"description\":\"Somos una empresa dedicada a la producci\\u00f3n y comercializaci\\u00f3n de muebles de madera y jard\\u00edn\",\"potentialAction\":[{\"@type\":\"SearchAction\",\"target\":{\"@type\":\"EntryPoint\",\"urlTemplate\":\"https:\/\/www.mueblesdemaderayjardin.com\/blog\/?s={search_term_string}\"},\"query-input\":\"required name=search_term_string\"}],\"inLanguage\":\"es\"},{\"@type\":\"ImageObject\",\"@id\":\"https:\/\/www.mueblesdemaderayjardin.com\/blog\/muebles-para-sum-amoblamiento\/#primaryimage\",\"inLanguage\":\"es\",\"url\":\"https:\/\/www.mueblesdemaderayjardin.com\/blog\/wp-content\/uploads\/2010\/06\/Muebles_para_sum.jpg\",\"contentUrl\":\"https:\/\/www.mueblesdemaderayjardin.com\/blog\/wp-content\/uploads\/2010\/06\/Muebles_para_sum.jpg\",\"width\":\"475\",\"height\":\"710\",\"caption\":\"Muebles para sum amoblamiento\"},{\"@type\":\"WebPage\",\"@id\":\"https:\/\/www.mueblesdemaderayjardin.com\/blog\/muebles-para-sum-amoblamiento\/#webpage\",\"url\":\"https:\/\/www.mueblesdemaderayjardin.com\/blog\/muebles-para-sum-amoblamiento\/\",\"name\":\"Muebles para SUM Amoblamiento - El Blog de Muebles de Madera y Jardin .COM\",\"isPartOf\":{\"@id\":\"https:\/\/www.mueblesdemaderayjardin.com\/blog\/#website\"},\"primaryImageOfPage\":{\"@id\":\"https:\/\/www.mueblesdemaderayjardin.com\/blog\/muebles-para-sum-amoblamiento\/#primaryimage\"},\"datePublished\":\"2010-06-26T13:28:06+00:00\",\"dateModified\":\"2010-06-26T13:36:48+00:00\",\"author\":{\"@id\":\"https:\/\/www.mueblesdemaderayjardin.com\/blog\/#\/schema\/person\/7042d027aa317c2ac6adeee38f3f8341\"},\"breadcrumb\":{\"@id\":\"https:\/\/www.mueblesdemaderayjardin.com\/blog\/muebles-para-sum-amoblamiento\/#breadcrumb\"},\"inLanguage\":\"es\",\"potentialAction\":[{\"@type\":\"ReadAction\",\"target\":[\"https:\/\/www.mueblesdemaderayjardin.com\/blog\/muebles-para-sum-amoblamiento\/\"]}]},{\"@type\":\"BreadcrumbList\",\"@id\":\"https:\/\/www.mueblesdemaderayjardin.com\/blog\/muebles-para-sum-amoblamiento\/#breadcrumb\",\"itemListElement\":[{\"@type\":\"ListItem\",\"position\":1,\"name\":\"Portada\",\"item\":\"https:\/\/www.mueblesdemaderayjardin.com\/blog\/\"},{\"@type\":\"ListItem\",\"position\":2,\"name\":\"Muebles para SUM Amoblamiento\"}]},{\"@type\":\"Person\",\"@id\":\"https:\/\/www.mueblesdemaderayjardin.com\/blog\/#\/schema\/person\/7042d027aa317c2ac6adeee38f3f8341\",\"name\":\"Muebles de Madera y Jardin\",\"description\":\"Somos una empresa dedicada a la producci\\u00f3n y comercializaci\\u00f3n de muebles de madera maciza. Procesamos generalmente especies nativas del NEA Argentino, poniendo especial foco en el proceso de corte y secado en maderas duras y semiduras. El estacionamiento madurativo antes de la confecci\\u00f3n de los muebles es esencial para que nuestros muebles de jardin, mesas de madera, sillas de madera, bancos de madera, sillones de madera, reposeras de madera, sillas fijas de madera, sillones director de madera, mesas para bar de madera, mesas auxiliares de madera, mesas ratonas de madera, muebles rusticos de madera, y otros muebles de madera maciza puedan tener la confiabilidad de uso que usted esta buscando. Mediante una buena distinci\\u00f3n de las caracter\\u00edsticas de las especies madereras, determinamos la aptitud de las maderas para adaptarse a los diferentes dise\\u00f1os de nuestros muebles fabricados.\",\"sameAs\":[\"https:\/\/www.mueblesdemaderayjardin.com\"],\"url\":\"https:\/\/www.mueblesdemaderayjardin.com\/blog\/author\/admin\/\"}]}<\/script>\n<!-- \/ Yoast SEO plugin. -->","yoast_head_json":{"title":"Muebles para SUM Amoblamiento - El Blog de Muebles de Madera y Jardin .COM","robots":{"index":"index","follow":"follow","max-snippet":"max-snippet:-1","max-image-preview":"max-image-preview:large","max-video-preview":"max-video-preview:-1"},"canonical":"https:\/\/www.mueblesdemaderayjardin.com\/blog\/muebles-para-sum-amoblamiento\/","og_locale":"es_ES","og_type":"article","og_title":"Muebles para SUM Amoblamiento - El Blog de Muebles de Madera y Jardin .COM","og_description":"Muebles para SUM Los salones de usos multiples (SUM) son espacios creados para desarrollar actividades sociales dentro de los edificios y complejos de departamentos. En estos espacios los muebles juegan un rol protag\u00f3nico, dado que un mobiliario adecuado puede hacer de la estancia en el SUM una experiencia m\u00e1s confortable. Dentro de \u00e9stos muebles generalmente [&hellip;]","og_url":"https:\/\/www.mueblesdemaderayjardin.com\/blog\/muebles-para-sum-amoblamiento\/","og_site_name":"El Blog de Muebles de Madera y Jardin .COM","article_published_time":"2010-06-26T13:28:06+00:00","article_modified_time":"2010-06-26T13:36:48+00:00","og_image":[{"url":"https:\/\/www.mueblesdemaderayjardin.com\/blog\/wp-content\/uploads\/2010\/06\/Muebles_para_sum.jpg"}],"twitter_misc":{"Escrito por":"Muebles de Madera y Jardin","Tiempo de lectura":"1 minuto"},"schema":{"@context":"https:\/\/schema.org","@graph":[{"@type":"WebSite","@id":"https:\/\/www.mueblesdemaderayjardin.com\/blog\/#website","url":"https:\/\/www.mueblesdemaderayjardin.com\/blog\/","name":"El Blog de Muebles de Madera y Jardin .COM","description":"Somos una empresa dedicada a la producci\u00f3n y comercializaci\u00f3n de muebles de madera y jard\u00edn","potentialAction":[{"@type":"SearchAction","target":{"@type":"EntryPoint","urlTemplate":"https:\/\/www.mueblesdemaderayjardin.com\/blog\/?s={search_term_string}"},"query-input":"required name=search_term_string"}],"inLanguage":"es"},{"@type":"ImageObject","@id":"https:\/\/www.mueblesdemaderayjardin.com\/blog\/muebles-para-sum-amoblamiento\/#primaryimage","inLanguage":"es","url":"https:\/\/www.mueblesdemaderayjardin.com\/blog\/wp-content\/uploads\/2010\/06\/Muebles_para_sum.jpg","contentUrl":"https:\/\/www.mueblesdemaderayjardin.com\/blog\/wp-content\/uploads\/2010\/06\/Muebles_para_sum.jpg","width":"475","height":"710","caption":"Muebles para sum amoblamiento"},{"@type":"WebPage","@id":"https:\/\/www.mueblesdemaderayjardin.com\/blog\/muebles-para-sum-amoblamiento\/#webpage","url":"https:\/\/www.mueblesdemaderayjardin.com\/blog\/muebles-para-sum-amoblamiento\/","name":"Muebles para SUM Amoblamiento - El Blog de Muebles de Madera y Jardin .COM","isPartOf":{"@id":"https:\/\/www.mueblesdemaderayjardin.com\/blog\/#website"},"primaryImageOfPage":{"@id":"https:\/\/www.mueblesdemaderayjardin.com\/blog\/muebles-para-sum-amoblamiento\/#primaryimage"},"datePublished":"2010-06-26T13:28:06+00:00","dateModified":"2010-06-26T13:36:48+00:00","author":{"@id":"https:\/\/www.mueblesdemaderayjardin.com\/blog\/#\/schema\/person\/7042d027aa317c2ac6adeee38f3f8341"},"breadcrumb":{"@id":"https:\/\/www.mueblesdemaderayjardin.com\/blog\/muebles-para-sum-amoblamiento\/#breadcrumb"},"inLanguage":"es","potentialAction":[{"@type":"ReadAction","target":["https:\/\/www.mueblesdemaderayjardin.com\/blog\/muebles-para-sum-amoblamiento\/"]}]},{"@type":"BreadcrumbList","@id":"https:\/\/www.mueblesdemaderayjardin.com\/blog\/muebles-para-sum-amoblamiento\/#breadcrumb","itemListElement":[{"@type":"ListItem","position":1,"name":"Portada","item":"https:\/\/www.mueblesdemaderayjardin.com\/blog\/"},{"@type":"ListItem","position":2,"name":"Muebles para SUM Amoblamiento"}]},{"@type":"Person","@id":"https:\/\/www.mueblesdemaderayjardin.com\/blog\/#\/schema\/person\/7042d027aa317c2ac6adeee38f3f8341","name":"Muebles de Madera y Jardin","description":"Somos una empresa dedicada a la producci\u00f3n y comercializaci\u00f3n de muebles de madera maciza. Procesamos generalmente especies nativas del NEA Argentino, poniendo especial foco en el proceso de corte y secado en maderas duras y semiduras. El estacionamiento madurativo antes de la confecci\u00f3n de los muebles es esencial para que nuestros muebles de jardin, mesas de madera, sillas de madera, bancos de madera, sillones de madera, reposeras de madera, sillas fijas de madera, sillones director de madera, mesas para bar de madera, mesas auxiliares de madera, mesas ratonas de madera, muebles rusticos de madera, y otros muebles de madera maciza puedan tener la confiabilidad de uso que usted esta buscando. Mediante una buena distinci\u00f3n de las caracter\u00edsticas de las especies madereras, determinamos la aptitud de las maderas para adaptarse a los diferentes dise\u00f1os de nuestros muebles fabricados.","sameAs":["https:\/\/www.mueblesdemaderayjardin.com"],"url":"https:\/\/www.mueblesdemaderayjardin.com\/blog\/author\/admin\/"}]}},"_links":{"self":[{"href":"https:\/\/www.mueblesdemaderayjardin.com\/blog\/wp-json\/wp\/v2\/posts\/234"}],"collection":[{"href":"https:\/\/www.mueblesdemaderayjardin.com\/blog\/wp-json\/wp\/v2\/posts"}],"about":[{"href":"https:\/\/www.mueblesdemaderayjardin.com\/blog\/wp-json\/wp\/v2\/types\/post"}],"author":[{"embeddable":true,"href":"https:\/\/www.mueblesdemaderayjardin.com\/blog\/wp-json\/wp\/v2\/users\/1"}],"replies":[{"embeddable":true,"href":"https:\/\/www.mueblesdemaderayjardin.com\/blog\/wp-json\/wp\/v2\/comments?post=234"}],"version-history":[{"count":4,"href":"https:\/\/www.mueblesdemaderayjardin.com\/blog\/wp-json\/wp\/v2\/posts\/234\/revisions"}],"predecessor-version":[{"id":239,"href":"https:\/\/www.mueblesdemaderayjardin.com\/blog\/wp-json\/wp\/v2\/posts\/234\/revisions\/239"}],"wp:attachment":[{"href":"https:\/\/www.mueblesdemaderayjardin.com\/blog\/wp-json\/wp\/v2\/media?parent=234"}],"wp:term":[{"taxonomy":"category","embeddable":true,"href":"https:\/\/www.mueblesdemaderayjardin.com\/blog\/wp-json\/wp\/v2\/categories?post=234"},{"taxonomy":"post_tag","embeddable":true,"href":"https:\/\/www.mueblesdemaderayjardin.com\/blog\/wp-json\/wp\/v2\/tags?post=234"}],"curies":[{"name":"wp","href":"https:\/\/api.w.org\/{rel}","templated":true}]}}