{"id":2714,"date":"2014-06-21T11:34:36","date_gmt":"2014-06-21T14:34:36","guid":{"rendered":"http:\/\/www.mueblesdemaderayjardin.com\/blog\/?p=2714"},"modified":"2014-06-21T12:22:03","modified_gmt":"2014-06-21T15:22:03","slug":"ideas-para-decorar-espacios-exteriores","status":"publish","type":"post","link":"https:\/\/www.mueblesdemaderayjardin.com\/blog\/ideas-para-decorar-espacios-exteriores\/","title":{"rendered":"Ideas para Decorar Espacios Exteriores"},"content":{"rendered":"<p>Dentro de las ideas para decorar espacios exteriores se encuentra la de decorar espacios peque\u00f1os como lo son los balcones de un departamento o una casa. Siempre solemos pensar ideas para decorar el interior de nuestra casa pero nos olvidamos de las ideas para decorar espacios exteriores que son m\u00e1s que aprovechosos en epocas tan lindas como la primavera y el verano. Entonces es bueno tener en cuenta cuales son las mejores opciones de decoracion dependiendo del espacio exterior o al aire libre con el que contamos.<\/p>\n<p>&nbsp;<\/p>\n<p>&nbsp;<\/p>\n<figure id=\"attachment_2715\" aria-describedby=\"caption-attachment-2715\" style=\"width: 518px\" class=\"wp-caption aligncenter\"><a href=\"https:\/\/www.mueblesdemaderayjardin.com\/blog\/wp-content\/uploads\/2014\/06\/Ideas-para-Decorar-Espacios-Exteriores.png\"><img loading=\"lazy\" class=\"size-full wp-image-2715 \" title=\"Ideas para Decorar Espacios Exteriores\" alt=\"Ideas para Decorar Espacios Exteriores\" src=\"https:\/\/www.mueblesdemaderayjardin.com\/blog\/wp-content\/uploads\/2014\/06\/Ideas-para-Decorar-Espacios-Exteriores.png\" width=\"518\" height=\"360\" srcset=\"https:\/\/www.mueblesdemaderayjardin.com\/blog\/wp-content\/uploads\/2014\/06\/Ideas-para-Decorar-Espacios-Exteriores.png 518w, https:\/\/www.mueblesdemaderayjardin.com\/blog\/wp-content\/uploads\/2014\/06\/Ideas-para-Decorar-Espacios-Exteriores-300x208.png 300w\" sizes=\"(max-width: 518px) 100vw, 518px\" \/><\/a><figcaption id=\"caption-attachment-2715\" class=\"wp-caption-text\">Ideas para Decorar Espacios Exteriores en el Balcon de Casa<\/figcaption><\/figure>\n<h2 style=\"text-align: center;\"><\/h2>\n<h2 style=\"text-align: center;\">Ideas para Decorar Espacios Exteriores<\/h2>\n<p>&nbsp;<\/p>\n<p>Cuando en nuestra fabrica pensamos con que vamos a trabajar, dependemos tambien de las ideas para decorar espacios exteriores, es desde all\u00ed donde surgen alguno de los dise\u00f1os de muebles que se quieren lograr. La importancia recide en el hecho de crear tipos de muebles, en nuestro caso, muebles de madera por lo que nos importa tanto el que como el como vamos a trabajarlo. Sea tanto para espacios semiabiertos como espacios al total descubierto, pensamos el trabajo desde el tipo de madera que se necesitara para soportar determinados items en su uso, desde las mesas de madera hasta los camastros fijos, utilizamos recortes de maderas robustas, maderas macizas que ademas de ser totalmente aptas a factores de uso y clima, perduran en el tiempo aun mas que tipos de madera para interior.<\/p>\n<p>Retomando el punto inicial, contaremos que dentro de las ideas para decorar espacios exteriores se encuentra la de <a title=\"juegos de living exterior\" href=\"https:\/\/www.mueblesdemaderayjardin.com\/sillones\/juegos-de-living-exterior.html\">juegos de living exterior<\/a>, estos juegos de livings suelen componerse preferentemente, de sillones de madera, en sus diversidades sillones individuales medianos y comodos para el disfrute personal y los sillones de tres cuerpos que al ser de una medida mayor conforta la comodidad de mas de una persona. Si bien, esta es una idea de decoracion optima en su eleccion y aprovechosa, suelen elegirse para lugares tales como sectores de galeria, jardin o terrazas y para espacios mas reducidos, como lo son los balcones, difiere el mueblario. Bien puede ser que el balcon sea amplio pero, queremos destacar otro tipo de ideas para decorar espacios exteriores.<\/p>\n<p>Siempre existe un lugar de la casa que le tomamos mayor cari\u00f1o que a otros y para muchos, el balcon es uno de esos lugares especiales para despejar la mente un momento y admirar la naturaleza desde lo alto, desconectarse y disfrutar del aire libre. Para esas personas, y las que aun no encontraron lo especial de un balcon, recomendamos que lo ambienten y redecoren. Sin necesidad de mucho mueblario, dentro de las <a title=\"mesas para balcon\" href=\"https:\/\/www.mueblesdemaderayjardin.com\/mesas\/mesas-para-balcon.html\">mesas para balcon<\/a>, contamos con la <a title=\"mesa plegable\" href=\"https:\/\/www.mueblesdemaderayjardin.com\/mesas\/mesas-plegables.html\">mesa plegable<\/a> de madera que junto a las sillas plegables de madera arman un sector para uno o bien para compartir. Lo aprovechoso de este tipo de muebles, hablando de mesas y <a title=\"sillas plegables de jardin\" href=\"https:\/\/www.mueblesdemaderayjardin.com\/sillas\/sillas-plegables-de-jardin.html\">sillas plegables de jardin<\/a>, es que ocupan poco espacio y en el caso de simplemente estar, se puede guardar la mesa y sacar mas de una silla y disfrutar de un dia o una noche en compa\u00f1ia.<\/p>\n<p>Ahora bien, de ser fan de tu balcon y adorar la naturaleza, otra de las ideas para decorar espacios exteriores, es la de contar con un camastro o tumbona, un camastro de madera con ruedas que te permita movilizarlo y en esos dias de verano poder sacarlo al balcon y descansar sobre el hasta ver el amanecer. A estos camastros con ruedas se les puede a\u00f1adir una colchoneta sobre el y con un buen almohadon completas tu estadia.<\/p>\n<p>Si te gusta tanto tu balcon, ambientalo para poder disfrutarlo el doble y suma tus ideas de decoracion agregandole tu gusto personal, desde almohadones de colores y formas, luces de colores colgantes y un lindo florero sobre la mesa bar, cuando la picada de paso y lugar.<\/p>\n<!-- AddThis Advanced Settings generic via filter on the_content --><!-- AddThis Share Buttons generic via filter on the_content -->","protected":false},"excerpt":{"rendered":"<p>Dentro de las ideas para decorar espacios exteriores se encuentra la de decorar espacios peque\u00f1os como lo son los balcones de un departamento o una casa. Siempre solemos pensar ideas para decorar el interior de nuestra casa pero nos olvidamos de las ideas para decorar espacios exteriores que son m\u00e1s que aprovechosos en epocas tan [&hellip;]<!-- AddThis Advanced Settings generic via filter on get_the_excerpt --><!-- AddThis Share Buttons generic via filter on get_the_excerpt --><\/p>\n","protected":false},"author":1,"featured_media":2715,"comment_status":"open","ping_status":"closed","sticky":false,"template":"","format":"standard","meta":[],"categories":[8],"tags":[],"yoast_head":"<!-- This site is optimized with the Yoast SEO plugin v17.3 - https:\/\/yoast.com\/wordpress\/plugins\/seo\/ -->\n<title>Ideas para Decorar Espacios Exteriores - El Blog de Muebles de Madera y Jardin .COM<\/title>\n<meta name=\"description\" content=\"Dentro de las ideas para decorar espacios exteriores se encuentra la de decorar espacios peque\u00f1os como lo son los balcones de un departamento o una casa.\" \/>\n<meta name=\"robots\" content=\"index, follow, max-snippet:-1, max-image-preview:large, max-video-preview:-1\" \/>\n<link rel=\"canonical\" href=\"https:\/\/www.mueblesdemaderayjardin.com\/blog\/ideas-para-decorar-espacios-exteriores\/\" \/>\n<meta property=\"og:locale\" content=\"es_ES\" \/>\n<meta property=\"og:type\" content=\"article\" \/>\n<meta property=\"og:title\" content=\"Ideas para Decorar Espacios Exteriores - El Blog de Muebles de Madera y Jardin .COM\" \/>\n<meta property=\"og:description\" content=\"Dentro de las ideas para decorar espacios exteriores se encuentra la de decorar espacios peque\u00f1os como lo son los balcones de un departamento o una casa.\" \/>\n<meta property=\"og:url\" content=\"https:\/\/www.mueblesdemaderayjardin.com\/blog\/ideas-para-decorar-espacios-exteriores\/\" \/>\n<meta property=\"og:site_name\" content=\"El Blog de Muebles de Madera y Jardin .COM\" \/>\n<meta property=\"article:published_time\" content=\"2014-06-21T14:34:36+00:00\" \/>\n<meta property=\"article:modified_time\" content=\"2014-06-21T15:22:03+00:00\" \/>\n<meta property=\"og:image\" content=\"https:\/\/www.mueblesdemaderayjardin.com\/blog\/wp-content\/uploads\/2014\/06\/Ideas-para-Decorar-Espacios-Exteriores.png\" \/>\n\t<meta property=\"og:image:width\" content=\"518\" \/>\n\t<meta property=\"og:image:height\" content=\"360\" \/>\n<meta name=\"twitter:label1\" content=\"Escrito por\" \/>\n\t<meta name=\"twitter:data1\" content=\"Muebles de Madera y Jardin\" \/>\n\t<meta name=\"twitter:label2\" content=\"Tiempo de lectura\" \/>\n\t<meta name=\"twitter:data2\" content=\"3 minutos\" \/>\n<script type=\"application\/ld+json\" class=\"yoast-schema-graph\">{\"@context\":\"https:\/\/schema.org\",\"@graph\":[{\"@type\":\"WebSite\",\"@id\":\"https:\/\/www.mueblesdemaderayjardin.com\/blog\/#website\",\"url\":\"https:\/\/www.mueblesdemaderayjardin.com\/blog\/\",\"name\":\"El Blog de Muebles de Madera y Jardin .COM\",\"description\":\"Somos una empresa dedicada a la producci\\u00f3n y comercializaci\\u00f3n de muebles de madera y jard\\u00edn\",\"potentialAction\":[{\"@type\":\"SearchAction\",\"target\":{\"@type\":\"EntryPoint\",\"urlTemplate\":\"https:\/\/www.mueblesdemaderayjardin.com\/blog\/?s={search_term_string}\"},\"query-input\":\"required name=search_term_string\"}],\"inLanguage\":\"es\"},{\"@type\":\"ImageObject\",\"@id\":\"https:\/\/www.mueblesdemaderayjardin.com\/blog\/ideas-para-decorar-espacios-exteriores\/#primaryimage\",\"inLanguage\":\"es\",\"url\":\"https:\/\/www.mueblesdemaderayjardin.com\/blog\/wp-content\/uploads\/2014\/06\/Ideas-para-Decorar-Espacios-Exteriores.png\",\"contentUrl\":\"https:\/\/www.mueblesdemaderayjardin.com\/blog\/wp-content\/uploads\/2014\/06\/Ideas-para-Decorar-Espacios-Exteriores.png\",\"width\":518,\"height\":360},{\"@type\":\"WebPage\",\"@id\":\"https:\/\/www.mueblesdemaderayjardin.com\/blog\/ideas-para-decorar-espacios-exteriores\/#webpage\",\"url\":\"https:\/\/www.mueblesdemaderayjardin.com\/blog\/ideas-para-decorar-espacios-exteriores\/\",\"name\":\"Ideas para Decorar Espacios Exteriores - El Blog de Muebles de Madera y Jardin .COM\",\"isPartOf\":{\"@id\":\"https:\/\/www.mueblesdemaderayjardin.com\/blog\/#website\"},\"primaryImageOfPage\":{\"@id\":\"https:\/\/www.mueblesdemaderayjardin.com\/blog\/ideas-para-decorar-espacios-exteriores\/#primaryimage\"},\"datePublished\":\"2014-06-21T14:34:36+00:00\",\"dateModified\":\"2014-06-21T15:22:03+00:00\",\"author\":{\"@id\":\"https:\/\/www.mueblesdemaderayjardin.com\/blog\/#\/schema\/person\/7042d027aa317c2ac6adeee38f3f8341\"},\"description\":\"Dentro de las ideas para decorar espacios exteriores se encuentra la de decorar espacios peque\\u00f1os como lo son los balcones de un departamento o una casa.\",\"breadcrumb\":{\"@id\":\"https:\/\/www.mueblesdemaderayjardin.com\/blog\/ideas-para-decorar-espacios-exteriores\/#breadcrumb\"},\"inLanguage\":\"es\",\"potentialAction\":[{\"@type\":\"ReadAction\",\"target\":[\"https:\/\/www.mueblesdemaderayjardin.com\/blog\/ideas-para-decorar-espacios-exteriores\/\"]}]},{\"@type\":\"BreadcrumbList\",\"@id\":\"https:\/\/www.mueblesdemaderayjardin.com\/blog\/ideas-para-decorar-espacios-exteriores\/#breadcrumb\",\"itemListElement\":[{\"@type\":\"ListItem\",\"position\":1,\"name\":\"Portada\",\"item\":\"https:\/\/www.mueblesdemaderayjardin.com\/blog\/\"},{\"@type\":\"ListItem\",\"position\":2,\"name\":\"Ideas para Decorar Espacios Exteriores\"}]},{\"@type\":\"Person\",\"@id\":\"https:\/\/www.mueblesdemaderayjardin.com\/blog\/#\/schema\/person\/7042d027aa317c2ac6adeee38f3f8341\",\"name\":\"Muebles de Madera y Jardin\",\"description\":\"Somos una empresa dedicada a la producci\\u00f3n y comercializaci\\u00f3n de muebles de madera maciza. Procesamos generalmente especies nativas del NEA Argentino, poniendo especial foco en el proceso de corte y secado en maderas duras y semiduras. El estacionamiento madurativo antes de la confecci\\u00f3n de los muebles es esencial para que nuestros muebles de jardin, mesas de madera, sillas de madera, bancos de madera, sillones de madera, reposeras de madera, sillas fijas de madera, sillones director de madera, mesas para bar de madera, mesas auxiliares de madera, mesas ratonas de madera, muebles rusticos de madera, y otros muebles de madera maciza puedan tener la confiabilidad de uso que usted esta buscando. Mediante una buena distinci\\u00f3n de las caracter\\u00edsticas de las especies madereras, determinamos la aptitud de las maderas para adaptarse a los diferentes dise\\u00f1os de nuestros muebles fabricados.\",\"sameAs\":[\"https:\/\/www.mueblesdemaderayjardin.com\"],\"url\":\"https:\/\/www.mueblesdemaderayjardin.com\/blog\/author\/admin\/\"}]}<\/script>\n<!-- \/ Yoast SEO plugin. -->","yoast_head_json":{"title":"Ideas para Decorar Espacios Exteriores - El Blog de Muebles de Madera y Jardin .COM","description":"Dentro de las ideas para decorar espacios exteriores se encuentra la de decorar espacios peque\u00f1os como lo son los balcones de un departamento o una casa.","robots":{"index":"index","follow":"follow","max-snippet":"max-snippet:-1","max-image-preview":"max-image-preview:large","max-video-preview":"max-video-preview:-1"},"canonical":"https:\/\/www.mueblesdemaderayjardin.com\/blog\/ideas-para-decorar-espacios-exteriores\/","og_locale":"es_ES","og_type":"article","og_title":"Ideas para Decorar Espacios Exteriores - El Blog de Muebles de Madera y Jardin .COM","og_description":"Dentro de las ideas para decorar espacios exteriores se encuentra la de decorar espacios peque\u00f1os como lo son los balcones de un departamento o una casa.","og_url":"https:\/\/www.mueblesdemaderayjardin.com\/blog\/ideas-para-decorar-espacios-exteriores\/","og_site_name":"El Blog de Muebles de Madera y Jardin .COM","article_published_time":"2014-06-21T14:34:36+00:00","article_modified_time":"2014-06-21T15:22:03+00:00","og_image":[{"width":518,"height":360,"url":"https:\/\/www.mueblesdemaderayjardin.com\/blog\/wp-content\/uploads\/2014\/06\/Ideas-para-Decorar-Espacios-Exteriores.png","type":"image\/png"}],"twitter_misc":{"Escrito por":"Muebles de Madera y Jardin","Tiempo de lectura":"3 minutos"},"schema":{"@context":"https:\/\/schema.org","@graph":[{"@type":"WebSite","@id":"https:\/\/www.mueblesdemaderayjardin.com\/blog\/#website","url":"https:\/\/www.mueblesdemaderayjardin.com\/blog\/","name":"El Blog de Muebles de Madera y Jardin .COM","description":"Somos una empresa dedicada a la producci\u00f3n y comercializaci\u00f3n de muebles de madera y jard\u00edn","potentialAction":[{"@type":"SearchAction","target":{"@type":"EntryPoint","urlTemplate":"https:\/\/www.mueblesdemaderayjardin.com\/blog\/?s={search_term_string}"},"query-input":"required name=search_term_string"}],"inLanguage":"es"},{"@type":"ImageObject","@id":"https:\/\/www.mueblesdemaderayjardin.com\/blog\/ideas-para-decorar-espacios-exteriores\/#primaryimage","inLanguage":"es","url":"https:\/\/www.mueblesdemaderayjardin.com\/blog\/wp-content\/uploads\/2014\/06\/Ideas-para-Decorar-Espacios-Exteriores.png","contentUrl":"https:\/\/www.mueblesdemaderayjardin.com\/blog\/wp-content\/uploads\/2014\/06\/Ideas-para-Decorar-Espacios-Exteriores.png","width":518,"height":360},{"@type":"WebPage","@id":"https:\/\/www.mueblesdemaderayjardin.com\/blog\/ideas-para-decorar-espacios-exteriores\/#webpage","url":"https:\/\/www.mueblesdemaderayjardin.com\/blog\/ideas-para-decorar-espacios-exteriores\/","name":"Ideas para Decorar Espacios Exteriores - El Blog de Muebles de Madera y Jardin .COM","isPartOf":{"@id":"https:\/\/www.mueblesdemaderayjardin.com\/blog\/#website"},"primaryImageOfPage":{"@id":"https:\/\/www.mueblesdemaderayjardin.com\/blog\/ideas-para-decorar-espacios-exteriores\/#primaryimage"},"datePublished":"2014-06-21T14:34:36+00:00","dateModified":"2014-06-21T15:22:03+00:00","author":{"@id":"https:\/\/www.mueblesdemaderayjardin.com\/blog\/#\/schema\/person\/7042d027aa317c2ac6adeee38f3f8341"},"description":"Dentro de las ideas para decorar espacios exteriores se encuentra la de decorar espacios peque\u00f1os como lo son los balcones de un departamento o una casa.","breadcrumb":{"@id":"https:\/\/www.mueblesdemaderayjardin.com\/blog\/ideas-para-decorar-espacios-exteriores\/#breadcrumb"},"inLanguage":"es","potentialAction":[{"@type":"ReadAction","target":["https:\/\/www.mueblesdemaderayjardin.com\/blog\/ideas-para-decorar-espacios-exteriores\/"]}]},{"@type":"BreadcrumbList","@id":"https:\/\/www.mueblesdemaderayjardin.com\/blog\/ideas-para-decorar-espacios-exteriores\/#breadcrumb","itemListElement":[{"@type":"ListItem","position":1,"name":"Portada","item":"https:\/\/www.mueblesdemaderayjardin.com\/blog\/"},{"@type":"ListItem","position":2,"name":"Ideas para Decorar Espacios Exteriores"}]},{"@type":"Person","@id":"https:\/\/www.mueblesdemaderayjardin.com\/blog\/#\/schema\/person\/7042d027aa317c2ac6adeee38f3f8341","name":"Muebles de Madera y Jardin","description":"Somos una empresa dedicada a la producci\u00f3n y comercializaci\u00f3n de muebles de madera maciza. Procesamos generalmente especies nativas del NEA Argentino, poniendo especial foco en el proceso de corte y secado en maderas duras y semiduras. El estacionamiento madurativo antes de la confecci\u00f3n de los muebles es esencial para que nuestros muebles de jardin, mesas de madera, sillas de madera, bancos de madera, sillones de madera, reposeras de madera, sillas fijas de madera, sillones director de madera, mesas para bar de madera, mesas auxiliares de madera, mesas ratonas de madera, muebles rusticos de madera, y otros muebles de madera maciza puedan tener la confiabilidad de uso que usted esta buscando. Mediante una buena distinci\u00f3n de las caracter\u00edsticas de las especies madereras, determinamos la aptitud de las maderas para adaptarse a los diferentes dise\u00f1os de nuestros muebles fabricados.","sameAs":["https:\/\/www.mueblesdemaderayjardin.com"],"url":"https:\/\/www.mueblesdemaderayjardin.com\/blog\/author\/admin\/"}]}},"_links":{"self":[{"href":"https:\/\/www.mueblesdemaderayjardin.com\/blog\/wp-json\/wp\/v2\/posts\/2714"}],"collection":[{"href":"https:\/\/www.mueblesdemaderayjardin.com\/blog\/wp-json\/wp\/v2\/posts"}],"about":[{"href":"https:\/\/www.mueblesdemaderayjardin.com\/blog\/wp-json\/wp\/v2\/types\/post"}],"author":[{"embeddable":true,"href":"https:\/\/www.mueblesdemaderayjardin.com\/blog\/wp-json\/wp\/v2\/users\/1"}],"replies":[{"embeddable":true,"href":"https:\/\/www.mueblesdemaderayjardin.com\/blog\/wp-json\/wp\/v2\/comments?post=2714"}],"version-history":[{"count":5,"href":"https:\/\/www.mueblesdemaderayjardin.com\/blog\/wp-json\/wp\/v2\/posts\/2714\/revisions"}],"predecessor-version":[{"id":2720,"href":"https:\/\/www.mueblesdemaderayjardin.com\/blog\/wp-json\/wp\/v2\/posts\/2714\/revisions\/2720"}],"wp:featuredmedia":[{"embeddable":true,"href":"https:\/\/www.mueblesdemaderayjardin.com\/blog\/wp-json\/wp\/v2\/media\/2715"}],"wp:attachment":[{"href":"https:\/\/www.mueblesdemaderayjardin.com\/blog\/wp-json\/wp\/v2\/media?parent=2714"}],"wp:term":[{"taxonomy":"category","embeddable":true,"href":"https:\/\/www.mueblesdemaderayjardin.com\/blog\/wp-json\/wp\/v2\/categories?post=2714"},{"taxonomy":"post_tag","embeddable":true,"href":"https:\/\/www.mueblesdemaderayjardin.com\/blog\/wp-json\/wp\/v2\/tags?post=2714"}],"curies":[{"name":"wp","href":"https:\/\/api.w.org\/{rel}","templated":true}]}}