{"id":2740,"date":"2014-06-25T10:51:29","date_gmt":"2014-06-25T13:51:29","guid":{"rendered":"http:\/\/www.mueblesdemaderayjardin.com\/blog\/?p=2740"},"modified":"2014-06-25T10:54:01","modified_gmt":"2014-06-25T13:54:01","slug":"deco-exterior","status":"publish","type":"post","link":"https:\/\/www.mueblesdemaderayjardin.com\/blog\/deco-exterior\/","title":{"rendered":"Deco Exterior"},"content":{"rendered":"<p style=\"text-align: justify;\">La decoracion exterior o deco exterior, da paso a la importancia del tiempo de disfrutar en balcones, patios, terrazas, porches y jardines. Cada espacio del hogar merece su cuidado y esa pisca de deco que lo hace mas lindo, con el mismo cari\u00f1o que solemos brindarle al interior.<\/p>\n<p style=\"text-align: justify;\">Al darte cuenta de la belleza que se puede contemplar desde los espacios exteriores querras optar por optimizar tu deco exterior. A veces ya contamos con juegos de muebles que acompa\u00f1en las galerias, quinchos o muebles para el jardin, pero tendemos a esperar a que esos dias de sol nos recuerden que el cuidado en la deco exterior es de gran importancia para acotencimientos en los que invitamos a amigos o familiares para algun dia festivo o simplemente disfrutar de un dia al aire libre.<\/p>\n<figure id=\"attachment_2741\" aria-describedby=\"caption-attachment-2741\" style=\"width: 540px\" class=\"wp-caption aligncenter\"><a href=\"https:\/\/www.mueblesdemaderayjardin.com\/blog\/wp-content\/uploads\/2014\/06\/deco-exterior.png\"><img loading=\"lazy\" class=\"size-full wp-image-2741 \" title=\"deco exterior\" alt=\"deco exterior\" src=\"https:\/\/www.mueblesdemaderayjardin.com\/blog\/wp-content\/uploads\/2014\/06\/deco-exterior.png\" width=\"540\" height=\"360\" srcset=\"https:\/\/www.mueblesdemaderayjardin.com\/blog\/wp-content\/uploads\/2014\/06\/deco-exterior.png 540w, https:\/\/www.mueblesdemaderayjardin.com\/blog\/wp-content\/uploads\/2014\/06\/deco-exterior-300x200.png 300w\" sizes=\"(max-width: 540px) 100vw, 540px\" \/><\/a><figcaption id=\"caption-attachment-2741\" class=\"wp-caption-text\">Deco Exterior en Galerias y Jardin<\/figcaption><\/figure>\n<h2 style=\"text-align: center;\">\u00a0Deco Exterior<\/h2>\n<p style=\"text-align: justify;\">En ese momento en el que recordamos que la comodidad y la decoracion de exteriores nos favorece,es cuando decidimos implementar una deco exterior que sea acorde al espacio con el que contamos. Para ello, es ideal tener planteado el diamentro con el que se cuenta, desde donde nos provee luz del sol y cual sera el sistema que mejor nos proteja, en el caso que sean <a title=\"sombrillas\" href=\"https:\/\/www.mueblesdemaderayjardin.com\/sombrillas.html\">sombrillas<\/a>, podes orientarte hacia las sombrillas redondas, sombrillas octogonales o sombrillas cuadradas, en funcion a las mesas, <a title=\"bancos\" href=\"https:\/\/www.mueblesdemaderayjardin.com\/bancos.html\">bancos <\/a>o sillas que armen el juego. Por otro lado, tener en cuenta con cuantos invitados solemos contar en cada jornada, y cuan abiertos son los lugares que se quieren decorar.<\/p>\n<p style=\"text-align: justify;\">Es esencial la durabilidad de los muebles outdoors, considerando las variantes del clima como tambien el uso que le brindamos, sabemos que es totalmente diferente el cuidado de un mueble para interior que el de los muebles para exterior. Pero, de eso no tenemos de que preocuparnos porque, todo lo que se fabrica en muebles de madera y jardin asimila una ocupacion central en la calidad y fortaleza de las maderas y asi, dise\u00f1ar muebles que puedan vivir en espacios de deco exterior, muebles en madera trabajados en diferentes formatos para que cada espacio tenga una ambientacion particular.<\/p>\n<p style=\"text-align: justify;\">Si tu idea de deco exterior parte desde la idea misma de decorar un ambiente tal como tu galeria, entonces estamos hablando a partir de un espacio que suele a menudo ser semiabierto. La particularidad de los espacios semiabiertos es la posibilidad que nos permite de armar mas de un juego de muebles en el mismo lugar. Como deco exterior, destacamos los<a title=\"juegos de living\" href=\"https:\/\/www.mueblesdemaderayjardin.com\/sillones\/juegos-de-living-exterior.html\"> juegos de living<\/a> para galerias, imaginandonos un sector central en el que ubicariamos una mesa, sea una mesa fija, una mesa grande, mesa extensible, mesa plegable, mesa de madera con patas externas o patas internas. Destacamos aca, nuevamente la cantidad de comensales que solemos ser, y asi poder seleccionar que mesa sera la mas adecuanda, sin dejar a un lado el estilo mismo de la galeria, porque si bien los dise\u00f1os de mesas de madera que fabricamos son de tablas similares existe una variacion en las patas, como tambien en el color que pensas elegir. Podes combinarlos con el color de las paredes de tu galeria, si el mismo es un tono claro, podes seleccionar un color de madera nogal medio o acercandote a uno mas oscuro como lo es el huengue. Y si armamos el juego de muebles central completo, bancos de madera es una linda resolucion para una galeria, con lindos almohadones en color que resalten lo clasico de la deco.<\/p>\n<p style=\"text-align: justify;\">Seleccionando un color para los almohadones de los bancos, bancos de madera con respaldo en su preferencia, podes armar en un sector lateral o mismo en el jardin un juego de living de exterior en donde los sillones, <a title=\"sillones fijos de madera para galeria\" href=\"https:\/\/www.mueblesdemaderayjardin.com\/sillones\/sillones-fijos-de-madera-para-galeria-y-jardin.html\">sillones fijos de madera para galeria y jardin<\/a>, sillones individuales y sillones de tres cuerpos sean del mismo color que el que elegiste para los almohadones, si te animas podes hacer que tu galeria se destaque por un color tan vivo y fuerte como el tomate o el aguamarina.<\/p>\n<!-- AddThis Advanced Settings generic via filter on the_content --><!-- AddThis Share Buttons generic via filter on the_content -->","protected":false},"excerpt":{"rendered":"<p>La decoracion exterior o deco exterior, da paso a la importancia del tiempo de disfrutar en balcones, patios, terrazas, porches y jardines. Cada espacio del hogar merece su cuidado y esa pisca de deco que lo hace mas lindo, con el mismo cari\u00f1o que solemos brindarle al interior. Al darte cuenta de la belleza que [&hellip;]<!-- AddThis Advanced Settings generic via filter on get_the_excerpt --><!-- AddThis Share Buttons generic via filter on get_the_excerpt --><\/p>\n","protected":false},"author":1,"featured_media":2741,"comment_status":"open","ping_status":"closed","sticky":false,"template":"","format":"standard","meta":[],"categories":[8],"tags":[],"yoast_head":"<!-- This site is optimized with the Yoast SEO plugin v17.3 - https:\/\/yoast.com\/wordpress\/plugins\/seo\/ -->\n<title>Deco Exterior - El Blog de Muebles de Madera y Jardin .COM<\/title>\n<meta name=\"description\" content=\"La decoracion exterior o deco exterior, da paso a la importancia del tiempo de disfrutar en balcones, patios, terrazas, porches y jardines.\" \/>\n<meta name=\"robots\" content=\"index, follow, max-snippet:-1, max-image-preview:large, max-video-preview:-1\" \/>\n<link rel=\"canonical\" href=\"https:\/\/www.mueblesdemaderayjardin.com\/blog\/deco-exterior\/\" \/>\n<meta property=\"og:locale\" content=\"es_ES\" \/>\n<meta property=\"og:type\" content=\"article\" \/>\n<meta property=\"og:title\" content=\"Deco Exterior - El Blog de Muebles de Madera y Jardin .COM\" \/>\n<meta property=\"og:description\" content=\"La decoracion exterior o deco exterior, da paso a la importancia del tiempo de disfrutar en balcones, patios, terrazas, porches y jardines.\" \/>\n<meta property=\"og:url\" content=\"https:\/\/www.mueblesdemaderayjardin.com\/blog\/deco-exterior\/\" \/>\n<meta property=\"og:site_name\" content=\"El Blog de Muebles de Madera y Jardin .COM\" \/>\n<meta property=\"article:published_time\" content=\"2014-06-25T13:51:29+00:00\" \/>\n<meta property=\"article:modified_time\" content=\"2014-06-25T13:54:01+00:00\" \/>\n<meta property=\"og:image\" content=\"https:\/\/www.mueblesdemaderayjardin.com\/blog\/wp-content\/uploads\/2014\/06\/deco-exterior.png\" \/>\n\t<meta property=\"og:image:width\" content=\"540\" \/>\n\t<meta property=\"og:image:height\" content=\"360\" \/>\n<meta name=\"twitter:label1\" content=\"Escrito por\" \/>\n\t<meta name=\"twitter:data1\" content=\"Muebles de Madera y Jardin\" \/>\n\t<meta name=\"twitter:label2\" content=\"Tiempo de lectura\" \/>\n\t<meta name=\"twitter:data2\" content=\"3 minutos\" \/>\n<script type=\"application\/ld+json\" class=\"yoast-schema-graph\">{\"@context\":\"https:\/\/schema.org\",\"@graph\":[{\"@type\":\"WebSite\",\"@id\":\"https:\/\/www.mueblesdemaderayjardin.com\/blog\/#website\",\"url\":\"https:\/\/www.mueblesdemaderayjardin.com\/blog\/\",\"name\":\"El Blog de Muebles de Madera y Jardin .COM\",\"description\":\"Somos una empresa dedicada a la producci\\u00f3n y comercializaci\\u00f3n de muebles de madera y jard\\u00edn\",\"potentialAction\":[{\"@type\":\"SearchAction\",\"target\":{\"@type\":\"EntryPoint\",\"urlTemplate\":\"https:\/\/www.mueblesdemaderayjardin.com\/blog\/?s={search_term_string}\"},\"query-input\":\"required name=search_term_string\"}],\"inLanguage\":\"es\"},{\"@type\":\"ImageObject\",\"@id\":\"https:\/\/www.mueblesdemaderayjardin.com\/blog\/deco-exterior\/#primaryimage\",\"inLanguage\":\"es\",\"url\":\"https:\/\/www.mueblesdemaderayjardin.com\/blog\/wp-content\/uploads\/2014\/06\/deco-exterior.png\",\"contentUrl\":\"https:\/\/www.mueblesdemaderayjardin.com\/blog\/wp-content\/uploads\/2014\/06\/deco-exterior.png\",\"width\":540,\"height\":360},{\"@type\":\"WebPage\",\"@id\":\"https:\/\/www.mueblesdemaderayjardin.com\/blog\/deco-exterior\/#webpage\",\"url\":\"https:\/\/www.mueblesdemaderayjardin.com\/blog\/deco-exterior\/\",\"name\":\"Deco Exterior - El Blog de Muebles de Madera y Jardin .COM\",\"isPartOf\":{\"@id\":\"https:\/\/www.mueblesdemaderayjardin.com\/blog\/#website\"},\"primaryImageOfPage\":{\"@id\":\"https:\/\/www.mueblesdemaderayjardin.com\/blog\/deco-exterior\/#primaryimage\"},\"datePublished\":\"2014-06-25T13:51:29+00:00\",\"dateModified\":\"2014-06-25T13:54:01+00:00\",\"author\":{\"@id\":\"https:\/\/www.mueblesdemaderayjardin.com\/blog\/#\/schema\/person\/7042d027aa317c2ac6adeee38f3f8341\"},\"description\":\"La decoracion exterior o deco exterior, da paso a la importancia del tiempo de disfrutar en balcones, patios, terrazas, porches y jardines.\",\"breadcrumb\":{\"@id\":\"https:\/\/www.mueblesdemaderayjardin.com\/blog\/deco-exterior\/#breadcrumb\"},\"inLanguage\":\"es\",\"potentialAction\":[{\"@type\":\"ReadAction\",\"target\":[\"https:\/\/www.mueblesdemaderayjardin.com\/blog\/deco-exterior\/\"]}]},{\"@type\":\"BreadcrumbList\",\"@id\":\"https:\/\/www.mueblesdemaderayjardin.com\/blog\/deco-exterior\/#breadcrumb\",\"itemListElement\":[{\"@type\":\"ListItem\",\"position\":1,\"name\":\"Portada\",\"item\":\"https:\/\/www.mueblesdemaderayjardin.com\/blog\/\"},{\"@type\":\"ListItem\",\"position\":2,\"name\":\"Deco Exterior\"}]},{\"@type\":\"Person\",\"@id\":\"https:\/\/www.mueblesdemaderayjardin.com\/blog\/#\/schema\/person\/7042d027aa317c2ac6adeee38f3f8341\",\"name\":\"Muebles de Madera y Jardin\",\"description\":\"Somos una empresa dedicada a la producci\\u00f3n y comercializaci\\u00f3n de muebles de madera maciza. Procesamos generalmente especies nativas del NEA Argentino, poniendo especial foco en el proceso de corte y secado en maderas duras y semiduras. El estacionamiento madurativo antes de la confecci\\u00f3n de los muebles es esencial para que nuestros muebles de jardin, mesas de madera, sillas de madera, bancos de madera, sillones de madera, reposeras de madera, sillas fijas de madera, sillones director de madera, mesas para bar de madera, mesas auxiliares de madera, mesas ratonas de madera, muebles rusticos de madera, y otros muebles de madera maciza puedan tener la confiabilidad de uso que usted esta buscando. Mediante una buena distinci\\u00f3n de las caracter\\u00edsticas de las especies madereras, determinamos la aptitud de las maderas para adaptarse a los diferentes dise\\u00f1os de nuestros muebles fabricados.\",\"sameAs\":[\"https:\/\/www.mueblesdemaderayjardin.com\"],\"url\":\"https:\/\/www.mueblesdemaderayjardin.com\/blog\/author\/admin\/\"}]}<\/script>\n<!-- \/ Yoast SEO plugin. -->","yoast_head_json":{"title":"Deco Exterior - El Blog de Muebles de Madera y Jardin .COM","description":"La decoracion exterior o deco exterior, da paso a la importancia del tiempo de disfrutar en balcones, patios, terrazas, porches y jardines.","robots":{"index":"index","follow":"follow","max-snippet":"max-snippet:-1","max-image-preview":"max-image-preview:large","max-video-preview":"max-video-preview:-1"},"canonical":"https:\/\/www.mueblesdemaderayjardin.com\/blog\/deco-exterior\/","og_locale":"es_ES","og_type":"article","og_title":"Deco Exterior - El Blog de Muebles de Madera y Jardin .COM","og_description":"La decoracion exterior o deco exterior, da paso a la importancia del tiempo de disfrutar en balcones, patios, terrazas, porches y jardines.","og_url":"https:\/\/www.mueblesdemaderayjardin.com\/blog\/deco-exterior\/","og_site_name":"El Blog de Muebles de Madera y Jardin .COM","article_published_time":"2014-06-25T13:51:29+00:00","article_modified_time":"2014-06-25T13:54:01+00:00","og_image":[{"width":540,"height":360,"url":"https:\/\/www.mueblesdemaderayjardin.com\/blog\/wp-content\/uploads\/2014\/06\/deco-exterior.png","type":"image\/png"}],"twitter_misc":{"Escrito por":"Muebles de Madera y Jardin","Tiempo de lectura":"3 minutos"},"schema":{"@context":"https:\/\/schema.org","@graph":[{"@type":"WebSite","@id":"https:\/\/www.mueblesdemaderayjardin.com\/blog\/#website","url":"https:\/\/www.mueblesdemaderayjardin.com\/blog\/","name":"El Blog de Muebles de Madera y Jardin .COM","description":"Somos una empresa dedicada a la producci\u00f3n y comercializaci\u00f3n de muebles de madera y jard\u00edn","potentialAction":[{"@type":"SearchAction","target":{"@type":"EntryPoint","urlTemplate":"https:\/\/www.mueblesdemaderayjardin.com\/blog\/?s={search_term_string}"},"query-input":"required name=search_term_string"}],"inLanguage":"es"},{"@type":"ImageObject","@id":"https:\/\/www.mueblesdemaderayjardin.com\/blog\/deco-exterior\/#primaryimage","inLanguage":"es","url":"https:\/\/www.mueblesdemaderayjardin.com\/blog\/wp-content\/uploads\/2014\/06\/deco-exterior.png","contentUrl":"https:\/\/www.mueblesdemaderayjardin.com\/blog\/wp-content\/uploads\/2014\/06\/deco-exterior.png","width":540,"height":360},{"@type":"WebPage","@id":"https:\/\/www.mueblesdemaderayjardin.com\/blog\/deco-exterior\/#webpage","url":"https:\/\/www.mueblesdemaderayjardin.com\/blog\/deco-exterior\/","name":"Deco Exterior - El Blog de Muebles de Madera y Jardin .COM","isPartOf":{"@id":"https:\/\/www.mueblesdemaderayjardin.com\/blog\/#website"},"primaryImageOfPage":{"@id":"https:\/\/www.mueblesdemaderayjardin.com\/blog\/deco-exterior\/#primaryimage"},"datePublished":"2014-06-25T13:51:29+00:00","dateModified":"2014-06-25T13:54:01+00:00","author":{"@id":"https:\/\/www.mueblesdemaderayjardin.com\/blog\/#\/schema\/person\/7042d027aa317c2ac6adeee38f3f8341"},"description":"La decoracion exterior o deco exterior, da paso a la importancia del tiempo de disfrutar en balcones, patios, terrazas, porches y jardines.","breadcrumb":{"@id":"https:\/\/www.mueblesdemaderayjardin.com\/blog\/deco-exterior\/#breadcrumb"},"inLanguage":"es","potentialAction":[{"@type":"ReadAction","target":["https:\/\/www.mueblesdemaderayjardin.com\/blog\/deco-exterior\/"]}]},{"@type":"BreadcrumbList","@id":"https:\/\/www.mueblesdemaderayjardin.com\/blog\/deco-exterior\/#breadcrumb","itemListElement":[{"@type":"ListItem","position":1,"name":"Portada","item":"https:\/\/www.mueblesdemaderayjardin.com\/blog\/"},{"@type":"ListItem","position":2,"name":"Deco Exterior"}]},{"@type":"Person","@id":"https:\/\/www.mueblesdemaderayjardin.com\/blog\/#\/schema\/person\/7042d027aa317c2ac6adeee38f3f8341","name":"Muebles de Madera y Jardin","description":"Somos una empresa dedicada a la producci\u00f3n y comercializaci\u00f3n de muebles de madera maciza. Procesamos generalmente especies nativas del NEA Argentino, poniendo especial foco en el proceso de corte y secado en maderas duras y semiduras. El estacionamiento madurativo antes de la confecci\u00f3n de los muebles es esencial para que nuestros muebles de jardin, mesas de madera, sillas de madera, bancos de madera, sillones de madera, reposeras de madera, sillas fijas de madera, sillones director de madera, mesas para bar de madera, mesas auxiliares de madera, mesas ratonas de madera, muebles rusticos de madera, y otros muebles de madera maciza puedan tener la confiabilidad de uso que usted esta buscando. Mediante una buena distinci\u00f3n de las caracter\u00edsticas de las especies madereras, determinamos la aptitud de las maderas para adaptarse a los diferentes dise\u00f1os de nuestros muebles fabricados.","sameAs":["https:\/\/www.mueblesdemaderayjardin.com"],"url":"https:\/\/www.mueblesdemaderayjardin.com\/blog\/author\/admin\/"}]}},"_links":{"self":[{"href":"https:\/\/www.mueblesdemaderayjardin.com\/blog\/wp-json\/wp\/v2\/posts\/2740"}],"collection":[{"href":"https:\/\/www.mueblesdemaderayjardin.com\/blog\/wp-json\/wp\/v2\/posts"}],"about":[{"href":"https:\/\/www.mueblesdemaderayjardin.com\/blog\/wp-json\/wp\/v2\/types\/post"}],"author":[{"embeddable":true,"href":"https:\/\/www.mueblesdemaderayjardin.com\/blog\/wp-json\/wp\/v2\/users\/1"}],"replies":[{"embeddable":true,"href":"https:\/\/www.mueblesdemaderayjardin.com\/blog\/wp-json\/wp\/v2\/comments?post=2740"}],"version-history":[{"count":3,"href":"https:\/\/www.mueblesdemaderayjardin.com\/blog\/wp-json\/wp\/v2\/posts\/2740\/revisions"}],"predecessor-version":[{"id":2744,"href":"https:\/\/www.mueblesdemaderayjardin.com\/blog\/wp-json\/wp\/v2\/posts\/2740\/revisions\/2744"}],"wp:featuredmedia":[{"embeddable":true,"href":"https:\/\/www.mueblesdemaderayjardin.com\/blog\/wp-json\/wp\/v2\/media\/2741"}],"wp:attachment":[{"href":"https:\/\/www.mueblesdemaderayjardin.com\/blog\/wp-json\/wp\/v2\/media?parent=2740"}],"wp:term":[{"taxonomy":"category","embeddable":true,"href":"https:\/\/www.mueblesdemaderayjardin.com\/blog\/wp-json\/wp\/v2\/categories?post=2740"},{"taxonomy":"post_tag","embeddable":true,"href":"https:\/\/www.mueblesdemaderayjardin.com\/blog\/wp-json\/wp\/v2\/tags?post=2740"}],"curies":[{"name":"wp","href":"https:\/\/api.w.org\/{rel}","templated":true}]}}