{"id":3049,"date":"2014-07-23T16:25:57","date_gmt":"2014-07-23T19:25:57","guid":{"rendered":"http:\/\/www.mueblesdemaderayjardin.com\/blog\/?p=3049"},"modified":"2014-07-21T15:05:03","modified_gmt":"2014-07-21T18:05:03","slug":"jardines-y-galerias-decoradas","status":"publish","type":"post","link":"https:\/\/www.mueblesdemaderayjardin.com\/blog\/jardines-y-galerias-decoradas\/","title":{"rendered":"Jardines y Galerias Decoradas"},"content":{"rendered":"<p style=\"text-align: justify;\">\u00a0Jardines y galerias decoracion son tan bellas ambientaciones para un lugar tan \u00fanico como el jardin, donde podemos contemplar la naturaleza desde la comodidad de mobiliarios que adem\u00e1s de cargar de estilo a los jardines y galerias otorga la tranquilidad en calidad de madera.<\/p>\n<p>&nbsp;<\/p>\n<figure id=\"attachment_3050\" aria-describedby=\"caption-attachment-3050\" style=\"width: 540px\" class=\"wp-caption aligncenter\"><a href=\"https:\/\/www.mueblesdemaderayjardin.com\/blog\/wp-content\/uploads\/2014\/07\/jardines-y-galerias-decoradas.png\"><img loading=\"lazy\" class=\" wp-image-3050 \" title=\"jardines y galerias decoradas\" alt=\"jardines y galerias decoradas\" src=\"https:\/\/www.mueblesdemaderayjardin.com\/blog\/wp-content\/uploads\/2014\/07\/jardines-y-galerias-decoradas.png\" width=\"540\" height=\"360\" srcset=\"https:\/\/www.mueblesdemaderayjardin.com\/blog\/wp-content\/uploads\/2014\/07\/jardines-y-galerias-decoradas.png 540w, https:\/\/www.mueblesdemaderayjardin.com\/blog\/wp-content\/uploads\/2014\/07\/jardines-y-galerias-decoradas-300x200.png 300w\" sizes=\"(max-width: 540px) 100vw, 540px\" \/><\/a><figcaption id=\"caption-attachment-3050\" class=\"wp-caption-text\">Jardines y Galerias Decoradas con Muebles de Madera<\/figcaption><\/figure>\n<h2 style=\"text-align: center;\"><\/h2>\n<h2 style=\"text-align: center;\">Jardines y Galerias Decoradas<\/h2>\n<p style=\"text-align: justify;\">Para jardines y galerias decoradas vamos a realizar una selecci\u00f3n de muebles de madera que mejor combinen con nuestro parque, jardin, galeria y porque no otros espacios que convivan con el aire libre o sean semiabiertos. Cuando nuestro jardin es muy amplio nos abre la posibilidad de secorizar diferentes estilos de muebles en determinados puntos del mismo.<\/p>\n<p style=\"text-align: justify;\">Entre jardines y galerias decoradas debemos pensar a cual le brindamos mayor uso para comenzar a amueblar. La idea de utilizar muebles de madera es una tendencia que nos lleva a varios espacios de la casa y que es particularmente uno de los materiales m\u00e1s flexibles y bellos a la vista con el cual podemos jugar estilos diferentes con ornamentaciones de cualquier tipo.<\/p>\n<p style=\"text-align: justify;\">Retomando la idea de jardines amplios comenzaremos por pensar en d\u00edas de verano en los que mayor tiempo pasamos en la piscina, y desde este punto vamos a decorar los laterales de la misma con bellos camastros de madera, camastros con ruedas o camastros fijos todos perfectos para el descanso. Los <a title=\"camastros de madera con ruedas\" href=\"https:\/\/www.mueblesdemaderayjardin.com\/camastros\/camastros-madera-ruedas.html\">camastros de madera con ruedas <\/a>preferentemente son llevados a los decks de las casas para mayor comodidad y tener la posibilidad de pasearnos por el parque en busca de sol o sombra dependiendo el momento. De todas formas a los juegos de camastro, llevamos <a title=\"sombrillas de madera\" href=\"https:\/\/www.mueblesdemaderayjardin.com\/sombrillas\/sombrillas-de-madera.html\">sombrillas de madera<\/a> para que los d\u00edas se extiendan, llevamos una mesa de arrime o una mesa bar al sector, con algunas<a title=\"sillas plegables\" href=\"https:\/\/www.mueblesdemaderayjardin.com\/sillas\/sillas-plegables.html\"> sillas plegables<\/a> y ya completamos un d\u00eda de verano en nuestro jard\u00edn.<\/p>\n<p>Para galerias decoradas vamos a pensar en un espacio de comedor al aire libre por lo que armaremos conjuntos de <a title=\"mesas grandes\" href=\"https:\/\/www.mueblesdemaderayjardin.com\/mesas\/mesas-grandes.html\">mesas grandes<\/a> de madera o mesas extensibles, siempre pensando en la cantidad de comensales que habitualmente ser\u00e1n a la mesa y la final desici\u00f3n de optar por <a title=\"bancos de madera\" href=\"https:\/\/www.mueblesdemaderayjardin.com\/bancos.html\">bancos de madera <\/a>o sillas de madera plegables. A ambas sentaderas se les podr\u00e1 agragar almohadones que sumen al confort del espacio como tambi\u00e9n a la decoracion.<\/p>\n<!-- AddThis Advanced Settings generic via filter on the_content --><!-- AddThis Share Buttons generic via filter on the_content -->","protected":false},"excerpt":{"rendered":"<p>\u00a0Jardines y galerias decoracion son tan bellas ambientaciones para un lugar tan \u00fanico como el jardin, donde podemos contemplar la naturaleza desde la comodidad de mobiliarios que adem\u00e1s de cargar de estilo a los jardines y galerias otorga la tranquilidad en calidad de madera. &nbsp; Jardines y Galerias Decoradas Para jardines y galerias decoradas vamos [&hellip;]<!-- AddThis Advanced Settings generic via filter on get_the_excerpt --><!-- AddThis Share Buttons generic via filter on get_the_excerpt --><\/p>\n","protected":false},"author":1,"featured_media":0,"comment_status":"open","ping_status":"closed","sticky":false,"template":"","format":"standard","meta":[],"categories":[8],"tags":[],"yoast_head":"<!-- This site is optimized with the Yoast SEO plugin v17.3 - https:\/\/yoast.com\/wordpress\/plugins\/seo\/ -->\n<title>Jardines y Galerias Decoradas - El Blog de Muebles de Madera y Jardin .COM<\/title>\n<meta name=\"description\" content=\"Tanto jardines y galerias decoradas son tan bellas ambientaciones para un lugar tan \u00fanico como el jardin, donde podemos contemplar la naturaleza\" \/>\n<meta name=\"robots\" content=\"index, follow, max-snippet:-1, max-image-preview:large, max-video-preview:-1\" \/>\n<link rel=\"canonical\" href=\"https:\/\/www.mueblesdemaderayjardin.com\/blog\/jardines-y-galerias-decoradas\/\" \/>\n<meta property=\"og:locale\" content=\"es_ES\" \/>\n<meta property=\"og:type\" content=\"article\" \/>\n<meta property=\"og:title\" content=\"Jardines y Galerias Decoradas - El Blog de Muebles de Madera y Jardin .COM\" \/>\n<meta property=\"og:description\" content=\"Tanto jardines y galerias decoradas son tan bellas ambientaciones para un lugar tan \u00fanico como el jardin, donde podemos contemplar la naturaleza\" \/>\n<meta property=\"og:url\" content=\"https:\/\/www.mueblesdemaderayjardin.com\/blog\/jardines-y-galerias-decoradas\/\" \/>\n<meta property=\"og:site_name\" content=\"El Blog de Muebles de Madera y Jardin .COM\" \/>\n<meta property=\"article:published_time\" content=\"2014-07-23T19:25:57+00:00\" \/>\n<meta property=\"article:modified_time\" content=\"2014-07-21T18:05:03+00:00\" \/>\n<meta property=\"og:image\" content=\"https:\/\/www.mueblesdemaderayjardin.com\/blog\/wp-content\/uploads\/2014\/07\/jardines-y-galerias-decoradas.png\" \/>\n<meta name=\"twitter:label1\" content=\"Escrito por\" \/>\n\t<meta name=\"twitter:data1\" content=\"Muebles de Madera y Jardin\" \/>\n\t<meta name=\"twitter:label2\" content=\"Tiempo de lectura\" \/>\n\t<meta name=\"twitter:data2\" content=\"2 minutos\" \/>\n<script type=\"application\/ld+json\" class=\"yoast-schema-graph\">{\"@context\":\"https:\/\/schema.org\",\"@graph\":[{\"@type\":\"WebSite\",\"@id\":\"https:\/\/www.mueblesdemaderayjardin.com\/blog\/#website\",\"url\":\"https:\/\/www.mueblesdemaderayjardin.com\/blog\/\",\"name\":\"El Blog de Muebles de Madera y Jardin .COM\",\"description\":\"Somos una empresa dedicada a la producci\\u00f3n y comercializaci\\u00f3n de muebles de madera y jard\\u00edn\",\"potentialAction\":[{\"@type\":\"SearchAction\",\"target\":{\"@type\":\"EntryPoint\",\"urlTemplate\":\"https:\/\/www.mueblesdemaderayjardin.com\/blog\/?s={search_term_string}\"},\"query-input\":\"required name=search_term_string\"}],\"inLanguage\":\"es\"},{\"@type\":\"ImageObject\",\"@id\":\"https:\/\/www.mueblesdemaderayjardin.com\/blog\/jardines-y-galerias-decoradas\/#primaryimage\",\"inLanguage\":\"es\",\"url\":\"https:\/\/www.mueblesdemaderayjardin.com\/blog\/wp-content\/uploads\/2014\/07\/jardines-y-galerias-decoradas.png\",\"contentUrl\":\"https:\/\/www.mueblesdemaderayjardin.com\/blog\/wp-content\/uploads\/2014\/07\/jardines-y-galerias-decoradas.png\",\"width\":540,\"height\":360},{\"@type\":\"WebPage\",\"@id\":\"https:\/\/www.mueblesdemaderayjardin.com\/blog\/jardines-y-galerias-decoradas\/#webpage\",\"url\":\"https:\/\/www.mueblesdemaderayjardin.com\/blog\/jardines-y-galerias-decoradas\/\",\"name\":\"Jardines y Galerias Decoradas - El Blog de Muebles de Madera y Jardin .COM\",\"isPartOf\":{\"@id\":\"https:\/\/www.mueblesdemaderayjardin.com\/blog\/#website\"},\"primaryImageOfPage\":{\"@id\":\"https:\/\/www.mueblesdemaderayjardin.com\/blog\/jardines-y-galerias-decoradas\/#primaryimage\"},\"datePublished\":\"2014-07-23T19:25:57+00:00\",\"dateModified\":\"2014-07-21T18:05:03+00:00\",\"author\":{\"@id\":\"https:\/\/www.mueblesdemaderayjardin.com\/blog\/#\/schema\/person\/7042d027aa317c2ac6adeee38f3f8341\"},\"description\":\"Tanto jardines y galerias decoradas son tan bellas ambientaciones para un lugar tan \\u00fanico como el jardin, donde podemos contemplar la naturaleza\",\"breadcrumb\":{\"@id\":\"https:\/\/www.mueblesdemaderayjardin.com\/blog\/jardines-y-galerias-decoradas\/#breadcrumb\"},\"inLanguage\":\"es\",\"potentialAction\":[{\"@type\":\"ReadAction\",\"target\":[\"https:\/\/www.mueblesdemaderayjardin.com\/blog\/jardines-y-galerias-decoradas\/\"]}]},{\"@type\":\"BreadcrumbList\",\"@id\":\"https:\/\/www.mueblesdemaderayjardin.com\/blog\/jardines-y-galerias-decoradas\/#breadcrumb\",\"itemListElement\":[{\"@type\":\"ListItem\",\"position\":1,\"name\":\"Portada\",\"item\":\"https:\/\/www.mueblesdemaderayjardin.com\/blog\/\"},{\"@type\":\"ListItem\",\"position\":2,\"name\":\"Jardines y Galerias Decoradas\"}]},{\"@type\":\"Person\",\"@id\":\"https:\/\/www.mueblesdemaderayjardin.com\/blog\/#\/schema\/person\/7042d027aa317c2ac6adeee38f3f8341\",\"name\":\"Muebles de Madera y Jardin\",\"description\":\"Somos una empresa dedicada a la producci\\u00f3n y comercializaci\\u00f3n de muebles de madera maciza. Procesamos generalmente especies nativas del NEA Argentino, poniendo especial foco en el proceso de corte y secado en maderas duras y semiduras. El estacionamiento madurativo antes de la confecci\\u00f3n de los muebles es esencial para que nuestros muebles de jardin, mesas de madera, sillas de madera, bancos de madera, sillones de madera, reposeras de madera, sillas fijas de madera, sillones director de madera, mesas para bar de madera, mesas auxiliares de madera, mesas ratonas de madera, muebles rusticos de madera, y otros muebles de madera maciza puedan tener la confiabilidad de uso que usted esta buscando. Mediante una buena distinci\\u00f3n de las caracter\\u00edsticas de las especies madereras, determinamos la aptitud de las maderas para adaptarse a los diferentes dise\\u00f1os de nuestros muebles fabricados.\",\"sameAs\":[\"https:\/\/www.mueblesdemaderayjardin.com\"],\"url\":\"https:\/\/www.mueblesdemaderayjardin.com\/blog\/author\/admin\/\"}]}<\/script>\n<!-- \/ Yoast SEO plugin. -->","yoast_head_json":{"title":"Jardines y Galerias Decoradas - El Blog de Muebles de Madera y Jardin .COM","description":"Tanto jardines y galerias decoradas son tan bellas ambientaciones para un lugar tan \u00fanico como el jardin, donde podemos contemplar la naturaleza","robots":{"index":"index","follow":"follow","max-snippet":"max-snippet:-1","max-image-preview":"max-image-preview:large","max-video-preview":"max-video-preview:-1"},"canonical":"https:\/\/www.mueblesdemaderayjardin.com\/blog\/jardines-y-galerias-decoradas\/","og_locale":"es_ES","og_type":"article","og_title":"Jardines y Galerias Decoradas - El Blog de Muebles de Madera y Jardin .COM","og_description":"Tanto jardines y galerias decoradas son tan bellas ambientaciones para un lugar tan \u00fanico como el jardin, donde podemos contemplar la naturaleza","og_url":"https:\/\/www.mueblesdemaderayjardin.com\/blog\/jardines-y-galerias-decoradas\/","og_site_name":"El Blog de Muebles de Madera y Jardin .COM","article_published_time":"2014-07-23T19:25:57+00:00","article_modified_time":"2014-07-21T18:05:03+00:00","og_image":[{"url":"https:\/\/www.mueblesdemaderayjardin.com\/blog\/wp-content\/uploads\/2014\/07\/jardines-y-galerias-decoradas.png"}],"twitter_misc":{"Escrito por":"Muebles de Madera y Jardin","Tiempo de lectura":"2 minutos"},"schema":{"@context":"https:\/\/schema.org","@graph":[{"@type":"WebSite","@id":"https:\/\/www.mueblesdemaderayjardin.com\/blog\/#website","url":"https:\/\/www.mueblesdemaderayjardin.com\/blog\/","name":"El Blog de Muebles de Madera y Jardin .COM","description":"Somos una empresa dedicada a la producci\u00f3n y comercializaci\u00f3n de muebles de madera y jard\u00edn","potentialAction":[{"@type":"SearchAction","target":{"@type":"EntryPoint","urlTemplate":"https:\/\/www.mueblesdemaderayjardin.com\/blog\/?s={search_term_string}"},"query-input":"required name=search_term_string"}],"inLanguage":"es"},{"@type":"ImageObject","@id":"https:\/\/www.mueblesdemaderayjardin.com\/blog\/jardines-y-galerias-decoradas\/#primaryimage","inLanguage":"es","url":"https:\/\/www.mueblesdemaderayjardin.com\/blog\/wp-content\/uploads\/2014\/07\/jardines-y-galerias-decoradas.png","contentUrl":"https:\/\/www.mueblesdemaderayjardin.com\/blog\/wp-content\/uploads\/2014\/07\/jardines-y-galerias-decoradas.png","width":540,"height":360},{"@type":"WebPage","@id":"https:\/\/www.mueblesdemaderayjardin.com\/blog\/jardines-y-galerias-decoradas\/#webpage","url":"https:\/\/www.mueblesdemaderayjardin.com\/blog\/jardines-y-galerias-decoradas\/","name":"Jardines y Galerias Decoradas - El Blog de Muebles de Madera y Jardin .COM","isPartOf":{"@id":"https:\/\/www.mueblesdemaderayjardin.com\/blog\/#website"},"primaryImageOfPage":{"@id":"https:\/\/www.mueblesdemaderayjardin.com\/blog\/jardines-y-galerias-decoradas\/#primaryimage"},"datePublished":"2014-07-23T19:25:57+00:00","dateModified":"2014-07-21T18:05:03+00:00","author":{"@id":"https:\/\/www.mueblesdemaderayjardin.com\/blog\/#\/schema\/person\/7042d027aa317c2ac6adeee38f3f8341"},"description":"Tanto jardines y galerias decoradas son tan bellas ambientaciones para un lugar tan \u00fanico como el jardin, donde podemos contemplar la naturaleza","breadcrumb":{"@id":"https:\/\/www.mueblesdemaderayjardin.com\/blog\/jardines-y-galerias-decoradas\/#breadcrumb"},"inLanguage":"es","potentialAction":[{"@type":"ReadAction","target":["https:\/\/www.mueblesdemaderayjardin.com\/blog\/jardines-y-galerias-decoradas\/"]}]},{"@type":"BreadcrumbList","@id":"https:\/\/www.mueblesdemaderayjardin.com\/blog\/jardines-y-galerias-decoradas\/#breadcrumb","itemListElement":[{"@type":"ListItem","position":1,"name":"Portada","item":"https:\/\/www.mueblesdemaderayjardin.com\/blog\/"},{"@type":"ListItem","position":2,"name":"Jardines y Galerias Decoradas"}]},{"@type":"Person","@id":"https:\/\/www.mueblesdemaderayjardin.com\/blog\/#\/schema\/person\/7042d027aa317c2ac6adeee38f3f8341","name":"Muebles de Madera y Jardin","description":"Somos una empresa dedicada a la producci\u00f3n y comercializaci\u00f3n de muebles de madera maciza. Procesamos generalmente especies nativas del NEA Argentino, poniendo especial foco en el proceso de corte y secado en maderas duras y semiduras. El estacionamiento madurativo antes de la confecci\u00f3n de los muebles es esencial para que nuestros muebles de jardin, mesas de madera, sillas de madera, bancos de madera, sillones de madera, reposeras de madera, sillas fijas de madera, sillones director de madera, mesas para bar de madera, mesas auxiliares de madera, mesas ratonas de madera, muebles rusticos de madera, y otros muebles de madera maciza puedan tener la confiabilidad de uso que usted esta buscando. Mediante una buena distinci\u00f3n de las caracter\u00edsticas de las especies madereras, determinamos la aptitud de las maderas para adaptarse a los diferentes dise\u00f1os de nuestros muebles fabricados.","sameAs":["https:\/\/www.mueblesdemaderayjardin.com"],"url":"https:\/\/www.mueblesdemaderayjardin.com\/blog\/author\/admin\/"}]}},"_links":{"self":[{"href":"https:\/\/www.mueblesdemaderayjardin.com\/blog\/wp-json\/wp\/v2\/posts\/3049"}],"collection":[{"href":"https:\/\/www.mueblesdemaderayjardin.com\/blog\/wp-json\/wp\/v2\/posts"}],"about":[{"href":"https:\/\/www.mueblesdemaderayjardin.com\/blog\/wp-json\/wp\/v2\/types\/post"}],"author":[{"embeddable":true,"href":"https:\/\/www.mueblesdemaderayjardin.com\/blog\/wp-json\/wp\/v2\/users\/1"}],"replies":[{"embeddable":true,"href":"https:\/\/www.mueblesdemaderayjardin.com\/blog\/wp-json\/wp\/v2\/comments?post=3049"}],"version-history":[{"count":5,"href":"https:\/\/www.mueblesdemaderayjardin.com\/blog\/wp-json\/wp\/v2\/posts\/3049\/revisions"}],"predecessor-version":[{"id":3083,"href":"https:\/\/www.mueblesdemaderayjardin.com\/blog\/wp-json\/wp\/v2\/posts\/3049\/revisions\/3083"}],"wp:attachment":[{"href":"https:\/\/www.mueblesdemaderayjardin.com\/blog\/wp-json\/wp\/v2\/media?parent=3049"}],"wp:term":[{"taxonomy":"category","embeddable":true,"href":"https:\/\/www.mueblesdemaderayjardin.com\/blog\/wp-json\/wp\/v2\/categories?post=3049"},{"taxonomy":"post_tag","embeddable":true,"href":"https:\/\/www.mueblesdemaderayjardin.com\/blog\/wp-json\/wp\/v2\/tags?post=3049"}],"curies":[{"name":"wp","href":"https:\/\/api.w.org\/{rel}","templated":true}]}}