{"id":3064,"date":"2014-07-25T17:26:37","date_gmt":"2014-07-25T20:26:37","guid":{"rendered":"http:\/\/www.mueblesdemaderayjardin.com\/blog\/?p=3064"},"modified":"2014-07-21T17:05:35","modified_gmt":"2014-07-21T20:05:35","slug":"decoracion-de-espacios-de-exterior-con-madera","status":"publish","type":"post","link":"https:\/\/www.mueblesdemaderayjardin.com\/blog\/decoracion-de-espacios-de-exterior-con-madera\/","title":{"rendered":"Decoracion de Espacios de Exterior con Madera"},"content":{"rendered":"<p style=\"text-align: justify;\">\u00a0La decoracion de espacios de exterior con madera comenzo a utilizarse gracias a las calidades en madera que comenzaron a seleccionarse a la hora de fabricar y dise\u00f1ar muebles aptos para convivir en la intemperie.<\/p>\n<p>&nbsp;<\/p>\n<figure id=\"attachment_3063\" aria-describedby=\"caption-attachment-3063\" style=\"width: 540px\" class=\"wp-caption aligncenter\"><a href=\"https:\/\/www.mueblesdemaderayjardin.com\/blog\/wp-content\/uploads\/2014\/07\/decoracion-de-espacios-de-exterior-con-madera.png\"><img loading=\"lazy\" class=\"size-full wp-image-3063 \" title=\"decoracion de espacios de exterior con madera\" alt=\"decoracion de espacios de exterior con madera\" src=\"https:\/\/www.mueblesdemaderayjardin.com\/blog\/wp-content\/uploads\/2014\/07\/decoracion-de-espacios-de-exterior-con-madera.png\" width=\"540\" height=\"360\" srcset=\"https:\/\/www.mueblesdemaderayjardin.com\/blog\/wp-content\/uploads\/2014\/07\/decoracion-de-espacios-de-exterior-con-madera.png 540w, https:\/\/www.mueblesdemaderayjardin.com\/blog\/wp-content\/uploads\/2014\/07\/decoracion-de-espacios-de-exterior-con-madera-300x200.png 300w\" sizes=\"(max-width: 540px) 100vw, 540px\" \/><\/a><figcaption id=\"caption-attachment-3063\" class=\"wp-caption-text\">Decoracion de Espacios de Exterior con Madera<\/figcaption><\/figure>\n<h2 style=\"text-align: center;\"><\/h2>\n<h2 style=\"text-align: center;\">Decoracion de Espacios de Exterior con Madera<\/h2>\n<p>&nbsp;<\/p>\n<p style=\"text-align: justify;\">\u00a0Una vez que nos dedicamos a fabricar muebles en maderas que brindan la tranquilidad de ubicarse en espacios abiertos como el jardin, llegaron varias ideas de decoracion de espacios de exterior con madera, espacios que antes no utilizabamos o que siempre le faltaba esa comodidad particular para poder compartir de dias que merecen ser disfrutados al aire libre.<\/p>\n<p style=\"text-align: justify;\">Al optar por una decoracion de espacios de exterior con madera estas optando por un estilo que va desde lo rustilo, lo country o campestre a uno que de cl\u00e1sico paso a ser modernoso. La madera siempre fue un materia flexible que permite varios dise\u00f1os y gracias a eso la posibilidad de crear ambientes con estilos que lleven la personalidad que caracteriza a la casa o un estilo totalmente nuevo.<\/p>\n<p style=\"text-align: justify;\">La eleccion de mesas para galerias sera una de las primeras selecciones a la hora de armar una decoracion, y el tama\u00f1o de la mesa dependera sin lugar a duda del diametro de ese sector que vamos a amueblar. Si ser\u00e1 una mesa grande o una mesa chica, si ser\u00e1 una mesa plegable o una mesa extensible. Las <a title=\"mesas grandes\" href=\"https:\/\/www.mueblesdemaderayjardin.com\/mesas\/mesas-grandes.html\">mesas grandes<\/a> y las mesas extensibles se llevan para los lugares mas amplios y las <a title=\"sillas plegables\" href=\"https:\/\/www.mueblesdemaderayjardin.com\/sillas\/sillas-plegables.html\">sillas plegables<\/a> las acompa\u00f1an aunque, es tambien tendencia combinar tanto sillas con <a title=\"bancos\" href=\"https:\/\/www.mueblesdemaderayjardin.com\/bancos.html\">bancos<\/a> en una misma mesa, logrando una decoracion de espacios de exterior con madera novedoso y original.<\/p>\n<p style=\"text-align: justify;\">La funcion de las sillas plegables por ejemplo, suele ser util en grandes jardines o en peque\u00f1os balcones porque al ser mesas de madera de menor tama\u00f1o podemos llevarlas y trasladarlas a cualquier rincon y ambientar el alrededor de las mismas. Por ejemplo, diferentes <a title=\"mesas plegables\" href=\"https:\/\/www.mueblesdemaderayjardin.com\/mesas\/mesas-plegables.html\">mesas plegables <\/a>en un jardin con sillas plegables y una <a title=\"sombrillas de madera\" href=\"https:\/\/www.mueblesdemaderayjardin.com\/sombrillas\/sombrillas-cuadradas.html\">sombrilla de madera<\/a> nos ayuda en eventos especiales para ubicar a los invitados donde mas les guste y ademas agregamos estilo al jardin.<\/p>\n<p>&nbsp;<\/p>\n<p>&nbsp;<\/p>\n<!-- AddThis Advanced Settings generic via filter on the_content --><!-- AddThis Share Buttons generic via filter on the_content -->","protected":false},"excerpt":{"rendered":"<p>\u00a0La decoracion de espacios de exterior con madera comenzo a utilizarse gracias a las calidades en madera que comenzaron a seleccionarse a la hora de fabricar y dise\u00f1ar muebles aptos para convivir en la intemperie. &nbsp; Decoracion de Espacios de Exterior con Madera &nbsp; \u00a0Una vez que nos dedicamos a fabricar muebles en maderas que [&hellip;]<!-- AddThis Advanced Settings generic via filter on get_the_excerpt --><!-- AddThis Share Buttons generic via filter on get_the_excerpt --><\/p>\n","protected":false},"author":1,"featured_media":3063,"comment_status":"open","ping_status":"closed","sticky":false,"template":"","format":"standard","meta":[],"categories":[8],"tags":[],"yoast_head":"<!-- This site is optimized with the Yoast SEO plugin v17.3 - https:\/\/yoast.com\/wordpress\/plugins\/seo\/ -->\n<title>Decoracion de Espacios de Exterior con Madera - El Blog de Muebles de Madera y Jardin .COM<\/title>\n<meta name=\"description\" content=\"La decoracion de espacios de exterior con madera comenzo a utilizarse gracias a las calidades en madera que comenzaron a seleccionarse a la hora de fabricar\" \/>\n<meta name=\"robots\" content=\"index, follow, max-snippet:-1, max-image-preview:large, max-video-preview:-1\" \/>\n<link rel=\"canonical\" href=\"https:\/\/www.mueblesdemaderayjardin.com\/blog\/decoracion-de-espacios-de-exterior-con-madera\/\" \/>\n<meta property=\"og:locale\" content=\"es_ES\" \/>\n<meta property=\"og:type\" content=\"article\" \/>\n<meta property=\"og:title\" content=\"Decoracion de Espacios de Exterior con Madera - El Blog de Muebles de Madera y Jardin .COM\" \/>\n<meta property=\"og:description\" content=\"La decoracion de espacios de exterior con madera comenzo a utilizarse gracias a las calidades en madera que comenzaron a seleccionarse a la hora de fabricar\" \/>\n<meta property=\"og:url\" content=\"https:\/\/www.mueblesdemaderayjardin.com\/blog\/decoracion-de-espacios-de-exterior-con-madera\/\" \/>\n<meta property=\"og:site_name\" content=\"El Blog de Muebles de Madera y Jardin .COM\" \/>\n<meta property=\"article:published_time\" content=\"2014-07-25T20:26:37+00:00\" \/>\n<meta property=\"article:modified_time\" content=\"2014-07-21T20:05:35+00:00\" \/>\n<meta property=\"og:image\" content=\"https:\/\/www.mueblesdemaderayjardin.com\/blog\/wp-content\/uploads\/2014\/07\/decoracion-de-espacios-de-exterior-con-madera.png\" \/>\n\t<meta property=\"og:image:width\" content=\"540\" \/>\n\t<meta property=\"og:image:height\" content=\"360\" \/>\n<meta name=\"twitter:label1\" content=\"Escrito por\" \/>\n\t<meta name=\"twitter:data1\" content=\"Muebles de Madera y Jardin\" \/>\n\t<meta name=\"twitter:label2\" content=\"Tiempo de lectura\" \/>\n\t<meta name=\"twitter:data2\" content=\"2 minutos\" \/>\n<script type=\"application\/ld+json\" class=\"yoast-schema-graph\">{\"@context\":\"https:\/\/schema.org\",\"@graph\":[{\"@type\":\"WebSite\",\"@id\":\"https:\/\/www.mueblesdemaderayjardin.com\/blog\/#website\",\"url\":\"https:\/\/www.mueblesdemaderayjardin.com\/blog\/\",\"name\":\"El Blog de Muebles de Madera y Jardin .COM\",\"description\":\"Somos una empresa dedicada a la producci\\u00f3n y comercializaci\\u00f3n de muebles de madera y jard\\u00edn\",\"potentialAction\":[{\"@type\":\"SearchAction\",\"target\":{\"@type\":\"EntryPoint\",\"urlTemplate\":\"https:\/\/www.mueblesdemaderayjardin.com\/blog\/?s={search_term_string}\"},\"query-input\":\"required name=search_term_string\"}],\"inLanguage\":\"es\"},{\"@type\":\"ImageObject\",\"@id\":\"https:\/\/www.mueblesdemaderayjardin.com\/blog\/decoracion-de-espacios-de-exterior-con-madera\/#primaryimage\",\"inLanguage\":\"es\",\"url\":\"https:\/\/www.mueblesdemaderayjardin.com\/blog\/wp-content\/uploads\/2014\/07\/decoracion-de-espacios-de-exterior-con-madera.png\",\"contentUrl\":\"https:\/\/www.mueblesdemaderayjardin.com\/blog\/wp-content\/uploads\/2014\/07\/decoracion-de-espacios-de-exterior-con-madera.png\",\"width\":540,\"height\":360},{\"@type\":\"WebPage\",\"@id\":\"https:\/\/www.mueblesdemaderayjardin.com\/blog\/decoracion-de-espacios-de-exterior-con-madera\/#webpage\",\"url\":\"https:\/\/www.mueblesdemaderayjardin.com\/blog\/decoracion-de-espacios-de-exterior-con-madera\/\",\"name\":\"Decoracion de Espacios de Exterior con Madera - El Blog de Muebles de Madera y Jardin .COM\",\"isPartOf\":{\"@id\":\"https:\/\/www.mueblesdemaderayjardin.com\/blog\/#website\"},\"primaryImageOfPage\":{\"@id\":\"https:\/\/www.mueblesdemaderayjardin.com\/blog\/decoracion-de-espacios-de-exterior-con-madera\/#primaryimage\"},\"datePublished\":\"2014-07-25T20:26:37+00:00\",\"dateModified\":\"2014-07-21T20:05:35+00:00\",\"author\":{\"@id\":\"https:\/\/www.mueblesdemaderayjardin.com\/blog\/#\/schema\/person\/7042d027aa317c2ac6adeee38f3f8341\"},\"description\":\"La decoracion de espacios de exterior con madera comenzo a utilizarse gracias a las calidades en madera que comenzaron a seleccionarse a la hora de fabricar\",\"breadcrumb\":{\"@id\":\"https:\/\/www.mueblesdemaderayjardin.com\/blog\/decoracion-de-espacios-de-exterior-con-madera\/#breadcrumb\"},\"inLanguage\":\"es\",\"potentialAction\":[{\"@type\":\"ReadAction\",\"target\":[\"https:\/\/www.mueblesdemaderayjardin.com\/blog\/decoracion-de-espacios-de-exterior-con-madera\/\"]}]},{\"@type\":\"BreadcrumbList\",\"@id\":\"https:\/\/www.mueblesdemaderayjardin.com\/blog\/decoracion-de-espacios-de-exterior-con-madera\/#breadcrumb\",\"itemListElement\":[{\"@type\":\"ListItem\",\"position\":1,\"name\":\"Portada\",\"item\":\"https:\/\/www.mueblesdemaderayjardin.com\/blog\/\"},{\"@type\":\"ListItem\",\"position\":2,\"name\":\"Decoracion de Espacios de Exterior con Madera\"}]},{\"@type\":\"Person\",\"@id\":\"https:\/\/www.mueblesdemaderayjardin.com\/blog\/#\/schema\/person\/7042d027aa317c2ac6adeee38f3f8341\",\"name\":\"Muebles de Madera y Jardin\",\"description\":\"Somos una empresa dedicada a la producci\\u00f3n y comercializaci\\u00f3n de muebles de madera maciza. Procesamos generalmente especies nativas del NEA Argentino, poniendo especial foco en el proceso de corte y secado en maderas duras y semiduras. El estacionamiento madurativo antes de la confecci\\u00f3n de los muebles es esencial para que nuestros muebles de jardin, mesas de madera, sillas de madera, bancos de madera, sillones de madera, reposeras de madera, sillas fijas de madera, sillones director de madera, mesas para bar de madera, mesas auxiliares de madera, mesas ratonas de madera, muebles rusticos de madera, y otros muebles de madera maciza puedan tener la confiabilidad de uso que usted esta buscando. Mediante una buena distinci\\u00f3n de las caracter\\u00edsticas de las especies madereras, determinamos la aptitud de las maderas para adaptarse a los diferentes dise\\u00f1os de nuestros muebles fabricados.\",\"sameAs\":[\"https:\/\/www.mueblesdemaderayjardin.com\"],\"url\":\"https:\/\/www.mueblesdemaderayjardin.com\/blog\/author\/admin\/\"}]}<\/script>\n<!-- \/ Yoast SEO plugin. -->","yoast_head_json":{"title":"Decoracion de Espacios de Exterior con Madera - El Blog de Muebles de Madera y Jardin .COM","description":"La decoracion de espacios de exterior con madera comenzo a utilizarse gracias a las calidades en madera que comenzaron a seleccionarse a la hora de fabricar","robots":{"index":"index","follow":"follow","max-snippet":"max-snippet:-1","max-image-preview":"max-image-preview:large","max-video-preview":"max-video-preview:-1"},"canonical":"https:\/\/www.mueblesdemaderayjardin.com\/blog\/decoracion-de-espacios-de-exterior-con-madera\/","og_locale":"es_ES","og_type":"article","og_title":"Decoracion de Espacios de Exterior con Madera - El Blog de Muebles de Madera y Jardin .COM","og_description":"La decoracion de espacios de exterior con madera comenzo a utilizarse gracias a las calidades en madera que comenzaron a seleccionarse a la hora de fabricar","og_url":"https:\/\/www.mueblesdemaderayjardin.com\/blog\/decoracion-de-espacios-de-exterior-con-madera\/","og_site_name":"El Blog de Muebles de Madera y Jardin .COM","article_published_time":"2014-07-25T20:26:37+00:00","article_modified_time":"2014-07-21T20:05:35+00:00","og_image":[{"width":540,"height":360,"url":"https:\/\/www.mueblesdemaderayjardin.com\/blog\/wp-content\/uploads\/2014\/07\/decoracion-de-espacios-de-exterior-con-madera.png","type":"image\/png"}],"twitter_misc":{"Escrito por":"Muebles de Madera y Jardin","Tiempo de lectura":"2 minutos"},"schema":{"@context":"https:\/\/schema.org","@graph":[{"@type":"WebSite","@id":"https:\/\/www.mueblesdemaderayjardin.com\/blog\/#website","url":"https:\/\/www.mueblesdemaderayjardin.com\/blog\/","name":"El Blog de Muebles de Madera y Jardin .COM","description":"Somos una empresa dedicada a la producci\u00f3n y comercializaci\u00f3n de muebles de madera y jard\u00edn","potentialAction":[{"@type":"SearchAction","target":{"@type":"EntryPoint","urlTemplate":"https:\/\/www.mueblesdemaderayjardin.com\/blog\/?s={search_term_string}"},"query-input":"required name=search_term_string"}],"inLanguage":"es"},{"@type":"ImageObject","@id":"https:\/\/www.mueblesdemaderayjardin.com\/blog\/decoracion-de-espacios-de-exterior-con-madera\/#primaryimage","inLanguage":"es","url":"https:\/\/www.mueblesdemaderayjardin.com\/blog\/wp-content\/uploads\/2014\/07\/decoracion-de-espacios-de-exterior-con-madera.png","contentUrl":"https:\/\/www.mueblesdemaderayjardin.com\/blog\/wp-content\/uploads\/2014\/07\/decoracion-de-espacios-de-exterior-con-madera.png","width":540,"height":360},{"@type":"WebPage","@id":"https:\/\/www.mueblesdemaderayjardin.com\/blog\/decoracion-de-espacios-de-exterior-con-madera\/#webpage","url":"https:\/\/www.mueblesdemaderayjardin.com\/blog\/decoracion-de-espacios-de-exterior-con-madera\/","name":"Decoracion de Espacios de Exterior con Madera - El Blog de Muebles de Madera y Jardin .COM","isPartOf":{"@id":"https:\/\/www.mueblesdemaderayjardin.com\/blog\/#website"},"primaryImageOfPage":{"@id":"https:\/\/www.mueblesdemaderayjardin.com\/blog\/decoracion-de-espacios-de-exterior-con-madera\/#primaryimage"},"datePublished":"2014-07-25T20:26:37+00:00","dateModified":"2014-07-21T20:05:35+00:00","author":{"@id":"https:\/\/www.mueblesdemaderayjardin.com\/blog\/#\/schema\/person\/7042d027aa317c2ac6adeee38f3f8341"},"description":"La decoracion de espacios de exterior con madera comenzo a utilizarse gracias a las calidades en madera que comenzaron a seleccionarse a la hora de fabricar","breadcrumb":{"@id":"https:\/\/www.mueblesdemaderayjardin.com\/blog\/decoracion-de-espacios-de-exterior-con-madera\/#breadcrumb"},"inLanguage":"es","potentialAction":[{"@type":"ReadAction","target":["https:\/\/www.mueblesdemaderayjardin.com\/blog\/decoracion-de-espacios-de-exterior-con-madera\/"]}]},{"@type":"BreadcrumbList","@id":"https:\/\/www.mueblesdemaderayjardin.com\/blog\/decoracion-de-espacios-de-exterior-con-madera\/#breadcrumb","itemListElement":[{"@type":"ListItem","position":1,"name":"Portada","item":"https:\/\/www.mueblesdemaderayjardin.com\/blog\/"},{"@type":"ListItem","position":2,"name":"Decoracion de Espacios de Exterior con Madera"}]},{"@type":"Person","@id":"https:\/\/www.mueblesdemaderayjardin.com\/blog\/#\/schema\/person\/7042d027aa317c2ac6adeee38f3f8341","name":"Muebles de Madera y Jardin","description":"Somos una empresa dedicada a la producci\u00f3n y comercializaci\u00f3n de muebles de madera maciza. Procesamos generalmente especies nativas del NEA Argentino, poniendo especial foco en el proceso de corte y secado en maderas duras y semiduras. El estacionamiento madurativo antes de la confecci\u00f3n de los muebles es esencial para que nuestros muebles de jardin, mesas de madera, sillas de madera, bancos de madera, sillones de madera, reposeras de madera, sillas fijas de madera, sillones director de madera, mesas para bar de madera, mesas auxiliares de madera, mesas ratonas de madera, muebles rusticos de madera, y otros muebles de madera maciza puedan tener la confiabilidad de uso que usted esta buscando. Mediante una buena distinci\u00f3n de las caracter\u00edsticas de las especies madereras, determinamos la aptitud de las maderas para adaptarse a los diferentes dise\u00f1os de nuestros muebles fabricados.","sameAs":["https:\/\/www.mueblesdemaderayjardin.com"],"url":"https:\/\/www.mueblesdemaderayjardin.com\/blog\/author\/admin\/"}]}},"_links":{"self":[{"href":"https:\/\/www.mueblesdemaderayjardin.com\/blog\/wp-json\/wp\/v2\/posts\/3064"}],"collection":[{"href":"https:\/\/www.mueblesdemaderayjardin.com\/blog\/wp-json\/wp\/v2\/posts"}],"about":[{"href":"https:\/\/www.mueblesdemaderayjardin.com\/blog\/wp-json\/wp\/v2\/types\/post"}],"author":[{"embeddable":true,"href":"https:\/\/www.mueblesdemaderayjardin.com\/blog\/wp-json\/wp\/v2\/users\/1"}],"replies":[{"embeddable":true,"href":"https:\/\/www.mueblesdemaderayjardin.com\/blog\/wp-json\/wp\/v2\/comments?post=3064"}],"version-history":[{"count":4,"href":"https:\/\/www.mueblesdemaderayjardin.com\/blog\/wp-json\/wp\/v2\/posts\/3064\/revisions"}],"predecessor-version":[{"id":3090,"href":"https:\/\/www.mueblesdemaderayjardin.com\/blog\/wp-json\/wp\/v2\/posts\/3064\/revisions\/3090"}],"wp:featuredmedia":[{"embeddable":true,"href":"https:\/\/www.mueblesdemaderayjardin.com\/blog\/wp-json\/wp\/v2\/media\/3063"}],"wp:attachment":[{"href":"https:\/\/www.mueblesdemaderayjardin.com\/blog\/wp-json\/wp\/v2\/media?parent=3064"}],"wp:term":[{"taxonomy":"category","embeddable":true,"href":"https:\/\/www.mueblesdemaderayjardin.com\/blog\/wp-json\/wp\/v2\/categories?post=3064"},{"taxonomy":"post_tag","embeddable":true,"href":"https:\/\/www.mueblesdemaderayjardin.com\/blog\/wp-json\/wp\/v2\/tags?post=3064"}],"curies":[{"name":"wp","href":"https:\/\/api.w.org\/{rel}","templated":true}]}}