{"id":502,"date":"2012-09-25T23:15:18","date_gmt":"2012-09-26T02:15:18","guid":{"rendered":"http:\/\/beta.mueblesdemaderayjardin.com\/blog\/?p=502"},"modified":"2013-06-10T14:32:36","modified_gmt":"2013-06-10T17:32:36","slug":"mesas-plegables-de-incienso","status":"publish","type":"post","link":"https:\/\/www.mueblesdemaderayjardin.com\/blog\/mesas-plegables-de-incienso\/","title":{"rendered":"Mesas Plegables de Incienso"},"content":{"rendered":"<div id=\"imgpopup\" class=\"imgpopup\"><a title=\"Mesas de madera de incienso\" href=\"https:\/\/www.mueblesdemaderayjardin.com\/images\/stories\/mesainciensotapa_50.jpg\" rel=\"lightbox[mesainciensotapa_50|mesainciensotapa_50]\"><img loading=\"lazy\" class=\"alignnone\" src=\"https:\/\/www.mueblesdemaderayjardin.com\/images\/stories\/mesainciensotapa_50.jpg\" alt=\"Mesas de madera de incienso\" width=\"458\" height=\"343\" \/><\/a><\/div>\n<p>Las mesas de incienso, tanto como las mesas de jard\u00edn con sillas de madera, son muebles de madera para exterior, que necesitan ser resistentes a todos los factores clim\u00e1ticos.<br \/>\nSi bien es importante, para este uso, elegir muebles de madera dura, no menos importante es pensar, por ejemplo en bancos y mesas de madera con una determinada calida constructiva, en la que se hayan cuidado los detalles de terminaci\u00f3n.<br \/>\nLa elecci\u00f3n de los muebles para exterior exige observar, inclusive, que tipo de acabado superficial tienen para aumentar la resistencia de la madera a la humedad, la lluvia o el sol directo.<br \/>\nNuestros muebles de madera para jard\u00edn, gozan de calidad artesanal y est\u00e1n lustrados a la laca.<br \/>\nRecorriendo los productos de nuestro cat\u00e1logo, seguramente encontrar\u00e1 lo que esta buscando y visit\u00e1ndonos podr\u00e1 comprobar porque garantizamos la calidad de nuestros muebles.<\/p>\n<!-- AddThis Advanced Settings generic via filter on the_content --><!-- AddThis Share Buttons generic via filter on the_content -->","protected":false},"excerpt":{"rendered":"<p>Las mesas de incienso, tanto como las mesas de jard\u00edn con sillas de madera, son muebles de madera para exterior, que necesitan ser resistentes a todos los factores clim\u00e1ticos. Si bien es importante, para este uso, elegir muebles de madera dura, no menos importante es pensar, por ejemplo en bancos y mesas de madera con [&hellip;]<!-- AddThis Advanced Settings generic via filter on get_the_excerpt --><!-- AddThis Share Buttons generic via filter on get_the_excerpt --><\/p>\n","protected":false},"author":1,"featured_media":551,"comment_status":"open","ping_status":"open","sticky":false,"template":"","format":"standard","meta":[],"categories":[32,4],"tags":[],"yoast_head":"<!-- This site is optimized with the Yoast SEO plugin v17.3 - https:\/\/yoast.com\/wordpress\/plugins\/seo\/ -->\n<title>Mesas Plegables de Incienso - El Blog de Muebles de Madera y Jardin .COM<\/title>\n<meta name=\"robots\" content=\"index, follow, max-snippet:-1, max-image-preview:large, max-video-preview:-1\" \/>\n<link rel=\"canonical\" href=\"https:\/\/www.mueblesdemaderayjardin.com\/blog\/mesas-plegables-de-incienso\/\" \/>\n<meta property=\"og:locale\" content=\"es_ES\" \/>\n<meta property=\"og:type\" content=\"article\" \/>\n<meta property=\"og:title\" content=\"Mesas Plegables de Incienso - El Blog de Muebles de Madera y Jardin .COM\" \/>\n<meta property=\"og:description\" content=\"Las mesas de incienso, tanto como las mesas de jard\u00edn con sillas de madera, son muebles de madera para exterior, que necesitan ser resistentes a todos los factores clim\u00e1ticos. Si bien es importante, para este uso, elegir muebles de madera dura, no menos importante es pensar, por ejemplo en bancos y mesas de madera con [&hellip;]\" \/>\n<meta property=\"og:url\" content=\"https:\/\/www.mueblesdemaderayjardin.com\/blog\/mesas-plegables-de-incienso\/\" \/>\n<meta property=\"og:site_name\" content=\"El Blog de Muebles de Madera y Jardin .COM\" \/>\n<meta property=\"article:published_time\" content=\"2012-09-26T02:15:18+00:00\" \/>\n<meta property=\"article:modified_time\" content=\"2013-06-10T17:32:36+00:00\" \/>\n<meta property=\"og:image\" content=\"https:\/\/www.mueblesdemaderayjardin.com\/blog\/wp-content\/uploads\/2012\/09\/mesainciensotapa_50.jpg\" \/>\n\t<meta property=\"og:image:width\" content=\"860\" \/>\n\t<meta property=\"og:image:height\" content=\"645\" \/>\n<meta name=\"twitter:label1\" content=\"Escrito por\" \/>\n\t<meta name=\"twitter:data1\" content=\"Muebles de Madera y Jardin\" \/>\n\t<meta name=\"twitter:label2\" content=\"Tiempo de lectura\" \/>\n\t<meta name=\"twitter:data2\" content=\"1 minuto\" \/>\n<script type=\"application\/ld+json\" class=\"yoast-schema-graph\">{\"@context\":\"https:\/\/schema.org\",\"@graph\":[{\"@type\":\"WebSite\",\"@id\":\"https:\/\/www.mueblesdemaderayjardin.com\/blog\/#website\",\"url\":\"https:\/\/www.mueblesdemaderayjardin.com\/blog\/\",\"name\":\"El Blog de Muebles de Madera y Jardin .COM\",\"description\":\"Somos una empresa dedicada a la producci\\u00f3n y comercializaci\\u00f3n de muebles de madera y jard\\u00edn\",\"potentialAction\":[{\"@type\":\"SearchAction\",\"target\":{\"@type\":\"EntryPoint\",\"urlTemplate\":\"https:\/\/www.mueblesdemaderayjardin.com\/blog\/?s={search_term_string}\"},\"query-input\":\"required name=search_term_string\"}],\"inLanguage\":\"es\"},{\"@type\":\"ImageObject\",\"@id\":\"https:\/\/www.mueblesdemaderayjardin.com\/blog\/mesas-plegables-de-incienso\/#primaryimage\",\"inLanguage\":\"es\",\"url\":\"https:\/\/www.mueblesdemaderayjardin.com\/blog\/wp-content\/uploads\/2012\/09\/mesainciensotapa_50.jpg\",\"contentUrl\":\"https:\/\/www.mueblesdemaderayjardin.com\/blog\/wp-content\/uploads\/2012\/09\/mesainciensotapa_50.jpg\",\"width\":\"860\",\"height\":\"645\",\"caption\":\"Mesas Plegables de Incienso\"},{\"@type\":\"WebPage\",\"@id\":\"https:\/\/www.mueblesdemaderayjardin.com\/blog\/mesas-plegables-de-incienso\/#webpage\",\"url\":\"https:\/\/www.mueblesdemaderayjardin.com\/blog\/mesas-plegables-de-incienso\/\",\"name\":\"Mesas Plegables de Incienso - El Blog de Muebles de Madera y Jardin .COM\",\"isPartOf\":{\"@id\":\"https:\/\/www.mueblesdemaderayjardin.com\/blog\/#website\"},\"primaryImageOfPage\":{\"@id\":\"https:\/\/www.mueblesdemaderayjardin.com\/blog\/mesas-plegables-de-incienso\/#primaryimage\"},\"datePublished\":\"2012-09-26T02:15:18+00:00\",\"dateModified\":\"2013-06-10T17:32:36+00:00\",\"author\":{\"@id\":\"https:\/\/www.mueblesdemaderayjardin.com\/blog\/#\/schema\/person\/7042d027aa317c2ac6adeee38f3f8341\"},\"breadcrumb\":{\"@id\":\"https:\/\/www.mueblesdemaderayjardin.com\/blog\/mesas-plegables-de-incienso\/#breadcrumb\"},\"inLanguage\":\"es\",\"potentialAction\":[{\"@type\":\"ReadAction\",\"target\":[\"https:\/\/www.mueblesdemaderayjardin.com\/blog\/mesas-plegables-de-incienso\/\"]}]},{\"@type\":\"BreadcrumbList\",\"@id\":\"https:\/\/www.mueblesdemaderayjardin.com\/blog\/mesas-plegables-de-incienso\/#breadcrumb\",\"itemListElement\":[{\"@type\":\"ListItem\",\"position\":1,\"name\":\"Portada\",\"item\":\"https:\/\/www.mueblesdemaderayjardin.com\/blog\/\"},{\"@type\":\"ListItem\",\"position\":2,\"name\":\"Mesas Plegables de Incienso\"}]},{\"@type\":\"Person\",\"@id\":\"https:\/\/www.mueblesdemaderayjardin.com\/blog\/#\/schema\/person\/7042d027aa317c2ac6adeee38f3f8341\",\"name\":\"Muebles de Madera y Jardin\",\"description\":\"Somos una empresa dedicada a la producci\\u00f3n y comercializaci\\u00f3n de muebles de madera maciza. Procesamos generalmente especies nativas del NEA Argentino, poniendo especial foco en el proceso de corte y secado en maderas duras y semiduras. El estacionamiento madurativo antes de la confecci\\u00f3n de los muebles es esencial para que nuestros muebles de jardin, mesas de madera, sillas de madera, bancos de madera, sillones de madera, reposeras de madera, sillas fijas de madera, sillones director de madera, mesas para bar de madera, mesas auxiliares de madera, mesas ratonas de madera, muebles rusticos de madera, y otros muebles de madera maciza puedan tener la confiabilidad de uso que usted esta buscando. Mediante una buena distinci\\u00f3n de las caracter\\u00edsticas de las especies madereras, determinamos la aptitud de las maderas para adaptarse a los diferentes dise\\u00f1os de nuestros muebles fabricados.\",\"sameAs\":[\"https:\/\/www.mueblesdemaderayjardin.com\"],\"url\":\"https:\/\/www.mueblesdemaderayjardin.com\/blog\/author\/admin\/\"}]}<\/script>\n<!-- \/ Yoast SEO plugin. -->","yoast_head_json":{"title":"Mesas Plegables de Incienso - El Blog de Muebles de Madera y Jardin .COM","robots":{"index":"index","follow":"follow","max-snippet":"max-snippet:-1","max-image-preview":"max-image-preview:large","max-video-preview":"max-video-preview:-1"},"canonical":"https:\/\/www.mueblesdemaderayjardin.com\/blog\/mesas-plegables-de-incienso\/","og_locale":"es_ES","og_type":"article","og_title":"Mesas Plegables de Incienso - El Blog de Muebles de Madera y Jardin .COM","og_description":"Las mesas de incienso, tanto como las mesas de jard\u00edn con sillas de madera, son muebles de madera para exterior, que necesitan ser resistentes a todos los factores clim\u00e1ticos. Si bien es importante, para este uso, elegir muebles de madera dura, no menos importante es pensar, por ejemplo en bancos y mesas de madera con [&hellip;]","og_url":"https:\/\/www.mueblesdemaderayjardin.com\/blog\/mesas-plegables-de-incienso\/","og_site_name":"El Blog de Muebles de Madera y Jardin .COM","article_published_time":"2012-09-26T02:15:18+00:00","article_modified_time":"2013-06-10T17:32:36+00:00","og_image":[{"width":"860","height":"645","url":"https:\/\/www.mueblesdemaderayjardin.com\/blog\/wp-content\/uploads\/2012\/09\/mesainciensotapa_50.jpg","type":"image\/jpeg"}],"twitter_misc":{"Escrito por":"Muebles de Madera y Jardin","Tiempo de lectura":"1 minuto"},"schema":{"@context":"https:\/\/schema.org","@graph":[{"@type":"WebSite","@id":"https:\/\/www.mueblesdemaderayjardin.com\/blog\/#website","url":"https:\/\/www.mueblesdemaderayjardin.com\/blog\/","name":"El Blog de Muebles de Madera y Jardin .COM","description":"Somos una empresa dedicada a la producci\u00f3n y comercializaci\u00f3n de muebles de madera y jard\u00edn","potentialAction":[{"@type":"SearchAction","target":{"@type":"EntryPoint","urlTemplate":"https:\/\/www.mueblesdemaderayjardin.com\/blog\/?s={search_term_string}"},"query-input":"required name=search_term_string"}],"inLanguage":"es"},{"@type":"ImageObject","@id":"https:\/\/www.mueblesdemaderayjardin.com\/blog\/mesas-plegables-de-incienso\/#primaryimage","inLanguage":"es","url":"https:\/\/www.mueblesdemaderayjardin.com\/blog\/wp-content\/uploads\/2012\/09\/mesainciensotapa_50.jpg","contentUrl":"https:\/\/www.mueblesdemaderayjardin.com\/blog\/wp-content\/uploads\/2012\/09\/mesainciensotapa_50.jpg","width":"860","height":"645","caption":"Mesas Plegables de Incienso"},{"@type":"WebPage","@id":"https:\/\/www.mueblesdemaderayjardin.com\/blog\/mesas-plegables-de-incienso\/#webpage","url":"https:\/\/www.mueblesdemaderayjardin.com\/blog\/mesas-plegables-de-incienso\/","name":"Mesas Plegables de Incienso - El Blog de Muebles de Madera y Jardin .COM","isPartOf":{"@id":"https:\/\/www.mueblesdemaderayjardin.com\/blog\/#website"},"primaryImageOfPage":{"@id":"https:\/\/www.mueblesdemaderayjardin.com\/blog\/mesas-plegables-de-incienso\/#primaryimage"},"datePublished":"2012-09-26T02:15:18+00:00","dateModified":"2013-06-10T17:32:36+00:00","author":{"@id":"https:\/\/www.mueblesdemaderayjardin.com\/blog\/#\/schema\/person\/7042d027aa317c2ac6adeee38f3f8341"},"breadcrumb":{"@id":"https:\/\/www.mueblesdemaderayjardin.com\/blog\/mesas-plegables-de-incienso\/#breadcrumb"},"inLanguage":"es","potentialAction":[{"@type":"ReadAction","target":["https:\/\/www.mueblesdemaderayjardin.com\/blog\/mesas-plegables-de-incienso\/"]}]},{"@type":"BreadcrumbList","@id":"https:\/\/www.mueblesdemaderayjardin.com\/blog\/mesas-plegables-de-incienso\/#breadcrumb","itemListElement":[{"@type":"ListItem","position":1,"name":"Portada","item":"https:\/\/www.mueblesdemaderayjardin.com\/blog\/"},{"@type":"ListItem","position":2,"name":"Mesas Plegables de Incienso"}]},{"@type":"Person","@id":"https:\/\/www.mueblesdemaderayjardin.com\/blog\/#\/schema\/person\/7042d027aa317c2ac6adeee38f3f8341","name":"Muebles de Madera y Jardin","description":"Somos una empresa dedicada a la producci\u00f3n y comercializaci\u00f3n de muebles de madera maciza. Procesamos generalmente especies nativas del NEA Argentino, poniendo especial foco en el proceso de corte y secado en maderas duras y semiduras. El estacionamiento madurativo antes de la confecci\u00f3n de los muebles es esencial para que nuestros muebles de jardin, mesas de madera, sillas de madera, bancos de madera, sillones de madera, reposeras de madera, sillas fijas de madera, sillones director de madera, mesas para bar de madera, mesas auxiliares de madera, mesas ratonas de madera, muebles rusticos de madera, y otros muebles de madera maciza puedan tener la confiabilidad de uso que usted esta buscando. Mediante una buena distinci\u00f3n de las caracter\u00edsticas de las especies madereras, determinamos la aptitud de las maderas para adaptarse a los diferentes dise\u00f1os de nuestros muebles fabricados.","sameAs":["https:\/\/www.mueblesdemaderayjardin.com"],"url":"https:\/\/www.mueblesdemaderayjardin.com\/blog\/author\/admin\/"}]}},"_links":{"self":[{"href":"https:\/\/www.mueblesdemaderayjardin.com\/blog\/wp-json\/wp\/v2\/posts\/502"}],"collection":[{"href":"https:\/\/www.mueblesdemaderayjardin.com\/blog\/wp-json\/wp\/v2\/posts"}],"about":[{"href":"https:\/\/www.mueblesdemaderayjardin.com\/blog\/wp-json\/wp\/v2\/types\/post"}],"author":[{"embeddable":true,"href":"https:\/\/www.mueblesdemaderayjardin.com\/blog\/wp-json\/wp\/v2\/users\/1"}],"replies":[{"embeddable":true,"href":"https:\/\/www.mueblesdemaderayjardin.com\/blog\/wp-json\/wp\/v2\/comments?post=502"}],"version-history":[{"count":8,"href":"https:\/\/www.mueblesdemaderayjardin.com\/blog\/wp-json\/wp\/v2\/posts\/502\/revisions"}],"predecessor-version":[{"id":1089,"href":"https:\/\/www.mueblesdemaderayjardin.com\/blog\/wp-json\/wp\/v2\/posts\/502\/revisions\/1089"}],"wp:featuredmedia":[{"embeddable":true,"href":"https:\/\/www.mueblesdemaderayjardin.com\/blog\/wp-json\/wp\/v2\/media\/551"}],"wp:attachment":[{"href":"https:\/\/www.mueblesdemaderayjardin.com\/blog\/wp-json\/wp\/v2\/media?parent=502"}],"wp:term":[{"taxonomy":"category","embeddable":true,"href":"https:\/\/www.mueblesdemaderayjardin.com\/blog\/wp-json\/wp\/v2\/categories?post=502"},{"taxonomy":"post_tag","embeddable":true,"href":"https:\/\/www.mueblesdemaderayjardin.com\/blog\/wp-json\/wp\/v2\/tags?post=502"}],"curies":[{"name":"wp","href":"https:\/\/api.w.org\/{rel}","templated":true}]}}