{"id":721,"date":"2013-05-06T18:05:24","date_gmt":"2013-05-06T21:05:24","guid":{"rendered":"http:\/\/beta.mueblesdemaderayjardin.com\/blog\/?p=721"},"modified":"2013-06-10T15:18:51","modified_gmt":"2013-06-10T18:18:51","slug":"sillas-fijas","status":"publish","type":"post","link":"https:\/\/www.mueblesdemaderayjardin.com\/blog\/sillas-fijas\/","title":{"rendered":"Sillas fijas"},"content":{"rendered":"<div id=\"imgpopup\" class=\"imgpopup\"><a title=\"Sillas Fijas de Madera\" href=\"https:\/\/www.mueblesdemaderayjardin.com\/images\/stories\/Sillas_Fijas.jpg\" rel=\"lightbox[sillapledar_50]\"><img loading=\"lazy\" class=\"alignnone\" src=\"https:\/\/www.mueblesdemaderayjardin.com\/images\/stories\/Sillas_Fijas.jpg\" alt=\"Sillas Fijas de Madera\" width=\"475\" height=\"710\" \/><br \/>\n<\/a><\/div>\n<p>Somos f\u00e1brica de sillas fijas de madera, sillas fijas para comedor, sillas fijas para terraza, sillas fijas de madera para quincho o para jard\u00edn y la experiencia nos ha indicado que, al componer el mobiliario familiar, comercial o industrial, las sillas son algo as\u00ed como los peones del ajedrez, porque son las que habr\u00e1n de soportar el uso mas intensivo y el deambular entre el interior, el balc\u00f3n, la terraza o el jard\u00edn, debiendo soportar el trabajo excesivo en el interior, tanto como las inclemencias del clima, cuando hacen vida al aire libre (jard\u00edn, quincho, terraza, etc.).<br \/>\nPor eso, insistimos en la importancia de seleccionar maderas, que por un lado jerarquicen la decoraci\u00f3n del interior y por el otro, soporten la lluvia, el sol intenso, etc. y la experiencia nos ha indicado que esas condiciones, las cumplen, maderas como el lapacho, la teka, el cedro o el incienso.<br \/>\nDesarrollamos, para procesarlas, sistemas especiales de fabricaci\u00f3n que nos permiten controlar los detalles de terminaci\u00f3n, a fin de lograr muebles de jerarqu\u00eda y resistentes.<\/p>\n<!-- AddThis Advanced Settings generic via filter on the_content --><!-- AddThis Share Buttons generic via filter on the_content -->","protected":false},"excerpt":{"rendered":"<p>Somos f\u00e1brica de sillas fijas de madera, sillas fijas para comedor, sillas fijas para terraza, sillas fijas de madera para quincho o para jard\u00edn y la experiencia nos ha indicado que, al componer el mobiliario familiar, comercial o industrial, las sillas son algo as\u00ed como los peones del ajedrez, porque son las que habr\u00e1n de [&hellip;]<!-- AddThis Advanced Settings generic via filter on get_the_excerpt --><!-- AddThis Share Buttons generic via filter on get_the_excerpt --><\/p>\n","protected":false},"author":1,"featured_media":723,"comment_status":"open","ping_status":"open","sticky":false,"template":"","format":"standard","meta":[],"categories":[9,78],"tags":[],"yoast_head":"<!-- This site is optimized with the Yoast SEO plugin v17.3 - https:\/\/yoast.com\/wordpress\/plugins\/seo\/ -->\n<title>Sillas fijas - El Blog de Muebles de Madera y Jardin .COM<\/title>\n<meta name=\"robots\" content=\"index, follow, max-snippet:-1, max-image-preview:large, max-video-preview:-1\" \/>\n<link rel=\"canonical\" href=\"https:\/\/www.mueblesdemaderayjardin.com\/blog\/sillas-fijas\/\" \/>\n<meta property=\"og:locale\" content=\"es_ES\" \/>\n<meta property=\"og:type\" content=\"article\" \/>\n<meta property=\"og:title\" content=\"Sillas fijas - El Blog de Muebles de Madera y Jardin .COM\" \/>\n<meta property=\"og:description\" content=\"Somos f\u00e1brica de sillas fijas de madera, sillas fijas para comedor, sillas fijas para terraza, sillas fijas de madera para quincho o para jard\u00edn y la experiencia nos ha indicado que, al componer el mobiliario familiar, comercial o industrial, las sillas son algo as\u00ed como los peones del ajedrez, porque son las que habr\u00e1n de [&hellip;]\" \/>\n<meta property=\"og:url\" content=\"https:\/\/www.mueblesdemaderayjardin.com\/blog\/sillas-fijas\/\" \/>\n<meta property=\"og:site_name\" content=\"El Blog de Muebles de Madera y Jardin .COM\" \/>\n<meta property=\"article:published_time\" content=\"2013-05-06T21:05:24+00:00\" \/>\n<meta property=\"article:modified_time\" content=\"2013-06-10T18:18:51+00:00\" \/>\n<meta property=\"og:image\" content=\"https:\/\/www.mueblesdemaderayjardin.com\/blog\/wp-content\/uploads\/2013\/05\/Sillas_Fijas.jpg\" \/>\n\t<meta property=\"og:image:width\" content=\"475\" \/>\n\t<meta property=\"og:image:height\" content=\"710\" \/>\n<meta name=\"twitter:label1\" content=\"Escrito por\" \/>\n\t<meta name=\"twitter:data1\" content=\"Muebles de Madera y Jardin\" \/>\n\t<meta name=\"twitter:label2\" content=\"Tiempo de lectura\" \/>\n\t<meta name=\"twitter:data2\" content=\"1 minuto\" \/>\n<script type=\"application\/ld+json\" class=\"yoast-schema-graph\">{\"@context\":\"https:\/\/schema.org\",\"@graph\":[{\"@type\":\"WebSite\",\"@id\":\"https:\/\/www.mueblesdemaderayjardin.com\/blog\/#website\",\"url\":\"https:\/\/www.mueblesdemaderayjardin.com\/blog\/\",\"name\":\"El Blog de Muebles de Madera y Jardin .COM\",\"description\":\"Somos una empresa dedicada a la producci\\u00f3n y comercializaci\\u00f3n de muebles de madera y jard\\u00edn\",\"potentialAction\":[{\"@type\":\"SearchAction\",\"target\":{\"@type\":\"EntryPoint\",\"urlTemplate\":\"https:\/\/www.mueblesdemaderayjardin.com\/blog\/?s={search_term_string}\"},\"query-input\":\"required name=search_term_string\"}],\"inLanguage\":\"es\"},{\"@type\":\"ImageObject\",\"@id\":\"https:\/\/www.mueblesdemaderayjardin.com\/blog\/sillas-fijas\/#primaryimage\",\"inLanguage\":\"es\",\"url\":\"https:\/\/www.mueblesdemaderayjardin.com\/blog\/wp-content\/uploads\/2013\/05\/Sillas_Fijas.jpg\",\"contentUrl\":\"https:\/\/www.mueblesdemaderayjardin.com\/blog\/wp-content\/uploads\/2013\/05\/Sillas_Fijas.jpg\",\"width\":\"475\",\"height\":\"710\"},{\"@type\":\"WebPage\",\"@id\":\"https:\/\/www.mueblesdemaderayjardin.com\/blog\/sillas-fijas\/#webpage\",\"url\":\"https:\/\/www.mueblesdemaderayjardin.com\/blog\/sillas-fijas\/\",\"name\":\"Sillas fijas - El Blog de Muebles de Madera y Jardin .COM\",\"isPartOf\":{\"@id\":\"https:\/\/www.mueblesdemaderayjardin.com\/blog\/#website\"},\"primaryImageOfPage\":{\"@id\":\"https:\/\/www.mueblesdemaderayjardin.com\/blog\/sillas-fijas\/#primaryimage\"},\"datePublished\":\"2013-05-06T21:05:24+00:00\",\"dateModified\":\"2013-06-10T18:18:51+00:00\",\"author\":{\"@id\":\"https:\/\/www.mueblesdemaderayjardin.com\/blog\/#\/schema\/person\/7042d027aa317c2ac6adeee38f3f8341\"},\"breadcrumb\":{\"@id\":\"https:\/\/www.mueblesdemaderayjardin.com\/blog\/sillas-fijas\/#breadcrumb\"},\"inLanguage\":\"es\",\"potentialAction\":[{\"@type\":\"ReadAction\",\"target\":[\"https:\/\/www.mueblesdemaderayjardin.com\/blog\/sillas-fijas\/\"]}]},{\"@type\":\"BreadcrumbList\",\"@id\":\"https:\/\/www.mueblesdemaderayjardin.com\/blog\/sillas-fijas\/#breadcrumb\",\"itemListElement\":[{\"@type\":\"ListItem\",\"position\":1,\"name\":\"Portada\",\"item\":\"https:\/\/www.mueblesdemaderayjardin.com\/blog\/\"},{\"@type\":\"ListItem\",\"position\":2,\"name\":\"Sillas fijas\"}]},{\"@type\":\"Person\",\"@id\":\"https:\/\/www.mueblesdemaderayjardin.com\/blog\/#\/schema\/person\/7042d027aa317c2ac6adeee38f3f8341\",\"name\":\"Muebles de Madera y Jardin\",\"description\":\"Somos una empresa dedicada a la producci\\u00f3n y comercializaci\\u00f3n de muebles de madera maciza. Procesamos generalmente especies nativas del NEA Argentino, poniendo especial foco en el proceso de corte y secado en maderas duras y semiduras. El estacionamiento madurativo antes de la confecci\\u00f3n de los muebles es esencial para que nuestros muebles de jardin, mesas de madera, sillas de madera, bancos de madera, sillones de madera, reposeras de madera, sillas fijas de madera, sillones director de madera, mesas para bar de madera, mesas auxiliares de madera, mesas ratonas de madera, muebles rusticos de madera, y otros muebles de madera maciza puedan tener la confiabilidad de uso que usted esta buscando. Mediante una buena distinci\\u00f3n de las caracter\\u00edsticas de las especies madereras, determinamos la aptitud de las maderas para adaptarse a los diferentes dise\\u00f1os de nuestros muebles fabricados.\",\"sameAs\":[\"https:\/\/www.mueblesdemaderayjardin.com\"],\"url\":\"https:\/\/www.mueblesdemaderayjardin.com\/blog\/author\/admin\/\"}]}<\/script>\n<!-- \/ Yoast SEO plugin. -->","yoast_head_json":{"title":"Sillas fijas - El Blog de Muebles de Madera y Jardin .COM","robots":{"index":"index","follow":"follow","max-snippet":"max-snippet:-1","max-image-preview":"max-image-preview:large","max-video-preview":"max-video-preview:-1"},"canonical":"https:\/\/www.mueblesdemaderayjardin.com\/blog\/sillas-fijas\/","og_locale":"es_ES","og_type":"article","og_title":"Sillas fijas - El Blog de Muebles de Madera y Jardin .COM","og_description":"Somos f\u00e1brica de sillas fijas de madera, sillas fijas para comedor, sillas fijas para terraza, sillas fijas de madera para quincho o para jard\u00edn y la experiencia nos ha indicado que, al componer el mobiliario familiar, comercial o industrial, las sillas son algo as\u00ed como los peones del ajedrez, porque son las que habr\u00e1n de [&hellip;]","og_url":"https:\/\/www.mueblesdemaderayjardin.com\/blog\/sillas-fijas\/","og_site_name":"El Blog de Muebles de Madera y Jardin .COM","article_published_time":"2013-05-06T21:05:24+00:00","article_modified_time":"2013-06-10T18:18:51+00:00","og_image":[{"width":"475","height":"710","url":"https:\/\/www.mueblesdemaderayjardin.com\/blog\/wp-content\/uploads\/2013\/05\/Sillas_Fijas.jpg","type":"image\/jpeg"}],"twitter_misc":{"Escrito por":"Muebles de Madera y Jardin","Tiempo de lectura":"1 minuto"},"schema":{"@context":"https:\/\/schema.org","@graph":[{"@type":"WebSite","@id":"https:\/\/www.mueblesdemaderayjardin.com\/blog\/#website","url":"https:\/\/www.mueblesdemaderayjardin.com\/blog\/","name":"El Blog de Muebles de Madera y Jardin .COM","description":"Somos una empresa dedicada a la producci\u00f3n y comercializaci\u00f3n de muebles de madera y jard\u00edn","potentialAction":[{"@type":"SearchAction","target":{"@type":"EntryPoint","urlTemplate":"https:\/\/www.mueblesdemaderayjardin.com\/blog\/?s={search_term_string}"},"query-input":"required name=search_term_string"}],"inLanguage":"es"},{"@type":"ImageObject","@id":"https:\/\/www.mueblesdemaderayjardin.com\/blog\/sillas-fijas\/#primaryimage","inLanguage":"es","url":"https:\/\/www.mueblesdemaderayjardin.com\/blog\/wp-content\/uploads\/2013\/05\/Sillas_Fijas.jpg","contentUrl":"https:\/\/www.mueblesdemaderayjardin.com\/blog\/wp-content\/uploads\/2013\/05\/Sillas_Fijas.jpg","width":"475","height":"710"},{"@type":"WebPage","@id":"https:\/\/www.mueblesdemaderayjardin.com\/blog\/sillas-fijas\/#webpage","url":"https:\/\/www.mueblesdemaderayjardin.com\/blog\/sillas-fijas\/","name":"Sillas fijas - El Blog de Muebles de Madera y Jardin .COM","isPartOf":{"@id":"https:\/\/www.mueblesdemaderayjardin.com\/blog\/#website"},"primaryImageOfPage":{"@id":"https:\/\/www.mueblesdemaderayjardin.com\/blog\/sillas-fijas\/#primaryimage"},"datePublished":"2013-05-06T21:05:24+00:00","dateModified":"2013-06-10T18:18:51+00:00","author":{"@id":"https:\/\/www.mueblesdemaderayjardin.com\/blog\/#\/schema\/person\/7042d027aa317c2ac6adeee38f3f8341"},"breadcrumb":{"@id":"https:\/\/www.mueblesdemaderayjardin.com\/blog\/sillas-fijas\/#breadcrumb"},"inLanguage":"es","potentialAction":[{"@type":"ReadAction","target":["https:\/\/www.mueblesdemaderayjardin.com\/blog\/sillas-fijas\/"]}]},{"@type":"BreadcrumbList","@id":"https:\/\/www.mueblesdemaderayjardin.com\/blog\/sillas-fijas\/#breadcrumb","itemListElement":[{"@type":"ListItem","position":1,"name":"Portada","item":"https:\/\/www.mueblesdemaderayjardin.com\/blog\/"},{"@type":"ListItem","position":2,"name":"Sillas fijas"}]},{"@type":"Person","@id":"https:\/\/www.mueblesdemaderayjardin.com\/blog\/#\/schema\/person\/7042d027aa317c2ac6adeee38f3f8341","name":"Muebles de Madera y Jardin","description":"Somos una empresa dedicada a la producci\u00f3n y comercializaci\u00f3n de muebles de madera maciza. Procesamos generalmente especies nativas del NEA Argentino, poniendo especial foco en el proceso de corte y secado en maderas duras y semiduras. El estacionamiento madurativo antes de la confecci\u00f3n de los muebles es esencial para que nuestros muebles de jardin, mesas de madera, sillas de madera, bancos de madera, sillones de madera, reposeras de madera, sillas fijas de madera, sillones director de madera, mesas para bar de madera, mesas auxiliares de madera, mesas ratonas de madera, muebles rusticos de madera, y otros muebles de madera maciza puedan tener la confiabilidad de uso que usted esta buscando. Mediante una buena distinci\u00f3n de las caracter\u00edsticas de las especies madereras, determinamos la aptitud de las maderas para adaptarse a los diferentes dise\u00f1os de nuestros muebles fabricados.","sameAs":["https:\/\/www.mueblesdemaderayjardin.com"],"url":"https:\/\/www.mueblesdemaderayjardin.com\/blog\/author\/admin\/"}]}},"_links":{"self":[{"href":"https:\/\/www.mueblesdemaderayjardin.com\/blog\/wp-json\/wp\/v2\/posts\/721"}],"collection":[{"href":"https:\/\/www.mueblesdemaderayjardin.com\/blog\/wp-json\/wp\/v2\/posts"}],"about":[{"href":"https:\/\/www.mueblesdemaderayjardin.com\/blog\/wp-json\/wp\/v2\/types\/post"}],"author":[{"embeddable":true,"href":"https:\/\/www.mueblesdemaderayjardin.com\/blog\/wp-json\/wp\/v2\/users\/1"}],"replies":[{"embeddable":true,"href":"https:\/\/www.mueblesdemaderayjardin.com\/blog\/wp-json\/wp\/v2\/comments?post=721"}],"version-history":[{"count":3,"href":"https:\/\/www.mueblesdemaderayjardin.com\/blog\/wp-json\/wp\/v2\/posts\/721\/revisions"}],"predecessor-version":[{"id":1115,"href":"https:\/\/www.mueblesdemaderayjardin.com\/blog\/wp-json\/wp\/v2\/posts\/721\/revisions\/1115"}],"wp:featuredmedia":[{"embeddable":true,"href":"https:\/\/www.mueblesdemaderayjardin.com\/blog\/wp-json\/wp\/v2\/media\/723"}],"wp:attachment":[{"href":"https:\/\/www.mueblesdemaderayjardin.com\/blog\/wp-json\/wp\/v2\/media?parent=721"}],"wp:term":[{"taxonomy":"category","embeddable":true,"href":"https:\/\/www.mueblesdemaderayjardin.com\/blog\/wp-json\/wp\/v2\/categories?post=721"},{"taxonomy":"post_tag","embeddable":true,"href":"https:\/\/www.mueblesdemaderayjardin.com\/blog\/wp-json\/wp\/v2\/tags?post=721"}],"curies":[{"name":"wp","href":"https:\/\/api.w.org\/{rel}","templated":true}]}}