{"id":84,"date":"2010-05-01T14:31:02","date_gmt":"2010-05-01T17:31:02","guid":{"rendered":"http:\/\/www.mueblesdemaderayjardin.com\/blog\/?p=84"},"modified":"2010-06-12T16:29:15","modified_gmt":"2010-06-12T19:29:15","slug":"decoracion-de-terrazas","status":"publish","type":"post","link":"https:\/\/www.mueblesdemaderayjardin.com\/blog\/decoracion-de-terrazas\/","title":{"rendered":"Decoracion de Terrazas"},"content":{"rendered":"<p style=\"text-align: center;\"><strong>Decoraci\u00f3n de Terrazas<\/strong><\/p>\n<p style=\"text-align: justify;\">Al acercarse el verano los espacios exteriores recobran el protagonismo aumentando los metros de nuestra vivienda. Los muebles de exterior cuentan con una belleza extraordinaria, recrean ambientes frescos y ex\u00f3ticos y tienen la capacidad de hacernos viajar a trav\u00e9s de nuestras mentes a lugares paradis\u00edacos.<\/p>\n<p style=\"text-align: justify;\">El abanico de posibilidades es amplio en su contenido, destacando en cada mueble belleza, funcionalidad y confort, vistiendo con armon\u00eda y elegancia el exterior de nuestra casa y permiti\u00e9ndonos trasladar al aire libre algunas placenteras tareas como leer, charlar o simplemente descansar.<\/p>\n<p style=\"text-align: justify;\">\n<figure id=\"attachment_149\" aria-describedby=\"caption-attachment-149\" style=\"width: 475px\" class=\"wp-caption aligncenter\"> <\/p>\n<dd class=\"wp-caption-dd\">\n<div class=\"mceTemp mceIEcenter\">\n<dl id=\"attachment_154\" class=\"wp-caption aligncenter\" style=\"width: 485px;\">\n<dt class=\"wp-caption-dt\"><a title=\"Decoracion de Terrazas\" href=\"https:\/\/www.mueblesdemaderayjardin.com\/blog\/wp-content\/uploads\/2010\/06\/Decoracion_de_Terrazas1.jpg\" target=\"_self\"><img loading=\"lazy\" class=\"size-full wp-image-154\" title=\"Decoracion_de_Terrazas\" src=\"https:\/\/www.mueblesdemaderayjardin.com\/blog\/wp-content\/uploads\/2010\/06\/Decoracion_de_Terrazas.jpg\" alt=\"Decoracion_de_Terrazas\" width=\"475\" height=\"318\" srcset=\"https:\/\/www.mueblesdemaderayjardin.com\/blog\/wp-content\/uploads\/2010\/06\/Decoracion_de_Terrazas.jpg 475w, https:\/\/www.mueblesdemaderayjardin.com\/blog\/wp-content\/uploads\/2010\/06\/Decoracion_de_Terrazas-300x200.jpg 300w\" sizes=\"(max-width: 475px) 100vw, 475px\" \/><\/a><figcaption id=\"caption-attachment-149\" class=\"wp-caption-text\">Decoracion_de_Terrazas<\/figcaption><\/figure>\n<\/dt>\n<\/dl>\n<\/div>\n<\/dd>\n<p style=\"text-align: justify;\">La terraza es una prolongaci\u00f3n de nuestro hogar, la decoraci\u00f3n y el uso que le daremos junto al dise\u00f1o del mobiliario que elijamos depender\u00e1 del tama\u00f1o disponible.<\/p>\n<p style=\"text-align: justify;\">\n<p style=\"text-align: justify;\">Si se trata de un espacio grande podemos convertirlo en un lugar de reuni\u00f3n, trasladando al exterior el comedor o la zona de estar. Pero si los metros son escasos lo mejor es ambientar un espacio \u00edntimo y funcional en el cual podemos aislarnos y disfrutamos de momentos de soledad.<\/p>\n<p style=\"text-align: justify;\">En el caso de los sillones se componen de piezas modulares lo que hace que no solo podamos desplazarlos de un lugar a otro c\u00f3modamente sino que podamos concepcionar su dise\u00f1o a nuestra medida. Se trata de muebles que s\u00f3lo podremos utilizarlos en una \u00e9poca del a\u00f1o.<\/p>\n<!-- AddThis Advanced Settings generic via filter on the_content --><!-- AddThis Share Buttons generic via filter on the_content -->","protected":false},"excerpt":{"rendered":"<p>Al acercarse el verano los espacios exteriores recobran el protagonismo aumentando los metros de nuestra vivienda.<!-- AddThis Advanced Settings generic via filter on get_the_excerpt --><!-- AddThis Share Buttons generic via filter on get_the_excerpt --><\/p>\n","protected":false},"author":1,"featured_media":0,"comment_status":"open","ping_status":"open","sticky":false,"template":"","format":"standard","meta":[],"categories":[8],"tags":[],"yoast_head":"<!-- This site is optimized with the Yoast SEO plugin v17.3 - https:\/\/yoast.com\/wordpress\/plugins\/seo\/ -->\n<title>Decoracion de Terrazas - El Blog de Muebles de Madera y Jardin .COM<\/title>\n<meta name=\"robots\" content=\"index, follow, max-snippet:-1, max-image-preview:large, max-video-preview:-1\" \/>\n<link rel=\"canonical\" href=\"https:\/\/www.mueblesdemaderayjardin.com\/blog\/decoracion-de-terrazas\/\" \/>\n<meta property=\"og:locale\" content=\"es_ES\" \/>\n<meta property=\"og:type\" content=\"article\" \/>\n<meta property=\"og:title\" content=\"Decoracion de Terrazas - El Blog de Muebles de Madera y Jardin .COM\" \/>\n<meta property=\"og:description\" content=\"Al acercarse el verano los espacios exteriores recobran el protagonismo aumentando los metros de nuestra vivienda.\" \/>\n<meta property=\"og:url\" content=\"https:\/\/www.mueblesdemaderayjardin.com\/blog\/decoracion-de-terrazas\/\" \/>\n<meta property=\"og:site_name\" content=\"El Blog de Muebles de Madera y Jardin .COM\" \/>\n<meta property=\"article:published_time\" content=\"2010-05-01T17:31:02+00:00\" \/>\n<meta property=\"article:modified_time\" content=\"2010-06-12T19:29:15+00:00\" \/>\n<meta property=\"og:image\" content=\"https:\/\/www.mueblesdemaderayjardin.com\/blog\/wp-content\/uploads\/2010\/06\/Decoracion_de_Terrazas.jpg\" \/>\n<meta name=\"twitter:label1\" content=\"Escrito por\" \/>\n\t<meta name=\"twitter:data1\" content=\"Muebles de Madera y Jardin\" \/>\n\t<meta name=\"twitter:label2\" content=\"Tiempo de lectura\" \/>\n\t<meta name=\"twitter:data2\" content=\"1 minuto\" \/>\n<script type=\"application\/ld+json\" class=\"yoast-schema-graph\">{\"@context\":\"https:\/\/schema.org\",\"@graph\":[{\"@type\":\"WebSite\",\"@id\":\"https:\/\/www.mueblesdemaderayjardin.com\/blog\/#website\",\"url\":\"https:\/\/www.mueblesdemaderayjardin.com\/blog\/\",\"name\":\"El Blog de Muebles de Madera y Jardin .COM\",\"description\":\"Somos una empresa dedicada a la producci\\u00f3n y comercializaci\\u00f3n de muebles de madera y jard\\u00edn\",\"potentialAction\":[{\"@type\":\"SearchAction\",\"target\":{\"@type\":\"EntryPoint\",\"urlTemplate\":\"https:\/\/www.mueblesdemaderayjardin.com\/blog\/?s={search_term_string}\"},\"query-input\":\"required name=search_term_string\"}],\"inLanguage\":\"es\"},{\"@type\":\"ImageObject\",\"@id\":\"https:\/\/www.mueblesdemaderayjardin.com\/blog\/decoracion-de-terrazas\/#primaryimage\",\"inLanguage\":\"es\",\"url\":\"https:\/\/www.mueblesdemaderayjardin.com\/blog\/wp-content\/uploads\/2010\/06\/Decoracion_de_Terrazas.jpg\",\"contentUrl\":\"https:\/\/www.mueblesdemaderayjardin.com\/blog\/wp-content\/uploads\/2010\/06\/Decoracion_de_Terrazas.jpg\",\"width\":\"475\",\"height\":\"318\",\"caption\":\"Decoracion_de_Terrazas\"},{\"@type\":\"WebPage\",\"@id\":\"https:\/\/www.mueblesdemaderayjardin.com\/blog\/decoracion-de-terrazas\/#webpage\",\"url\":\"https:\/\/www.mueblesdemaderayjardin.com\/blog\/decoracion-de-terrazas\/\",\"name\":\"Decoracion de Terrazas - El Blog de Muebles de Madera y Jardin .COM\",\"isPartOf\":{\"@id\":\"https:\/\/www.mueblesdemaderayjardin.com\/blog\/#website\"},\"primaryImageOfPage\":{\"@id\":\"https:\/\/www.mueblesdemaderayjardin.com\/blog\/decoracion-de-terrazas\/#primaryimage\"},\"datePublished\":\"2010-05-01T17:31:02+00:00\",\"dateModified\":\"2010-06-12T19:29:15+00:00\",\"author\":{\"@id\":\"https:\/\/www.mueblesdemaderayjardin.com\/blog\/#\/schema\/person\/7042d027aa317c2ac6adeee38f3f8341\"},\"breadcrumb\":{\"@id\":\"https:\/\/www.mueblesdemaderayjardin.com\/blog\/decoracion-de-terrazas\/#breadcrumb\"},\"inLanguage\":\"es\",\"potentialAction\":[{\"@type\":\"ReadAction\",\"target\":[\"https:\/\/www.mueblesdemaderayjardin.com\/blog\/decoracion-de-terrazas\/\"]}]},{\"@type\":\"BreadcrumbList\",\"@id\":\"https:\/\/www.mueblesdemaderayjardin.com\/blog\/decoracion-de-terrazas\/#breadcrumb\",\"itemListElement\":[{\"@type\":\"ListItem\",\"position\":1,\"name\":\"Portada\",\"item\":\"https:\/\/www.mueblesdemaderayjardin.com\/blog\/\"},{\"@type\":\"ListItem\",\"position\":2,\"name\":\"Decoracion de Terrazas\"}]},{\"@type\":\"Person\",\"@id\":\"https:\/\/www.mueblesdemaderayjardin.com\/blog\/#\/schema\/person\/7042d027aa317c2ac6adeee38f3f8341\",\"name\":\"Muebles de Madera y Jardin\",\"description\":\"Somos una empresa dedicada a la producci\\u00f3n y comercializaci\\u00f3n de muebles de madera maciza. Procesamos generalmente especies nativas del NEA Argentino, poniendo especial foco en el proceso de corte y secado en maderas duras y semiduras. El estacionamiento madurativo antes de la confecci\\u00f3n de los muebles es esencial para que nuestros muebles de jardin, mesas de madera, sillas de madera, bancos de madera, sillones de madera, reposeras de madera, sillas fijas de madera, sillones director de madera, mesas para bar de madera, mesas auxiliares de madera, mesas ratonas de madera, muebles rusticos de madera, y otros muebles de madera maciza puedan tener la confiabilidad de uso que usted esta buscando. Mediante una buena distinci\\u00f3n de las caracter\\u00edsticas de las especies madereras, determinamos la aptitud de las maderas para adaptarse a los diferentes dise\\u00f1os de nuestros muebles fabricados.\",\"sameAs\":[\"https:\/\/www.mueblesdemaderayjardin.com\"],\"url\":\"https:\/\/www.mueblesdemaderayjardin.com\/blog\/author\/admin\/\"}]}<\/script>\n<!-- \/ Yoast SEO plugin. -->","yoast_head_json":{"title":"Decoracion de Terrazas - El Blog de Muebles de Madera y Jardin .COM","robots":{"index":"index","follow":"follow","max-snippet":"max-snippet:-1","max-image-preview":"max-image-preview:large","max-video-preview":"max-video-preview:-1"},"canonical":"https:\/\/www.mueblesdemaderayjardin.com\/blog\/decoracion-de-terrazas\/","og_locale":"es_ES","og_type":"article","og_title":"Decoracion de Terrazas - El Blog de Muebles de Madera y Jardin .COM","og_description":"Al acercarse el verano los espacios exteriores recobran el protagonismo aumentando los metros de nuestra vivienda.","og_url":"https:\/\/www.mueblesdemaderayjardin.com\/blog\/decoracion-de-terrazas\/","og_site_name":"El Blog de Muebles de Madera y Jardin .COM","article_published_time":"2010-05-01T17:31:02+00:00","article_modified_time":"2010-06-12T19:29:15+00:00","og_image":[{"url":"https:\/\/www.mueblesdemaderayjardin.com\/blog\/wp-content\/uploads\/2010\/06\/Decoracion_de_Terrazas.jpg"}],"twitter_misc":{"Escrito por":"Muebles de Madera y Jardin","Tiempo de lectura":"1 minuto"},"schema":{"@context":"https:\/\/schema.org","@graph":[{"@type":"WebSite","@id":"https:\/\/www.mueblesdemaderayjardin.com\/blog\/#website","url":"https:\/\/www.mueblesdemaderayjardin.com\/blog\/","name":"El Blog de Muebles de Madera y Jardin .COM","description":"Somos una empresa dedicada a la producci\u00f3n y comercializaci\u00f3n de muebles de madera y jard\u00edn","potentialAction":[{"@type":"SearchAction","target":{"@type":"EntryPoint","urlTemplate":"https:\/\/www.mueblesdemaderayjardin.com\/blog\/?s={search_term_string}"},"query-input":"required name=search_term_string"}],"inLanguage":"es"},{"@type":"ImageObject","@id":"https:\/\/www.mueblesdemaderayjardin.com\/blog\/decoracion-de-terrazas\/#primaryimage","inLanguage":"es","url":"https:\/\/www.mueblesdemaderayjardin.com\/blog\/wp-content\/uploads\/2010\/06\/Decoracion_de_Terrazas.jpg","contentUrl":"https:\/\/www.mueblesdemaderayjardin.com\/blog\/wp-content\/uploads\/2010\/06\/Decoracion_de_Terrazas.jpg","width":"475","height":"318","caption":"Decoracion_de_Terrazas"},{"@type":"WebPage","@id":"https:\/\/www.mueblesdemaderayjardin.com\/blog\/decoracion-de-terrazas\/#webpage","url":"https:\/\/www.mueblesdemaderayjardin.com\/blog\/decoracion-de-terrazas\/","name":"Decoracion de Terrazas - El Blog de Muebles de Madera y Jardin .COM","isPartOf":{"@id":"https:\/\/www.mueblesdemaderayjardin.com\/blog\/#website"},"primaryImageOfPage":{"@id":"https:\/\/www.mueblesdemaderayjardin.com\/blog\/decoracion-de-terrazas\/#primaryimage"},"datePublished":"2010-05-01T17:31:02+00:00","dateModified":"2010-06-12T19:29:15+00:00","author":{"@id":"https:\/\/www.mueblesdemaderayjardin.com\/blog\/#\/schema\/person\/7042d027aa317c2ac6adeee38f3f8341"},"breadcrumb":{"@id":"https:\/\/www.mueblesdemaderayjardin.com\/blog\/decoracion-de-terrazas\/#breadcrumb"},"inLanguage":"es","potentialAction":[{"@type":"ReadAction","target":["https:\/\/www.mueblesdemaderayjardin.com\/blog\/decoracion-de-terrazas\/"]}]},{"@type":"BreadcrumbList","@id":"https:\/\/www.mueblesdemaderayjardin.com\/blog\/decoracion-de-terrazas\/#breadcrumb","itemListElement":[{"@type":"ListItem","position":1,"name":"Portada","item":"https:\/\/www.mueblesdemaderayjardin.com\/blog\/"},{"@type":"ListItem","position":2,"name":"Decoracion de Terrazas"}]},{"@type":"Person","@id":"https:\/\/www.mueblesdemaderayjardin.com\/blog\/#\/schema\/person\/7042d027aa317c2ac6adeee38f3f8341","name":"Muebles de Madera y Jardin","description":"Somos una empresa dedicada a la producci\u00f3n y comercializaci\u00f3n de muebles de madera maciza. Procesamos generalmente especies nativas del NEA Argentino, poniendo especial foco en el proceso de corte y secado en maderas duras y semiduras. El estacionamiento madurativo antes de la confecci\u00f3n de los muebles es esencial para que nuestros muebles de jardin, mesas de madera, sillas de madera, bancos de madera, sillones de madera, reposeras de madera, sillas fijas de madera, sillones director de madera, mesas para bar de madera, mesas auxiliares de madera, mesas ratonas de madera, muebles rusticos de madera, y otros muebles de madera maciza puedan tener la confiabilidad de uso que usted esta buscando. Mediante una buena distinci\u00f3n de las caracter\u00edsticas de las especies madereras, determinamos la aptitud de las maderas para adaptarse a los diferentes dise\u00f1os de nuestros muebles fabricados.","sameAs":["https:\/\/www.mueblesdemaderayjardin.com"],"url":"https:\/\/www.mueblesdemaderayjardin.com\/blog\/author\/admin\/"}]}},"_links":{"self":[{"href":"https:\/\/www.mueblesdemaderayjardin.com\/blog\/wp-json\/wp\/v2\/posts\/84"}],"collection":[{"href":"https:\/\/www.mueblesdemaderayjardin.com\/blog\/wp-json\/wp\/v2\/posts"}],"about":[{"href":"https:\/\/www.mueblesdemaderayjardin.com\/blog\/wp-json\/wp\/v2\/types\/post"}],"author":[{"embeddable":true,"href":"https:\/\/www.mueblesdemaderayjardin.com\/blog\/wp-json\/wp\/v2\/users\/1"}],"replies":[{"embeddable":true,"href":"https:\/\/www.mueblesdemaderayjardin.com\/blog\/wp-json\/wp\/v2\/comments?post=84"}],"version-history":[{"count":19,"href":"https:\/\/www.mueblesdemaderayjardin.com\/blog\/wp-json\/wp\/v2\/posts\/84\/revisions"}],"predecessor-version":[{"id":160,"href":"https:\/\/www.mueblesdemaderayjardin.com\/blog\/wp-json\/wp\/v2\/posts\/84\/revisions\/160"}],"wp:attachment":[{"href":"https:\/\/www.mueblesdemaderayjardin.com\/blog\/wp-json\/wp\/v2\/media?parent=84"}],"wp:term":[{"taxonomy":"category","embeddable":true,"href":"https:\/\/www.mueblesdemaderayjardin.com\/blog\/wp-json\/wp\/v2\/categories?post=84"},{"taxonomy":"post_tag","embeddable":true,"href":"https:\/\/www.mueblesdemaderayjardin.com\/blog\/wp-json\/wp\/v2\/tags?post=84"}],"curies":[{"name":"wp","href":"https:\/\/api.w.org\/{rel}","templated":true}]}}