{"id":895,"date":"2013-05-07T11:33:46","date_gmt":"2013-05-07T14:33:46","guid":{"rendered":"http:\/\/beta.mueblesdemaderayjardin.com\/blog\/?p=895"},"modified":"2013-06-11T15:59:21","modified_gmt":"2013-06-11T18:59:21","slug":"sombrillas-cuadradas","status":"publish","type":"post","link":"https:\/\/www.mueblesdemaderayjardin.com\/blog\/sombrillas-cuadradas\/","title":{"rendered":"Sombrillas Cuadradas"},"content":{"rendered":"<p style=\"text-align: justify;\"><a href=\"https:\/\/www.mueblesdemaderayjardin.com\/blog\/wp-content\/uploads\/2013\/05\/Sombrillas_cuadradas.jpg\"><img loading=\"lazy\" class=\"aligncenter size-full wp-image-1206\" title=\"Sombrillas Cuadradas\" src=\"https:\/\/www.mueblesdemaderayjardin.com\/blog\/wp-content\/uploads\/2013\/05\/Sombrillas_cuadradas.jpg\" alt=\"Sombrillas Cuadradas\" width=\"598\" height=\"400\" srcset=\"https:\/\/www.mueblesdemaderayjardin.com\/blog\/wp-content\/uploads\/2013\/05\/Sombrillas_cuadradas.jpg 598w, https:\/\/www.mueblesdemaderayjardin.com\/blog\/wp-content\/uploads\/2013\/05\/Sombrillas_cuadradas-300x200.jpg 300w\" sizes=\"(max-width: 598px) 100vw, 598px\" \/><\/a><\/p>\n<p style=\"text-align: justify;\">Las sombrillas cuadradas de madera, situadas como sombrilla cuadrada para la vereda de un bar o como sombrilla cuadrada para el jard\u00edn, por su colorido y la presencia de la madera en su alma, siempre significar\u00e1n un toque de distinci\u00f3n, brindando, adem\u00e1s de su funci\u00f3n protectora un bello paisaje a la vista.<\/p>\n<p style=\"text-align: justify;\">Como fabricantes de sombrillas cuadradas de madera y a los efectos de que lo antedicho se cumpla y no se convierta en un problema, hemos puesto especial cuidado en la selecci\u00f3n de todos los materiales con los que fabricamos nuestras <a title=\"Sombrillas Cuadradas\" href=\"https:\/\/www.mueblesdemaderayjardin.com\/sombrillas\/sombrillas-cuadradas.html\" target=\"_blank\">sombrillas cuadradas<\/a> de madera: desde las maderas duras de fibra muy compacta que hemos elegido, a fin de que resistan los embates de los distintos factores clim\u00e1ticos (lluvia, sol intenso, viento, etc.), hasta las lonas de algod\u00f3n con un porcentaje de fibra sint\u00e9tica, pasando por los componentes met\u00e1licos de los mecanismos de apertura y cierre, que son de acero, tratados con procesos de galvanoplastia, para evitar su oxidaci\u00f3n.<\/p>\n<p style=\"text-align: justify;\">Superado el proceso de selecci\u00f3n, los componentes, ingresan en un proceso de producci\u00f3n de alta calidad, cuidando artesanalmente los detalles de terminaci\u00f3n, para que no se da\u00f1e la madera, que lleva un acabado de lustre a la laca de brillo controlado que la protege y embellece.<\/p>\n<!-- AddThis Advanced Settings generic via filter on the_content --><!-- AddThis Share Buttons generic via filter on the_content -->","protected":false},"excerpt":{"rendered":"<p>Las sombrillas cuadradas de madera, situadas como sombrilla cuadrada para la vereda de un bar o como sombrilla cuadrada para el jard\u00edn, por su colorido y la presencia de la madera en su alma, siempre significar\u00e1n un toque de distinci\u00f3n, brindando, adem\u00e1s de su funci\u00f3n protectora un bello paisaje a la vista. Como fabricantes de [&hellip;]<!-- AddThis Advanced Settings generic via filter on get_the_excerpt --><!-- AddThis Share Buttons generic via filter on get_the_excerpt --><\/p>\n","protected":false},"author":1,"featured_media":1206,"comment_status":"open","ping_status":"open","sticky":false,"template":"","format":"standard","meta":[],"categories":[13,115],"tags":[],"yoast_head":"<!-- This site is optimized with the Yoast SEO plugin v17.3 - https:\/\/yoast.com\/wordpress\/plugins\/seo\/ -->\n<title>Sombrillas Cuadradas - El Blog de Muebles de Madera y Jardin .COM<\/title>\n<meta name=\"robots\" content=\"index, follow, max-snippet:-1, max-image-preview:large, max-video-preview:-1\" \/>\n<link rel=\"canonical\" href=\"https:\/\/www.mueblesdemaderayjardin.com\/blog\/sombrillas-cuadradas\/\" \/>\n<meta property=\"og:locale\" content=\"es_ES\" \/>\n<meta property=\"og:type\" content=\"article\" \/>\n<meta property=\"og:title\" content=\"Sombrillas Cuadradas - El Blog de Muebles de Madera y Jardin .COM\" \/>\n<meta property=\"og:description\" content=\"Las sombrillas cuadradas de madera, situadas como sombrilla cuadrada para la vereda de un bar o como sombrilla cuadrada para el jard\u00edn, por su colorido y la presencia de la madera en su alma, siempre significar\u00e1n un toque de distinci\u00f3n, brindando, adem\u00e1s de su funci\u00f3n protectora un bello paisaje a la vista. Como fabricantes de [&hellip;]\" \/>\n<meta property=\"og:url\" content=\"https:\/\/www.mueblesdemaderayjardin.com\/blog\/sombrillas-cuadradas\/\" \/>\n<meta property=\"og:site_name\" content=\"El Blog de Muebles de Madera y Jardin .COM\" \/>\n<meta property=\"article:published_time\" content=\"2013-05-07T14:33:46+00:00\" \/>\n<meta property=\"article:modified_time\" content=\"2013-06-11T18:59:21+00:00\" \/>\n<meta property=\"og:image\" content=\"https:\/\/www.mueblesdemaderayjardin.com\/blog\/wp-content\/uploads\/2013\/05\/Sombrillas_cuadradas.jpg\" \/>\n\t<meta property=\"og:image:width\" content=\"598\" \/>\n\t<meta property=\"og:image:height\" content=\"400\" \/>\n<meta name=\"twitter:label1\" content=\"Escrito por\" \/>\n\t<meta name=\"twitter:data1\" content=\"Muebles de Madera y Jardin\" \/>\n\t<meta name=\"twitter:label2\" content=\"Tiempo de lectura\" \/>\n\t<meta name=\"twitter:data2\" content=\"1 minuto\" \/>\n<script type=\"application\/ld+json\" class=\"yoast-schema-graph\">{\"@context\":\"https:\/\/schema.org\",\"@graph\":[{\"@type\":\"WebSite\",\"@id\":\"https:\/\/www.mueblesdemaderayjardin.com\/blog\/#website\",\"url\":\"https:\/\/www.mueblesdemaderayjardin.com\/blog\/\",\"name\":\"El Blog de Muebles de Madera y Jardin .COM\",\"description\":\"Somos una empresa dedicada a la producci\\u00f3n y comercializaci\\u00f3n de muebles de madera y jard\\u00edn\",\"potentialAction\":[{\"@type\":\"SearchAction\",\"target\":{\"@type\":\"EntryPoint\",\"urlTemplate\":\"https:\/\/www.mueblesdemaderayjardin.com\/blog\/?s={search_term_string}\"},\"query-input\":\"required name=search_term_string\"}],\"inLanguage\":\"es\"},{\"@type\":\"ImageObject\",\"@id\":\"https:\/\/www.mueblesdemaderayjardin.com\/blog\/sombrillas-cuadradas\/#primaryimage\",\"inLanguage\":\"es\",\"url\":\"https:\/\/www.mueblesdemaderayjardin.com\/blog\/wp-content\/uploads\/2013\/05\/Sombrillas_cuadradas.jpg\",\"contentUrl\":\"https:\/\/www.mueblesdemaderayjardin.com\/blog\/wp-content\/uploads\/2013\/05\/Sombrillas_cuadradas.jpg\",\"width\":\"598\",\"height\":\"400\",\"caption\":\"Sombrillas Cuadradas\"},{\"@type\":\"WebPage\",\"@id\":\"https:\/\/www.mueblesdemaderayjardin.com\/blog\/sombrillas-cuadradas\/#webpage\",\"url\":\"https:\/\/www.mueblesdemaderayjardin.com\/blog\/sombrillas-cuadradas\/\",\"name\":\"Sombrillas Cuadradas - El Blog de Muebles de Madera y Jardin .COM\",\"isPartOf\":{\"@id\":\"https:\/\/www.mueblesdemaderayjardin.com\/blog\/#website\"},\"primaryImageOfPage\":{\"@id\":\"https:\/\/www.mueblesdemaderayjardin.com\/blog\/sombrillas-cuadradas\/#primaryimage\"},\"datePublished\":\"2013-05-07T14:33:46+00:00\",\"dateModified\":\"2013-06-11T18:59:21+00:00\",\"author\":{\"@id\":\"https:\/\/www.mueblesdemaderayjardin.com\/blog\/#\/schema\/person\/7042d027aa317c2ac6adeee38f3f8341\"},\"breadcrumb\":{\"@id\":\"https:\/\/www.mueblesdemaderayjardin.com\/blog\/sombrillas-cuadradas\/#breadcrumb\"},\"inLanguage\":\"es\",\"potentialAction\":[{\"@type\":\"ReadAction\",\"target\":[\"https:\/\/www.mueblesdemaderayjardin.com\/blog\/sombrillas-cuadradas\/\"]}]},{\"@type\":\"BreadcrumbList\",\"@id\":\"https:\/\/www.mueblesdemaderayjardin.com\/blog\/sombrillas-cuadradas\/#breadcrumb\",\"itemListElement\":[{\"@type\":\"ListItem\",\"position\":1,\"name\":\"Portada\",\"item\":\"https:\/\/www.mueblesdemaderayjardin.com\/blog\/\"},{\"@type\":\"ListItem\",\"position\":2,\"name\":\"Sombrillas Cuadradas\"}]},{\"@type\":\"Person\",\"@id\":\"https:\/\/www.mueblesdemaderayjardin.com\/blog\/#\/schema\/person\/7042d027aa317c2ac6adeee38f3f8341\",\"name\":\"Muebles de Madera y Jardin\",\"description\":\"Somos una empresa dedicada a la producci\\u00f3n y comercializaci\\u00f3n de muebles de madera maciza. Procesamos generalmente especies nativas del NEA Argentino, poniendo especial foco en el proceso de corte y secado en maderas duras y semiduras. El estacionamiento madurativo antes de la confecci\\u00f3n de los muebles es esencial para que nuestros muebles de jardin, mesas de madera, sillas de madera, bancos de madera, sillones de madera, reposeras de madera, sillas fijas de madera, sillones director de madera, mesas para bar de madera, mesas auxiliares de madera, mesas ratonas de madera, muebles rusticos de madera, y otros muebles de madera maciza puedan tener la confiabilidad de uso que usted esta buscando. Mediante una buena distinci\\u00f3n de las caracter\\u00edsticas de las especies madereras, determinamos la aptitud de las maderas para adaptarse a los diferentes dise\\u00f1os de nuestros muebles fabricados.\",\"sameAs\":[\"https:\/\/www.mueblesdemaderayjardin.com\"],\"url\":\"https:\/\/www.mueblesdemaderayjardin.com\/blog\/author\/admin\/\"}]}<\/script>\n<!-- \/ Yoast SEO plugin. -->","yoast_head_json":{"title":"Sombrillas Cuadradas - El Blog de Muebles de Madera y Jardin .COM","robots":{"index":"index","follow":"follow","max-snippet":"max-snippet:-1","max-image-preview":"max-image-preview:large","max-video-preview":"max-video-preview:-1"},"canonical":"https:\/\/www.mueblesdemaderayjardin.com\/blog\/sombrillas-cuadradas\/","og_locale":"es_ES","og_type":"article","og_title":"Sombrillas Cuadradas - El Blog de Muebles de Madera y Jardin .COM","og_description":"Las sombrillas cuadradas de madera, situadas como sombrilla cuadrada para la vereda de un bar o como sombrilla cuadrada para el jard\u00edn, por su colorido y la presencia de la madera en su alma, siempre significar\u00e1n un toque de distinci\u00f3n, brindando, adem\u00e1s de su funci\u00f3n protectora un bello paisaje a la vista. Como fabricantes de [&hellip;]","og_url":"https:\/\/www.mueblesdemaderayjardin.com\/blog\/sombrillas-cuadradas\/","og_site_name":"El Blog de Muebles de Madera y Jardin .COM","article_published_time":"2013-05-07T14:33:46+00:00","article_modified_time":"2013-06-11T18:59:21+00:00","og_image":[{"width":"598","height":"400","url":"https:\/\/www.mueblesdemaderayjardin.com\/blog\/wp-content\/uploads\/2013\/05\/Sombrillas_cuadradas.jpg","type":"image\/jpeg"}],"twitter_misc":{"Escrito por":"Muebles de Madera y Jardin","Tiempo de lectura":"1 minuto"},"schema":{"@context":"https:\/\/schema.org","@graph":[{"@type":"WebSite","@id":"https:\/\/www.mueblesdemaderayjardin.com\/blog\/#website","url":"https:\/\/www.mueblesdemaderayjardin.com\/blog\/","name":"El Blog de Muebles de Madera y Jardin .COM","description":"Somos una empresa dedicada a la producci\u00f3n y comercializaci\u00f3n de muebles de madera y jard\u00edn","potentialAction":[{"@type":"SearchAction","target":{"@type":"EntryPoint","urlTemplate":"https:\/\/www.mueblesdemaderayjardin.com\/blog\/?s={search_term_string}"},"query-input":"required name=search_term_string"}],"inLanguage":"es"},{"@type":"ImageObject","@id":"https:\/\/www.mueblesdemaderayjardin.com\/blog\/sombrillas-cuadradas\/#primaryimage","inLanguage":"es","url":"https:\/\/www.mueblesdemaderayjardin.com\/blog\/wp-content\/uploads\/2013\/05\/Sombrillas_cuadradas.jpg","contentUrl":"https:\/\/www.mueblesdemaderayjardin.com\/blog\/wp-content\/uploads\/2013\/05\/Sombrillas_cuadradas.jpg","width":"598","height":"400","caption":"Sombrillas Cuadradas"},{"@type":"WebPage","@id":"https:\/\/www.mueblesdemaderayjardin.com\/blog\/sombrillas-cuadradas\/#webpage","url":"https:\/\/www.mueblesdemaderayjardin.com\/blog\/sombrillas-cuadradas\/","name":"Sombrillas Cuadradas - El Blog de Muebles de Madera y Jardin .COM","isPartOf":{"@id":"https:\/\/www.mueblesdemaderayjardin.com\/blog\/#website"},"primaryImageOfPage":{"@id":"https:\/\/www.mueblesdemaderayjardin.com\/blog\/sombrillas-cuadradas\/#primaryimage"},"datePublished":"2013-05-07T14:33:46+00:00","dateModified":"2013-06-11T18:59:21+00:00","author":{"@id":"https:\/\/www.mueblesdemaderayjardin.com\/blog\/#\/schema\/person\/7042d027aa317c2ac6adeee38f3f8341"},"breadcrumb":{"@id":"https:\/\/www.mueblesdemaderayjardin.com\/blog\/sombrillas-cuadradas\/#breadcrumb"},"inLanguage":"es","potentialAction":[{"@type":"ReadAction","target":["https:\/\/www.mueblesdemaderayjardin.com\/blog\/sombrillas-cuadradas\/"]}]},{"@type":"BreadcrumbList","@id":"https:\/\/www.mueblesdemaderayjardin.com\/blog\/sombrillas-cuadradas\/#breadcrumb","itemListElement":[{"@type":"ListItem","position":1,"name":"Portada","item":"https:\/\/www.mueblesdemaderayjardin.com\/blog\/"},{"@type":"ListItem","position":2,"name":"Sombrillas Cuadradas"}]},{"@type":"Person","@id":"https:\/\/www.mueblesdemaderayjardin.com\/blog\/#\/schema\/person\/7042d027aa317c2ac6adeee38f3f8341","name":"Muebles de Madera y Jardin","description":"Somos una empresa dedicada a la producci\u00f3n y comercializaci\u00f3n de muebles de madera maciza. Procesamos generalmente especies nativas del NEA Argentino, poniendo especial foco en el proceso de corte y secado en maderas duras y semiduras. El estacionamiento madurativo antes de la confecci\u00f3n de los muebles es esencial para que nuestros muebles de jardin, mesas de madera, sillas de madera, bancos de madera, sillones de madera, reposeras de madera, sillas fijas de madera, sillones director de madera, mesas para bar de madera, mesas auxiliares de madera, mesas ratonas de madera, muebles rusticos de madera, y otros muebles de madera maciza puedan tener la confiabilidad de uso que usted esta buscando. Mediante una buena distinci\u00f3n de las caracter\u00edsticas de las especies madereras, determinamos la aptitud de las maderas para adaptarse a los diferentes dise\u00f1os de nuestros muebles fabricados.","sameAs":["https:\/\/www.mueblesdemaderayjardin.com"],"url":"https:\/\/www.mueblesdemaderayjardin.com\/blog\/author\/admin\/"}]}},"_links":{"self":[{"href":"https:\/\/www.mueblesdemaderayjardin.com\/blog\/wp-json\/wp\/v2\/posts\/895"}],"collection":[{"href":"https:\/\/www.mueblesdemaderayjardin.com\/blog\/wp-json\/wp\/v2\/posts"}],"about":[{"href":"https:\/\/www.mueblesdemaderayjardin.com\/blog\/wp-json\/wp\/v2\/types\/post"}],"author":[{"embeddable":true,"href":"https:\/\/www.mueblesdemaderayjardin.com\/blog\/wp-json\/wp\/v2\/users\/1"}],"replies":[{"embeddable":true,"href":"https:\/\/www.mueblesdemaderayjardin.com\/blog\/wp-json\/wp\/v2\/comments?post=895"}],"version-history":[{"count":9,"href":"https:\/\/www.mueblesdemaderayjardin.com\/blog\/wp-json\/wp\/v2\/posts\/895\/revisions"}],"predecessor-version":[{"id":976,"href":"https:\/\/www.mueblesdemaderayjardin.com\/blog\/wp-json\/wp\/v2\/posts\/895\/revisions\/976"}],"wp:featuredmedia":[{"embeddable":true,"href":"https:\/\/www.mueblesdemaderayjardin.com\/blog\/wp-json\/wp\/v2\/media\/1206"}],"wp:attachment":[{"href":"https:\/\/www.mueblesdemaderayjardin.com\/blog\/wp-json\/wp\/v2\/media?parent=895"}],"wp:term":[{"taxonomy":"category","embeddable":true,"href":"https:\/\/www.mueblesdemaderayjardin.com\/blog\/wp-json\/wp\/v2\/categories?post=895"},{"taxonomy":"post_tag","embeddable":true,"href":"https:\/\/www.mueblesdemaderayjardin.com\/blog\/wp-json\/wp\/v2\/tags?post=895"}],"curies":[{"name":"wp","href":"https:\/\/api.w.org\/{rel}","templated":true}]}}