{"id":916,"date":"2013-05-07T11:46:09","date_gmt":"2013-05-07T14:46:09","guid":{"rendered":"http:\/\/beta.mueblesdemaderayjardin.com\/blog\/?p=916"},"modified":"2013-06-10T15:33:51","modified_gmt":"2013-06-10T18:33:51","slug":"fabrica-y-venta-de-sombrillas","status":"publish","type":"post","link":"https:\/\/www.mueblesdemaderayjardin.com\/blog\/fabrica-y-venta-de-sombrillas\/","title":{"rendered":"F\u00e1brica y Venta de Sombrillas"},"content":{"rendered":"<p style=\"text-align: justify;\">Somos f\u00e1brica y venta de sombrillas, lo que significa que lo que ofrece nuestro departamento de <a title=\"Venta de Sombrillas\" href=\"https:\/\/www.mueblesdemaderayjardin.com\/sombrillas\/fabrica-venta-sombrillas.html\">venta de sombrillas<\/a> es responsabilidad de nuestra f\u00e1brica de sombrillas y a\u00fan cuando pareciera que todo queda en casa, lo que verdaderamente hay en casa es una gran responsabilidad, por no tener excusas.<\/p>\n<div id=\"imgpopup\" class=\"imgpopup\"><a title=\"Fabrica de Sombrillas\" href=\"https:\/\/www.mueblesdemaderayjardin.com\/images\/stories\/Fabrica_de_Sombrillas.jpg\" rel=\"lightbox[Fabrica_de_Sombrillas]\"><img loading=\"lazy\" class=\"aligncenter\" src=\"https:\/\/www.mueblesdemaderayjardin.com\/images\/stories\/Fabrica_de_Sombrillas.jpg\" alt=\"Fabrica de Sombrillas\" width=\"475\" height=\"318\" \/><br \/>\n<\/a><\/div>\n<p style=\"text-align: justify;\">Por eso, como <a title=\"Fabrica de Sombrillas\" href=\"https:\/\/www.mueblesdemaderayjardin.com\/sombrillas\/fabrica-venta-sombrillas.html\">f\u00e1brica de sombrillas<\/a>, playeras o de cualquier otro tipo, desarrollamos los m\u00e9todos de fabricaci\u00f3n adecuados, para procesar los elementos seleccionados: maderas duras de estructura noble, tratadas con cetol; metales con procesos de acabado superficial (galvanoplastia), adecuados y lonas de algod\u00f3n y fibra de alta calidad, sin da\u00f1arlos, logrando sombrillas de muy buena prestaci\u00f3n, resistentes a los distintos factores clim\u00e1ticos, cumpliendo confortablemente a su funci\u00f3n de proteger a quienes reposen debajo de ellas, brindando, adem\u00e1s, colorido y embelleciendo el paisaje en el que se encuentren y en la funci\u00f3n que se hallen desempe\u00f1ando.<\/p>\n<!-- AddThis Advanced Settings generic via filter on the_content --><!-- AddThis Share Buttons generic via filter on the_content -->","protected":false},"excerpt":{"rendered":"<p>Somos f\u00e1brica y venta de sombrillas, lo que significa que lo que ofrece nuestro departamento de venta de sombrillas es responsabilidad de nuestra f\u00e1brica de sombrillas y a\u00fan cuando pareciera que todo queda en casa, lo que verdaderamente hay en casa es una gran responsabilidad, por no tener excusas. Por eso, como f\u00e1brica de sombrillas, [&hellip;]<!-- AddThis Advanced Settings generic via filter on get_the_excerpt --><!-- AddThis Share Buttons generic via filter on get_the_excerpt --><\/p>\n","protected":false},"author":1,"featured_media":917,"comment_status":"open","ping_status":"open","sticky":false,"template":"","format":"standard","meta":[],"categories":[121,13],"tags":[],"yoast_head":"<!-- This site is optimized with the Yoast SEO plugin v17.3 - https:\/\/yoast.com\/wordpress\/plugins\/seo\/ -->\n<title>F\u00e1brica y Venta de Sombrillas - El Blog de Muebles de Madera y Jardin .COM<\/title>\n<meta name=\"robots\" content=\"index, follow, max-snippet:-1, max-image-preview:large, max-video-preview:-1\" \/>\n<link rel=\"canonical\" href=\"https:\/\/www.mueblesdemaderayjardin.com\/blog\/fabrica-y-venta-de-sombrillas\/\" \/>\n<meta property=\"og:locale\" content=\"es_ES\" \/>\n<meta property=\"og:type\" content=\"article\" \/>\n<meta property=\"og:title\" content=\"F\u00e1brica y Venta de Sombrillas - El Blog de Muebles de Madera y Jardin .COM\" \/>\n<meta property=\"og:description\" content=\"Somos f\u00e1brica y venta de sombrillas, lo que significa que lo que ofrece nuestro departamento de venta de sombrillas es responsabilidad de nuestra f\u00e1brica de sombrillas y a\u00fan cuando pareciera que todo queda en casa, lo que verdaderamente hay en casa es una gran responsabilidad, por no tener excusas. Por eso, como f\u00e1brica de sombrillas, [&hellip;]\" \/>\n<meta property=\"og:url\" content=\"https:\/\/www.mueblesdemaderayjardin.com\/blog\/fabrica-y-venta-de-sombrillas\/\" \/>\n<meta property=\"og:site_name\" content=\"El Blog de Muebles de Madera y Jardin .COM\" \/>\n<meta property=\"article:published_time\" content=\"2013-05-07T14:46:09+00:00\" \/>\n<meta property=\"article:modified_time\" content=\"2013-06-10T18:33:51+00:00\" \/>\n<meta property=\"og:image\" content=\"https:\/\/www.mueblesdemaderayjardin.com\/blog\/wp-content\/uploads\/2013\/05\/Fabrica_de_Sombrillas1.jpg\" \/>\n\t<meta property=\"og:image:width\" content=\"1024\" \/>\n\t<meta property=\"og:image:height\" content=\"685\" \/>\n<meta name=\"twitter:label1\" content=\"Escrito por\" \/>\n\t<meta name=\"twitter:data1\" content=\"Muebles de Madera y Jardin\" \/>\n\t<meta name=\"twitter:label2\" content=\"Tiempo de lectura\" \/>\n\t<meta name=\"twitter:data2\" content=\"1 minuto\" \/>\n<script type=\"application\/ld+json\" class=\"yoast-schema-graph\">{\"@context\":\"https:\/\/schema.org\",\"@graph\":[{\"@type\":\"WebSite\",\"@id\":\"https:\/\/www.mueblesdemaderayjardin.com\/blog\/#website\",\"url\":\"https:\/\/www.mueblesdemaderayjardin.com\/blog\/\",\"name\":\"El Blog de Muebles de Madera y Jardin .COM\",\"description\":\"Somos una empresa dedicada a la producci\\u00f3n y comercializaci\\u00f3n de muebles de madera y jard\\u00edn\",\"potentialAction\":[{\"@type\":\"SearchAction\",\"target\":{\"@type\":\"EntryPoint\",\"urlTemplate\":\"https:\/\/www.mueblesdemaderayjardin.com\/blog\/?s={search_term_string}\"},\"query-input\":\"required name=search_term_string\"}],\"inLanguage\":\"es\"},{\"@type\":\"ImageObject\",\"@id\":\"https:\/\/www.mueblesdemaderayjardin.com\/blog\/fabrica-y-venta-de-sombrillas\/#primaryimage\",\"inLanguage\":\"es\",\"url\":\"https:\/\/www.mueblesdemaderayjardin.com\/blog\/wp-content\/uploads\/2013\/05\/Fabrica_de_Sombrillas1.jpg\",\"contentUrl\":\"https:\/\/www.mueblesdemaderayjardin.com\/blog\/wp-content\/uploads\/2013\/05\/Fabrica_de_Sombrillas1.jpg\",\"width\":\"1024\",\"height\":\"685\",\"caption\":\"Fabrica de Sombrillas\"},{\"@type\":\"WebPage\",\"@id\":\"https:\/\/www.mueblesdemaderayjardin.com\/blog\/fabrica-y-venta-de-sombrillas\/#webpage\",\"url\":\"https:\/\/www.mueblesdemaderayjardin.com\/blog\/fabrica-y-venta-de-sombrillas\/\",\"name\":\"F\\u00e1brica y Venta de Sombrillas - El Blog de Muebles de Madera y Jardin .COM\",\"isPartOf\":{\"@id\":\"https:\/\/www.mueblesdemaderayjardin.com\/blog\/#website\"},\"primaryImageOfPage\":{\"@id\":\"https:\/\/www.mueblesdemaderayjardin.com\/blog\/fabrica-y-venta-de-sombrillas\/#primaryimage\"},\"datePublished\":\"2013-05-07T14:46:09+00:00\",\"dateModified\":\"2013-06-10T18:33:51+00:00\",\"author\":{\"@id\":\"https:\/\/www.mueblesdemaderayjardin.com\/blog\/#\/schema\/person\/7042d027aa317c2ac6adeee38f3f8341\"},\"breadcrumb\":{\"@id\":\"https:\/\/www.mueblesdemaderayjardin.com\/blog\/fabrica-y-venta-de-sombrillas\/#breadcrumb\"},\"inLanguage\":\"es\",\"potentialAction\":[{\"@type\":\"ReadAction\",\"target\":[\"https:\/\/www.mueblesdemaderayjardin.com\/blog\/fabrica-y-venta-de-sombrillas\/\"]}]},{\"@type\":\"BreadcrumbList\",\"@id\":\"https:\/\/www.mueblesdemaderayjardin.com\/blog\/fabrica-y-venta-de-sombrillas\/#breadcrumb\",\"itemListElement\":[{\"@type\":\"ListItem\",\"position\":1,\"name\":\"Portada\",\"item\":\"https:\/\/www.mueblesdemaderayjardin.com\/blog\/\"},{\"@type\":\"ListItem\",\"position\":2,\"name\":\"F\\u00e1brica y Venta de Sombrillas\"}]},{\"@type\":\"Person\",\"@id\":\"https:\/\/www.mueblesdemaderayjardin.com\/blog\/#\/schema\/person\/7042d027aa317c2ac6adeee38f3f8341\",\"name\":\"Muebles de Madera y Jardin\",\"description\":\"Somos una empresa dedicada a la producci\\u00f3n y comercializaci\\u00f3n de muebles de madera maciza. Procesamos generalmente especies nativas del NEA Argentino, poniendo especial foco en el proceso de corte y secado en maderas duras y semiduras. El estacionamiento madurativo antes de la confecci\\u00f3n de los muebles es esencial para que nuestros muebles de jardin, mesas de madera, sillas de madera, bancos de madera, sillones de madera, reposeras de madera, sillas fijas de madera, sillones director de madera, mesas para bar de madera, mesas auxiliares de madera, mesas ratonas de madera, muebles rusticos de madera, y otros muebles de madera maciza puedan tener la confiabilidad de uso que usted esta buscando. Mediante una buena distinci\\u00f3n de las caracter\\u00edsticas de las especies madereras, determinamos la aptitud de las maderas para adaptarse a los diferentes dise\\u00f1os de nuestros muebles fabricados.\",\"sameAs\":[\"https:\/\/www.mueblesdemaderayjardin.com\"],\"url\":\"https:\/\/www.mueblesdemaderayjardin.com\/blog\/author\/admin\/\"}]}<\/script>\n<!-- \/ Yoast SEO plugin. -->","yoast_head_json":{"title":"F\u00e1brica y Venta de Sombrillas - El Blog de Muebles de Madera y Jardin .COM","robots":{"index":"index","follow":"follow","max-snippet":"max-snippet:-1","max-image-preview":"max-image-preview:large","max-video-preview":"max-video-preview:-1"},"canonical":"https:\/\/www.mueblesdemaderayjardin.com\/blog\/fabrica-y-venta-de-sombrillas\/","og_locale":"es_ES","og_type":"article","og_title":"F\u00e1brica y Venta de Sombrillas - El Blog de Muebles de Madera y Jardin .COM","og_description":"Somos f\u00e1brica y venta de sombrillas, lo que significa que lo que ofrece nuestro departamento de venta de sombrillas es responsabilidad de nuestra f\u00e1brica de sombrillas y a\u00fan cuando pareciera que todo queda en casa, lo que verdaderamente hay en casa es una gran responsabilidad, por no tener excusas. Por eso, como f\u00e1brica de sombrillas, [&hellip;]","og_url":"https:\/\/www.mueblesdemaderayjardin.com\/blog\/fabrica-y-venta-de-sombrillas\/","og_site_name":"El Blog de Muebles de Madera y Jardin .COM","article_published_time":"2013-05-07T14:46:09+00:00","article_modified_time":"2013-06-10T18:33:51+00:00","og_image":[{"width":"1024","height":"685","url":"https:\/\/www.mueblesdemaderayjardin.com\/blog\/wp-content\/uploads\/2013\/05\/Fabrica_de_Sombrillas1.jpg","type":"image\/jpeg"}],"twitter_misc":{"Escrito por":"Muebles de Madera y Jardin","Tiempo de lectura":"1 minuto"},"schema":{"@context":"https:\/\/schema.org","@graph":[{"@type":"WebSite","@id":"https:\/\/www.mueblesdemaderayjardin.com\/blog\/#website","url":"https:\/\/www.mueblesdemaderayjardin.com\/blog\/","name":"El Blog de Muebles de Madera y Jardin .COM","description":"Somos una empresa dedicada a la producci\u00f3n y comercializaci\u00f3n de muebles de madera y jard\u00edn","potentialAction":[{"@type":"SearchAction","target":{"@type":"EntryPoint","urlTemplate":"https:\/\/www.mueblesdemaderayjardin.com\/blog\/?s={search_term_string}"},"query-input":"required name=search_term_string"}],"inLanguage":"es"},{"@type":"ImageObject","@id":"https:\/\/www.mueblesdemaderayjardin.com\/blog\/fabrica-y-venta-de-sombrillas\/#primaryimage","inLanguage":"es","url":"https:\/\/www.mueblesdemaderayjardin.com\/blog\/wp-content\/uploads\/2013\/05\/Fabrica_de_Sombrillas1.jpg","contentUrl":"https:\/\/www.mueblesdemaderayjardin.com\/blog\/wp-content\/uploads\/2013\/05\/Fabrica_de_Sombrillas1.jpg","width":"1024","height":"685","caption":"Fabrica de Sombrillas"},{"@type":"WebPage","@id":"https:\/\/www.mueblesdemaderayjardin.com\/blog\/fabrica-y-venta-de-sombrillas\/#webpage","url":"https:\/\/www.mueblesdemaderayjardin.com\/blog\/fabrica-y-venta-de-sombrillas\/","name":"F\u00e1brica y Venta de Sombrillas - El Blog de Muebles de Madera y Jardin .COM","isPartOf":{"@id":"https:\/\/www.mueblesdemaderayjardin.com\/blog\/#website"},"primaryImageOfPage":{"@id":"https:\/\/www.mueblesdemaderayjardin.com\/blog\/fabrica-y-venta-de-sombrillas\/#primaryimage"},"datePublished":"2013-05-07T14:46:09+00:00","dateModified":"2013-06-10T18:33:51+00:00","author":{"@id":"https:\/\/www.mueblesdemaderayjardin.com\/blog\/#\/schema\/person\/7042d027aa317c2ac6adeee38f3f8341"},"breadcrumb":{"@id":"https:\/\/www.mueblesdemaderayjardin.com\/blog\/fabrica-y-venta-de-sombrillas\/#breadcrumb"},"inLanguage":"es","potentialAction":[{"@type":"ReadAction","target":["https:\/\/www.mueblesdemaderayjardin.com\/blog\/fabrica-y-venta-de-sombrillas\/"]}]},{"@type":"BreadcrumbList","@id":"https:\/\/www.mueblesdemaderayjardin.com\/blog\/fabrica-y-venta-de-sombrillas\/#breadcrumb","itemListElement":[{"@type":"ListItem","position":1,"name":"Portada","item":"https:\/\/www.mueblesdemaderayjardin.com\/blog\/"},{"@type":"ListItem","position":2,"name":"F\u00e1brica y Venta de Sombrillas"}]},{"@type":"Person","@id":"https:\/\/www.mueblesdemaderayjardin.com\/blog\/#\/schema\/person\/7042d027aa317c2ac6adeee38f3f8341","name":"Muebles de Madera y Jardin","description":"Somos una empresa dedicada a la producci\u00f3n y comercializaci\u00f3n de muebles de madera maciza. Procesamos generalmente especies nativas del NEA Argentino, poniendo especial foco en el proceso de corte y secado en maderas duras y semiduras. El estacionamiento madurativo antes de la confecci\u00f3n de los muebles es esencial para que nuestros muebles de jardin, mesas de madera, sillas de madera, bancos de madera, sillones de madera, reposeras de madera, sillas fijas de madera, sillones director de madera, mesas para bar de madera, mesas auxiliares de madera, mesas ratonas de madera, muebles rusticos de madera, y otros muebles de madera maciza puedan tener la confiabilidad de uso que usted esta buscando. Mediante una buena distinci\u00f3n de las caracter\u00edsticas de las especies madereras, determinamos la aptitud de las maderas para adaptarse a los diferentes dise\u00f1os de nuestros muebles fabricados.","sameAs":["https:\/\/www.mueblesdemaderayjardin.com"],"url":"https:\/\/www.mueblesdemaderayjardin.com\/blog\/author\/admin\/"}]}},"_links":{"self":[{"href":"https:\/\/www.mueblesdemaderayjardin.com\/blog\/wp-json\/wp\/v2\/posts\/916"}],"collection":[{"href":"https:\/\/www.mueblesdemaderayjardin.com\/blog\/wp-json\/wp\/v2\/posts"}],"about":[{"href":"https:\/\/www.mueblesdemaderayjardin.com\/blog\/wp-json\/wp\/v2\/types\/post"}],"author":[{"embeddable":true,"href":"https:\/\/www.mueblesdemaderayjardin.com\/blog\/wp-json\/wp\/v2\/users\/1"}],"replies":[{"embeddable":true,"href":"https:\/\/www.mueblesdemaderayjardin.com\/blog\/wp-json\/wp\/v2\/comments?post=916"}],"version-history":[{"count":4,"href":"https:\/\/www.mueblesdemaderayjardin.com\/blog\/wp-json\/wp\/v2\/posts\/916\/revisions"}],"predecessor-version":[{"id":997,"href":"https:\/\/www.mueblesdemaderayjardin.com\/blog\/wp-json\/wp\/v2\/posts\/916\/revisions\/997"}],"wp:featuredmedia":[{"embeddable":true,"href":"https:\/\/www.mueblesdemaderayjardin.com\/blog\/wp-json\/wp\/v2\/media\/917"}],"wp:attachment":[{"href":"https:\/\/www.mueblesdemaderayjardin.com\/blog\/wp-json\/wp\/v2\/media?parent=916"}],"wp:term":[{"taxonomy":"category","embeddable":true,"href":"https:\/\/www.mueblesdemaderayjardin.com\/blog\/wp-json\/wp\/v2\/categories?post=916"},{"taxonomy":"post_tag","embeddable":true,"href":"https:\/\/www.mueblesdemaderayjardin.com\/blog\/wp-json\/wp\/v2\/tags?post=916"}],"curies":[{"name":"wp","href":"https:\/\/api.w.org\/{rel}","templated":true}]}}